{"id":6903,"date":"2026-09-02T04:22:01","date_gmt":"2026-09-02T07:22:01","guid":{"rendered":"https:\/\/jornalfax.net\/?p=6903"},"modified":"2026-09-02T04:22:02","modified_gmt":"2026-09-02T07:22:02","slug":"presidente-joao-lourenco-promove-mudancas-nas-chefias-das-faa-e-da-policia-nacional","status":"publish","type":"post","link":"https:\/\/jornalfax.net\/index.php\/2026\/09\/02\/presidente-joao-lourenco-promove-mudancas-nas-chefias-das-faa-e-da-policia-nacional\/","title":{"rendered":"PRESIDENTE JO\u00c3O LOUREN\u00c7O PROMOVE MUDAN\u00c7AS NAS CHEFIAS DAS FAA E DA POL\u00cdCIA NACIONAL"},"content":{"rendered":"\n<p>O Presidente da Rep\u00fablica, Jo\u00e3o Louren\u00e7o, efectuou, esta ter\u00e7a-feira, altera\u00e7\u00f5es nas estruturas superiores de comando das For\u00e7as Armadas Angolanas (FAA) e da Pol\u00edcia Nacional, atrav\u00e9s de decretos presidenciais na qualidade de Comandante-em-Chefe.<\/p>\n\n\n\n<p>Eis os decretos<\/p>\n\n\n\n<p>O Presidente da Rep\u00fablica decreta, nos termos da al\u00ednea d) do artigo 122.\u00ba e do n\u00ba 4 do artigo 125.\u00ba, ambos da Constitui\u00e7\u00e3o da Rep\u00fablica de Angola, conjugados com a al\u00ednea c) do n.\u00ba 2 do artigo 9.\u00ba da Lei n.\u00ba 2\/93, de 26 de Mar\u00e7o- Lei de Defesa Nacional e das For\u00e7as Armadas, ouvido o Conselho de Seguran\u00e7a Nacional, o seguinte:<\/p>\n\n\n\n<p>S\u00e3o exonerados os Oficiais Generais e Almirantes abaixo designados:<\/p>\n\n\n\n<p>1. Tenente-General (NIP 30090092) &#8211; Ant\u00f3nio Lamas Benedito Xavier, do cargo de Chefe da Direc\u00e7\u00e3o de Intelig\u00eancia Militar Estrat\u00e9gica do Servi\u00e7o de Intelig\u00eancia e Seguran\u00e7a Militar, para o qual havia sido nomeado pelo Decreto Presidencial n.\u00ba 17\/2024, de 05 de Janeiro;<\/p>\n\n\n\n<p>2. Tenente-General (NIP 10584292) &#8211; Carlos Miguel de Sousa Filipe, do cargo de Director Geral do Instituto Superior Universit\u00e1rio de Defesa, para o qual havia sido nomeado pelo Decreto Presidencial n.\u00ba 17\/2024, de 05 de Janeiro;<\/p>\n\n\n\n<p>3. Brigadeiro (NIP 42611693) &#8211; Francisco Cipriano Contreira Ramos da Cruz, do cargo de Chefe da Direc\u00e7\u00e3o de Organiza\u00e7\u00e3o e Informa\u00e7\u00e3o da Direc\u00e7\u00e3o Principal de Contra Intelig\u00eancia Militar Estado-Maior General das For\u00e7as Armadas Angolanas, para o qual havia sido nomeado pelo Decreto Presidencial n.\u00ba 193\/2024, de 27 de Agosto;<\/p>\n\n\n\n<p>4. Brigadeiro (NIP 44758393) &#8211; Alberto da Silva Jo\u00e3o, do cargo de Comandante da Brigada de For\u00e7as Especiais do Estado-Maior General, para o qual havia sido nomeado pelo Decreto Presidencial n.\u00ba 191\/2024, de 27 de Agosto;<\/p>\n\n\n\n<p>5. Brigadeiro (NIP 50801195) &#8211; Alfredo Sacala, do cargo de Comandante da 51\u00aa Brigada de Infantaria Ligeira da 5\u00aa Divis\u00e3o de Infantaria da Regi\u00e3o Militar Sul, para o qual havia sido nomeado pelo Decreto Presidencial n.\u00ba 221\/2011, de 09 de Agosto;<\/p>\n\n\n\n<p>6. Brigadeiro (NIP 49906893) &#8211; C\u00e2ndido Ventura Samuacuanha, do cargo de Conselheiro do Comandante do Ex\u00e9rcito, para o qual havia sido nomeado pelo Decreto Presidencial n.\u00ba 223\/2025, de 13 de Novembro;<\/p>\n\n\n\n<p>7. Brigadeiro (NIP 43443793) &#8211; Carlos Ant\u00f3nio Cristina Joaquim, do cargo de Comandante da 73\u00aa Brigada de Infantaria Motorizada da Regi\u00e3o Militar Centro, para o qual havia sido nomeado pelo Decreto Presidencial n.\u00ba 191\/2024, de 27 de Agosto;<\/p>\n\n\n\n<p>8. Brigadeiro (NIP 42471193) &#8211; C\u00e9sar Domingos Tito Jo\u00e3o, do cargo de Chefe da Direc\u00e7\u00e3o de Log\u00edstica do Ex\u00e9rcito, para o qual havia sido nomeado pelo Decreto Presidencial n.\u00ba 205\/2023, de 19 de Outubro;<\/p>\n\n\n\n<p>9. Brigadeiro (NIP 45526093) &#8211; Correia Muinga Gola, do cargo de Director do Gabinete do Comandante do Ex\u00e9rcito, para o qual havia sido nomeado pelo Decreto Presidencial n.\u00ba 201\/2020, de 30 de Julho;<\/p>\n\n\n\n<p>10. Brigadeiro (NIP 46525793) &#8211; Damiano Luvando, do cargo de Chefe da Direc\u00e7\u00e3o de Armamento e T\u00e9cnica do Ex\u00e9rcito para o qual havia sido nomeado pelo Decreto Presidencial n.\u00ba 191\/2024, de 27 de Agosto;<\/p>\n\n\n\n<p>11. Brigadeiro (NIP 48011393) &#8211; Fernando Martins, do cargo de Comandante da 50\u00aa Brigada de Infantaria da Regi\u00e3o Militar Sudeste, para o qual havia sido nomeado pelo Decreto Presidencial n.\u00ba 59\/2023, de 16 de Fevereiro;<\/p>\n\n\n\n<p>12. Brigadeiro (NIP 43487393) &#8211; Francisco Artur Jo\u00e3o Manuel, do cargo de Director do Gabinete Jur\u00eddico do Estado-Maior General das For\u00e7as Armadas Angolana, para o qual havia sido nomeado pelo Decreto Presidencial n.\u00ba 201\/2020, de 30 de Julho;<\/p>\n\n\n\n<p>13. Brigadeiro (NIP 10322492) &#8211; Henrique Pereira, do cargo de Chefe Adjunto da Direc\u00e7\u00e3o de Intelig\u00eancia Militar Operativa da For\u00e7a A\u00e9rea Nacional, para o qual havia sido nomeado pelo Decreto Presidencial n.\u00ba 109\/2014, 07 de Maio;<\/p>\n\n\n\n<p>14. Brigadeiro (NIP 40483893) &#8211; Jo\u00e3o Abra\u00e3o da Concei\u00e7\u00e3o Afonso, do cargo de M\u00e9dico em Servi\u00e7o na Casa Militar do Presidente da Rep\u00fablica;<\/p>\n\n\n\n<p>15. Brigadeiro (NIP 47095493) &#8211; Jo\u00e3o Benjamim Lopes, do cargo de Chefe da Direc\u00e7\u00e3o de Pesquisa e Ensino da Direc\u00e7\u00e3o Principal de Prepara\u00e7\u00e3o de Tropas e Ensino do Estado-Maior General das For\u00e7as Armadas Angolanas, para o qual havia sido nomeado pelo Decreto Presidencial n.\u00ba 59\/2023, de 16 de Fevereiro;<\/p>\n\n\n\n<p>16. Brigadeiro (NIP 47810694) &#8211; Joaquim Chipalanga, do cargo de Comandante Adjunto para Educa\u00e7\u00e3o patri\u00f3tica da Regi\u00e3o Militar M\u00e9dio Cuanza, para o qual havia sido nomeado pelo Decreto Presidencial n.\u00ba 102\/2025, de 12 de Maio;<\/p>\n\n\n\n<p>17. Brigadeiro (NIP 40859793) &#8211; Joaquim Francisco da Costa, do cargo de Comandante do Centro de Telecomunica\u00e7\u00f5es Permanente do Estado-Maior General das For\u00e7as Armadas Angolanas, para o qual havia sido nomeado pelo Decreto Presidencial n.\u00ba 153\/2015, de 19 de Maio;<\/p>\n\n\n\n<p>18. Brigadeiro (NIP 42115693) &#8211; Jorge Manuel Ad\u00e3o, do cargo de Chefe Adjunto da Direc\u00e7\u00e3o Principal de Log\u00edstica do Estado-Maior General das For\u00e7as Armadas Angolanas, para o qual havia sido nomeado pelo Decreto Presidencial N\u00ba 29\/2021, de 26 de Janeiro;<\/p>\n\n\n\n<p>19. Brigadeiro (NIP 10321192) &#8211; Jorge Napole\u00e3o, do cargo de Director Adjunto para Educa\u00e7\u00e3o Patri\u00f3tica do Instituto Superior T\u00e9cnico Militar do Estado-Maior General das For\u00e7as Armadas Angolanas, para o qual havia sido nomeado pelo Decreto Presidencial n.\u00ba 102\/2025, 12 de Maio.<\/p>\n\n\n\n<p>20. Brigadeiro (NIP 40483893) &#8211; Jos\u00e9 da Costa e Cunha, do cargo de Chefe da Direc\u00e7\u00e3o de Programa\u00e7\u00e3o Militar da Direc\u00e7\u00e3o Principal de Planeamento e Organiza\u00e7\u00e3o do Estado-Maior General das For\u00e7as Armadas Angolanas, para o qual havia sido nomeado pelo Decreto Presidencial N\u00ba102\/2025, de 12 de Maio;<\/p>\n\n\n\n<p>21. Brigadeiro (NIP 10325192) &#8211; Jos\u00e9 de Morais Canamua, do cargo de Chefe da Direc\u00e7\u00e3o de Educa\u00e7\u00e3o Patri\u00f3tica da For\u00e7a A\u00e9rea Nacional, para o qual havia sido nomeado pelo Decreto Presidencial n.\u00ba 102\/2025 de 12 de Maio;<\/p>\n\n\n\n<p>22. Brigadeiro (NIP 43460393) &#8211; J\u00falio Afonso, do cargo de Chefe do Estado- Maior da Regi\u00e3o Militar M\u00e9dio Cuanza, para o qual havia sido nomeado pelo Decreto Presidencial n.\u00ba 284\/2024, de 10 de Dezembro;<\/p>\n\n\n\n<p>23. Brigadeiro (NIP 40146493) &#8211; Lucas Valm\u00e1rio Fran\u00e7a, do cargo de Comandante da 30\u00aa Brigada de Infantaria Motorizada da Regi\u00e3o Militar Leste, para o qual havia sido nomeado pelo Decreto Presidencial n.\u00ba 205\/2023, de 19 de Outubro;<\/p>\n\n\n\n<p>24. Brigadeiro (NIP 40216692) &#8211; L\u00facio Francisco de Assis, do cargo de Inspector Chefe do Supremo Tribunal Militar das For\u00e7as Armadas Angolanas, para o qual havia sido nomeado pelo Decreto Presidencial n.\u00ba 79\/2020, de 20 de Mar\u00e7o;<\/p>\n\n\n\n<p>25. Brigadeiro (NIP 46526193) &#8211; Manuel Ant\u00f3nio, do cargo de Juiz Presidente do Tribunal Militar da Regi\u00e3o Militar Luanda do Estado-Maior General das For\u00e7as Armadas Angolanas, para o qual havia sido nomeado pelo Decreto Presidencial n.\u00ba 126\/2018, de 04 de Maio;<\/p>\n\n\n\n<p>26. Brigadeiro (NIP 10385093) &#8211; Manuel Sebasti\u00e3o Narciso, do cargo de Chefe Adjunto da Direc\u00e7\u00e3o de Planeamento e Organiza\u00e7\u00e3o da For\u00e7a A\u00e9rea Nacional, para o qual havia sido nomeado pelo Decreto Presidencial n.\u00ba109\/2014, de 21 de Maio;<\/p>\n\n\n\n<p>27. Brigadeiro (NIP 40345592) &#8211; No\u00e9 Chuculia, do cargo de Comandante da Brigada de Engenharia de Constru\u00e7\u00e3o do Ex\u00e9rcito, para o qual havia sido nomeado pelo Decreto Presidencial n.\u00ba 191\/2024, 27 de Agosto;<\/p>\n\n\n\n<p>28. Contra-Almirante (NIP 40132695) &#8211; Jos\u00e9 da Cruz, do cargo de Procurador Militar da Regi\u00e3o Militar Luanda, para o qual havia sido nomeado pelo Decreto Presidencial n.\u00ba 102\/2025 de 12 de Maio;<\/p>\n\n\n\n<p>29. Contra-Almirante (NIP 40362192) &#8211; Manuel Dias Lisboa, do cargo de Chefe Adjunto da Direc\u00e7\u00e3o dos Servi\u00e7os de Sa\u00fade para os Cuidados M\u00e9dicos e Hospitalares do Estado-Maior General das For\u00e7as Armadas Angolanas, para o qual havia sido nomeado pelo Decreto Presidencial n.\u00ba 191\/2024, 27 de Agosto.<\/p>\n\n\n\n<p>PUBLIQUE-SE.<\/p>\n\n\n\n<p>O PRESIDENTE DA REP\u00daBLICA<\/p>\n\n\n\n<p>JO\u00c3O MANUEL GON\u00c7ALVES LOUREN\u00c7O<\/p>\n\n\n\n<p>\u25aa\ufe0f<\/p>\n\n\n\n<p>O Presidente da Rep\u00fablica decreta, nos termos da al\u00ednea i) do artigo 119.\u00ba e do n.\u00ba 4 do artigo 125.\u00ba, ambos da Constitui\u00e7\u00e3o da Rep\u00fablica de Angola, conjugados com a al\u00ednea c) do n.\u00ba 2 do artigo 9.\u00ba da Lei n.\u00ba 2\/93, de 26 de Mar\u00e7o &#8211; Lei de Defesa Nacional e das For\u00e7as Armadas Angolanas, ouvido o Conselho de Seguran\u00e7a Nacional, o seguinte:<\/p>\n\n\n\n<p>\u00c9 exonerado o Tenente-General (NIP 40521693) &#8211; Ivo Manuel Mendes Jardim, do cargo de Procurador Militar-Adjunto das For\u00e7as Armadas Angolanas, para o qual havia sido nomeado pelo Decreto Presidencial n.\u00ba 191\/24, de 27 de Agosto.<\/p>\n\n\n\n<p>PUBLIQUE-SE.<\/p>\n\n\n\n<p>O PRESIDENTE DA REP\u00daBLICA<\/p>\n\n\n\n<p>JO\u00c3O MANUEL GON\u00c7ALVES LOUREN\u00c7O<\/p>\n\n\n\n<p>\u25aa\ufe0f<\/p>\n\n\n\n<p>O Presidente da Rep\u00fablica decreta, nos termos da al\u00ednea i) do artigo 119.\u00ba e do n.\u00ba 4 do artigo 125.\u00ba, ambos da Constitui\u00e7\u00e3o da Rep\u00fablica de Angola, conjugados com a al\u00ednea c) do n.\u00ba 2 do artigo 9.\u00ba da Lei n.\u00ba 2\/93, de 26 de Mar\u00e7o &#8211; Lei de Defesa Nacional e das For\u00e7as Armadas Angolanas, bem como o artigo 92.\u00ba da Lei n.\u00ba 22\/12, de 14 de Agosto &#8211; Lei Org\u00e2nica da Procuradoria-Geral da Rep\u00fablica e do Minist\u00e9rio P\u00fablico, ouvido o Conselho de Seguran\u00e7a Nacional, o seguinte:<\/p>\n\n\n\n<p>S\u00e3o exonerados os Oficiais Generais abaixo designados:<\/p>\n\n\n\n<p>1. Brigadeiro (NIP 41629893) &#8211; Dirceu A\u00e9rcio Moreira Gaspar, do cargo de Procurador Militar Junto da Pol\u00edcia Nacional, \u00d3rg\u00e3os de Seguran\u00e7a e Ordem Interna, para o qual havia sido nomeado pelo Decreto Presidencial n.\u00ba 126\/18, de 4 de Abril;<\/p>\n\n\n\n<p>2. Brigadeiro (NIP 48912994) &#8211; Abdenego Jo\u00e3o Muanha, do cargo de Procurador Militar junto da Marinha de Guerra Angolana, para o qual havia sido nomeado pelo Decreto Presidencial n.\u00ba 223\/25, de 13 de Novembro.<\/p>\n\n\n\n<p>PUBLIQUE-SE.<\/p>\n\n\n\n<p>O PRESIDENTE DA REP\u00daBLICA<\/p>\n\n\n\n<p>JO\u00c3O MANUEL GON\u00c7ALVES LOUREN\u00c7O<\/p>\n\n\n\n<p>\u25aa\ufe0f<\/p>\n\n\n\n<p>O Presidente da Rep\u00fablica decreta, nos termos da al\u00ednea g) do artigo 122.\u00ba e do n.\u00ba 4 do artigo 125.\u00ba, ambos da Constitui\u00e7\u00e3o da Rep\u00fablica de Angola, conjugados com as al\u00edneas b), c) e d) do ponto A do n.\u00ba 1 do artigo 3.\u00ba e do n.\u00ba 2 do artigo 4.\u00ba da Lei n.\u00ba 9\/08, de 2 de Setembro- Lei dos Postos e Distintivos da Pol\u00edcia Nacional, com a redac\u00e7\u00e3o dada pela Lei n.\u00ba 10\/22, de 3 de Maio, ouvido o Conselho de Seguran\u00e7a Nacional, o seguinte:<\/p>\n\n\n\n<p>S\u00e3o exonerados os Oficiais Comiss\u00e1rios da Pol\u00edcia Nacional de Angola abaixo designados:<\/p>\n\n\n\n<p>1. Comiss\u00e1rio-Chefe Inoc\u00eancio Felizardo da Cruz Morais de Brito, do cargo de Inspector da Pol\u00edcia Nacional de Angola, para o qual havia sido nomeado atrav\u00e9s do Decreto Presidencial n.\u00ba 265\/22, de 10 de Novembro;<\/p>\n\n\n\n<p>2. Comiss\u00e1rio- Waldemar Paulo da Silva Jos\u00e9, do cargo de Conselheiro do Ministro do Interior, para o qual havia sido nomeado atrav\u00e9s do Decreto Presidencial n.\u00ba 33\/22, de 2 de Fevereiro;<\/p>\n\n\n\n<p>3. Comiss\u00e1rio Jos\u00e9 Ant\u00f3nio Gaspar, do cargo de Delegado do Interior e Comandante Provincial do Zaire da Pol\u00edcia Nacional de Angola, para o qual havia sido nomeado atrav\u00e9s do Decreto Presidencial n.\u00ba 276\/24, de 5 de Dezembro<\/p>\n\n\n\n<p>4. Comiss\u00e1rio Jo\u00e3o Cariqui, do cargo de Delegado do Interior e Comandante Provincial de Malanje da Pol\u00edcia Nacional de Angola, para o qual havia sido nomeado atrav\u00e9s do Decreto Presidencial n.\u00ba 265\/22, de 10 de Novembro;<\/p>\n\n\n\n<p>5. Comiss\u00e1rio Ant\u00f3nio da Concei\u00e7\u00e3o Ars\u00e9nio de Ros\u00e1rio Neto, do cargo de Delegado do Interior e Comandante Provincial do Bi\u00e9 da Pol\u00edcia Nacional de Angola, para o qual havia sido nomeado atrav\u00e9s do Decreto Presidencial n.\u00ba 110\/25, de 13 de Maio;<\/p>\n\n\n\n<p>6. Comiss\u00e1rio Alberto da Silva Mutunda Paulo, do cargo de Delegado do Interior e Comandante Provincial do Cunene da Pol\u00edcia Nacional de Angola, para o qual havia sido nomeado atrav\u00e9s do Decreto Presidencial n.\u00ba 103\/24, de 26 de Abril;<\/p>\n\n\n\n<p>7. Comiss\u00e1rio Jos\u00e9 Alberto Chinhama, do cargo de Delegado do Interior e Comandante Provincial do Cubango da Pol\u00edcia Nacional de Angola, para o qual havia sido nomeado atrav\u00e9s do Decreto Presidencial n.\u00ba 110\/25, de 13 de Maio;<\/p>\n\n\n\n<p>8. Comiss\u00e1rio Jos\u00e9 Estev\u00e3o Quende Mingas, do cargo de 2.\u00ba Comandante da Pol\u00edcia de Guarda Fronteira da Pol\u00edcia Nacional de Angola, para o qual havia sido nomeado atrav\u00e9s do Decreto Presidencial n.\u00ba 19\/24, de 5 de Janeiro;<\/p>\n\n\n\n<p>9. Subcomiss\u00e1rio Am\u00e1vel Marcos Alicerces, do cargo de Director Adjunto da Escola Pr\u00e1tica da Pol\u00edcia Nacional de Angola, para o qual havia sido nomeado atrav\u00e9s do Decreto Presidencial n.\u00ba 57\/20, de 28 de Fevereiro;<\/p>\n\n\n\n<p>10. Subcomiss\u00e1rio Fernando Walter, do cargo de 2.\u00ba Comandante Provincial do Cuanza Sul da Pol\u00edcia Nacional de Angola, para o qual havia sido nomeado atrav\u00e9s do Decreto Presidencial n.\u00ba 65\/20, de 6 de Mar\u00e7o;<\/p>\n\n\n\n<p>11. Subcomiss\u00e1rio Fernando Feliciano Ant\u00f3nio, do cargo de 2.\u00ba Comandante Provincial do Namibe da Pol\u00edcia Nacional de Angola, para o qual havia sido nomeado atrav\u00e9s do Decreto Presidencial n.\u00ba 198\/17, de 31 de Agosto;<\/p>\n\n\n\n<p>12. Subcomiss\u00e1rio Clementino Epandy Culembe Catimba, do cargo de 2.\u00ba Comandante Provincial do Bi\u00e9 da Pol\u00edcia Nacional de Angola;<\/p>\n\n\n\n<p>13. Subcomiss\u00e1rio Floren\u00e7o Ningui, do cargo de 2.\u00ba Comandante Provincial do Zaire da Pol\u00edcia Nacional de Angola;<\/p>\n\n\n\n<p>14. Subcomiss\u00e1rio Gabriel Jorge dos Santos Capusso, do cargo de Coordenador das For\u00e7as e Servi\u00e7os do Minist\u00e9rio do Interior e Comandante da Unidade Aeroportu\u00e1ria do Aeroporto 4 de Fevereiro da Pol\u00edcia Nacional de Angola, para o qual havia sido nomeado atrav\u00e9s do Decreto Presidencial n.\u00ba 110\/25, de 13 de Maio.<\/p>\n\n\n\n<p>PUBLIQUE &#8211; SE<\/p>\n\n\n\n<p>O PRESIDENTE DA REP\u00daBLICA<\/p>\n\n\n\n<p>JO\u00c3O MANUEL GON\u00c7ALVES LOUREN\u00c7O<\/p>\n\n\n\n<p>\u25aa\ufe0f<\/p>\n\n\n\n<p>O Presidente da Rep\u00fablica decreta, nos termos da al\u00ednea g) do artigo 122.\u00ba e do n.\u00ba 4 do artigo 125.\u00ba, ambos da Constitui\u00e7\u00e3o da Rep\u00fablica de Angola, ouvido o Conselho de Seguran\u00e7a Nacional, o seguinte:<\/p>\n\n\n\n<p>\u00c9 exonerado o Comiss\u00e1rio de Investiga\u00e7\u00e3o Criminal \u2013 Armando Joaquim Vieira, do cargo de Conselheiro Principal do Director Geral do Servi\u00e7o de Investiga\u00e7\u00e3o Criminal do Minist\u00e9rio do Interior, para o qual havia sido nomeado atrav\u00e9s do Decreto Presidencial n.\u00ba 32\/2023, de 27 de Janeiro.<\/p>\n\n\n\n<p>PUBLIQUE &#8211; SE<\/p>\n\n\n\n<p>O PRESIDENTE DA REP\u00daBLICA<\/p>\n\n\n\n<p>JO\u00c3O MANUEL GON\u00c7ALVES LOUREN\u00c7O<\/p>\n\n\n\n<p>O Presidente da Rep\u00fablica decreta, nos termos da al\u00ednea i) do artigo 119.\u00ba e do n.\u00ba 4 do artigo 125.\u00ba, ambos da Constitui\u00e7\u00e3o da Rep\u00fablica de Angola, conjugados com a al\u00ednea c) do n.\u00ba 2 do artigo 9.\u00ba da Lei n.\u00ba 2\/93, de 26 de Mar\u00e7o &#8211; Lei de Defesa Nacional e das For\u00e7as Armadas Angolanas, e com os artigos 11.\u00ba e 14.\u00ba da Lei n.\u00ba 22\/12, de 14 de Agosto &#8211; Lei Org\u00e2nica da Procuradoria-Geral da Rep\u00fablica e do Minist\u00e9rio P\u00fablico, ouvido o Conselho de Seguran\u00e7a Nacional, o seguinte:<\/p>\n\n\n\n<p>S\u00e3o nomeados os Oficiais Generais e Almirantes abaixo designados:<\/p>\n\n\n\n<p>1. General (NIP 40521693) &#8211; Ivo Manuel Mendes Jardim, para o cargo de Vice-Procurador Geral da Rep\u00fablica e Procurador Militar das For\u00e7as Armadas Angolanas;<\/p>\n\n\n\n<p>2. Tenente-General (NIP 41629893) &#8211; Dirceu A\u00e9rcio Moreira Gaspar, para o cargo de Procurador-Geral Adjunto da Rep\u00fablica e Procurador Militar Adjunto das For\u00e7as Armadas Angolanas;<\/p>\n\n\n\n<p>3. Vice-Almirante (NIP 40132695) &#8211; Jos\u00e9 da Cruz, para o cargo de Procurador-Geral Adjunto da Rep\u00fablica e Procurador Militar Adjunto das For\u00e7as Armadas Angolanas;<\/p>\n\n\n\n<p>PUBLIQUE-SE.<\/p>\n\n\n\n<p>O PRESIDENTE DA REP\u00daBLICA<\/p>\n\n\n\n<p>JO\u00c3O MANUEL GON\u00c7ALVES LOUREN\u00c7O<\/p>\n\n\n\n<p>O Presidente da Rep\u00fablica decreta, nos termos da al\u00ednea d), do artigo 122\u00ba e do n\u00ba 4 do artigo 125\u00ba, ambos da Constitui\u00e7\u00e3o da Rep\u00fablica de Angola, conjugados com a al\u00ednea c) do n.\u00ba 2 do artigo 9\u00ba da Lei n.\u00ba 2\/93, de 26 de Mar\u00e7o- Lei de Defesa Nacional e das For\u00e7as Armadas, ouvido o Conselho de Seguran\u00e7a Nacional, o seguinte:<\/p>\n\n\n\n<p>1. S\u00e3o nomeados os Oficiais Generais abaixo designados:<\/p>\n\n\n\n<p>a) Tenente-General (NIP 30090092) &#8211; Ant\u00f3nio Lamas Ben\u00e9dito Xavier, para o cargo de Conselheiro do Chefe do Servi\u00e7o de Intelig\u00eancia e Seguran\u00e7a Militar;<\/p>\n\n\n\n<p>b) Tenente-General (NIP 10584292) &#8211; Carlos Miguel de Sousa Filipe, para o cargo de Conselheiro do Chefe do Servi\u00e7o de Intelig\u00eancia e Seguran\u00e7a Militar;<\/p>\n\n\n\n<p>c) Tenente-General (NIP 47095493) &#8211; Jo\u00e3o Benjamim Lopes, para o cargo de Director Geral do Instituto Superior Universit\u00e1rio de Defesa &#8211; General Iko Carreira;<\/p>\n\n\n\n<p>d) Brigadeiro (NIP 42611693) &#8211; Francisco Cipriano Contreira Ramos da Cruz, para o cargo de Director do Gabinete Jur\u00eddico do Servi\u00e7o de Intelig\u00eancia e Seguran\u00e7a Militar<\/p>\n\n\n\n<p>e) Brigadeiro (NIP 46519293) &#8211; Flor\u00eancio Jos\u00e9 da Fonseca, para o cargo de Director do Gabinete do Chefe do Servi\u00e7o de Intelig\u00eancia e Seguran\u00e7a Militar;<\/p>\n\n\n\n<p>f) Brigadeiro (NIP 10321192) &#8211; Jorge Napole\u00e3o, para o cargo de Director Adjunto para Educa\u00e7\u00e3o Patri\u00f3tica do Instituto Superior Universit\u00e1rio de Defesa do Servi\u00e7o de Intelig\u00eancia e Seguran\u00e7a Militar.<\/p>\n\n\n\n<p>2. Ao Ministro de Estado e Chefe da Casa Militar do Presidente da Rep\u00fablica \u00e9 delegada compet\u00eancia para conferir posse \u00e0s individualidades ora nomeadas.<\/p>\n\n\n\n<p>PUBLIQUE-SE.<\/p>\n\n\n\n<p>O PRESIDENTE DA REP\u00daBLICA<\/p>\n\n\n\n<p>JO\u00c3O MANUEL GON\u00c7ALVES LOUREN\u00c7O<\/p>\n\n\n\n<p>O Presidente da Rep\u00fablica decreta, nos termos da al\u00ednea d), do artigo 122\u00ba e do n\u00ba 4 do artigo 125\u00ba, ambos da Constitui\u00e7\u00e3o da Rep\u00fablica de Angola, conjugados com a al\u00ednea c) do n.\u00ba 2 do artigo 9\u00ba da Lei n.\u00ba 2\/93, de 26 de Mar\u00e7o- Lei de Defesa Nacional e das For\u00e7as Armadas, ouvido o Conselho de Seguran\u00e7a Nacional, o seguinte:<\/p>\n\n\n\n<p>1. S\u00e3o nomeados os Oficiais Generais e Almirantes abaixo designados:<\/p>\n\n\n\n<p>a) Tenente-General (NIP 42471193) &#8211; C\u00e9sar Domingos Tito Jo\u00e3o, para o cargo de Chefe da Direc\u00e7\u00e3o Principal de Log\u00edstica do Estado-Maior General das For\u00e7as Armadas Angolanas;<\/p>\n\n\n\n<p>b) Tenente-General (NIP 46525793) &#8211; Damiano Luvando, para o cargo de Chefe da Direc\u00e7\u00e3o Principal de Armamento e T\u00e9cnica do Estado-Maior General das For\u00e7as Armadas Angolanas;<\/p>\n\n\n\n<p>c) Tenente-General (NIP 43834394) &#8211; Jo\u00e3o Francisco Crist\u00f3v\u00e3o, para o cargo de Presidente do Conselho Superior de Disciplina Militar do Estado-Maior General das For\u00e7as Armadas Angolanas;<\/p>\n\n\n\n<p>d) Tenente-General (NIP 10325192) &#8211; Jos\u00e9 de Morais Canamua, para o cargo de Comandante Adjunto para Educa\u00e7\u00e3o Patri\u00f3tica da For\u00e7a A\u00e9rea Nacional;<\/p>\n\n\n\n<p>e) Brigadeiro (NIP 48912994) &#8211; Abdenego Jo\u00e3o Muanha, para o cargo de Procurador Militar da Regi\u00e3o Militar Luanda;<\/p>\n\n\n\n<p>f) Brigadeiro (NIP 44758393) &#8211; Alberto da Silva Jo\u00e3o, para o cargo de Chefe da Direc\u00e7\u00e3o de For\u00e7as Especiais do Estado-Maior General das For\u00e7as Armadas Angolanas;<\/p>\n\n\n\n<p>g) Brigadeiro (NIP 50618994) &#8211; Alexandre Rangel Domingos, para o cargo de Chefe da Direc\u00e7\u00e3o de Armamento e T\u00e9cnica do Exercito;<\/p>\n\n\n\n<p>h) Brigadeiro (NIP 50801195) &#8211; Alfredo Sacala, para o cargo de Comandante da 20\u00aa Brigada de Infantaria Motorizada da Regi\u00e3o Militar Norte;<\/p>\n\n\n\n<p>i) Brigadeiro (NIP 62401199) &#8211; Ambr\u00f3sio Xavier Marcelino, para o cargo de Comandante da 60\u00aa Brigada de Infantaria Motorizada da Regi\u00e3o Militar Sul;<\/p>\n\n\n\n<p>j) Brigadeiro (NIP 54911695) &#8211; Ant\u00f3nio Lu\u00eds Domingos, para o cargo de Chefe do Estado-Maior da Regi\u00e3o Militar Luanda;<\/p>\n\n\n\n<p>k) Brigadeiro (NIP 49906893) &#8211; C\u00e2ndido Ventura Samuacuanha, para o cargo de Comandante do Campo Militar do Grafanil do Ex\u00e9rcito;<\/p>\n\n\n\n<p>l) Brigadeiro (NIP 43443793) &#8211; Carlos Ant\u00f3nio Cristina Joaquim, para o cargo de Comandante da 50\u00aa Brigada de Infantaria Motorizada da Regi\u00e3o Militar Sudeste;<\/p>\n\n\n\n<p>m) Brigadeiro (NIP 45526093) &#8211; Correia Muinga Gola, para o cargo de Chefe da Direc\u00e7\u00e3o de Administra\u00e7\u00e3o e Finan\u00e7as do Ex\u00e9rcito;<\/p>\n\n\n\n<p>n) Brigadeiro (NIP 42143093) &#8211; David Eurico Malaquias Ucuanumbi, para o cargo de Chefe Adjunto da Direc\u00e7\u00e3o Principal de Intelig\u00eancia Militar Operativa do Estado-Maior General das For\u00e7as Armadas Angolanas;<\/p>\n\n\n\n<p>o) Brigadeiro (NIP 30077292) &#8211; Domingos Gon\u00e7alves In\u00e1cio, para o cargo de Director do Gabinete do Ministro da Defesa Nacional, Antigos Combatentes e Veteranos da P\u00e1tria;<\/p>\n\n\n\n<p>p) Brigadeiro (NIP 43858197) &#8211; Enoc Cangue do Nascimento, para o cargo de Assessor Diplom\u00e1tico do Ministro da Defesa Nacional, Antigos Combatentes e Veteranos da P\u00e1tria;<\/p>\n\n\n\n<p>q) Brigadeiro (NIP 40521793) &#8211; Eur\u00edco Maria de Matos Pereira, para o cargo de Inspector-Chefe do Supremo Tribunal Militar;<\/p>\n\n\n\n<p>r) Brigadeiro (NIP 42402793) &#8211; Fernando Jorge Janeth, para o cargo de Comandante da Brigada de For\u00e7as Especiais do Estado-Maior General das For\u00e7as Armadas Angolanas;<\/p>\n\n\n\n<p>s) Brigadeiro (NIP 46518393) &#8211; Francisco Muvi Sebasti\u00e3o, para o Cargo de Inspetor-Adjunto do Ex\u00e9rcito;<\/p>\n\n\n\n<p>t) Brigadeiro (NIP 47810694) &#8211; Joaquim Chipalanga, para o cargo de Chefe Adjunto da Direc\u00e7\u00e3o Principal de Educa\u00e7\u00e3o Patri\u00f3tica do Estado-Maior General das For\u00e7as Armadas Angolanas;<\/p>\n\n\n\n<p>u) Brigadeiro (NIP 40859793) &#8211; Joaquim Francisco da Costa, para o cargo de Chefe Adjunto da Direc\u00e7\u00e3o de Telecomunica\u00e7\u00f5es do Estado-Maior General das For\u00e7as Armadas Angolanas.<\/p>\n","protected":false},"excerpt":{"rendered":"<p>O Presidente da Rep\u00fablica, Jo\u00e3o Louren\u00e7o, efectuou, esta ter\u00e7a-feira, altera\u00e7\u00f5es nas estruturas superiores de comando das For\u00e7as Armadas Angolanas (FAA) e da Pol\u00edcia Nacional, atrav\u00e9s de decretos presidenciais na qualidade de Comandante-em-Chefe. Eis os decretos O Presidente da Rep\u00fablica decreta, nos termos da al\u00ednea d) do artigo 122.\u00ba e do n\u00ba 4 do artigo 125.\u00ba, [&hellip;]<\/p>\n<div class='heateor_sss_sharing_container heateor_sss_vertical_sharing heateor_sss_bottom_sharing' style='width:44px;left: -10px;top: 100px;-webkit-box-shadow:none;box-shadow:none;' data-heateor-sss-href='https:\/\/jornalfax.net\/index.php\/wp-json\/wp\/v2\/posts\/6903'><div class=\"heateor_sss_sharing_ul\"><a aria-label=\"Facebook\" class=\"heateor_sss_facebook\" href=\"https:\/\/www.facebook.com\/sharer\/sharer.php?u=https%3A%2F%2Fjornalfax.net%2Findex.php%2Fwp-json%2Fwp%2Fv2%2Fposts%2F6903\" title=\"Facebook\" rel=\"nofollow noopener\" target=\"_blank\" style=\"font-size:32px!important;box-shadow:none;display:inline-block;vertical-align:middle\"><span class=\"heateor_sss_svg\" style=\"background-color:#0765FE;width:40px;height:40px;margin:0;display:inline-block;opacity:1;float:left;font-size:32px;box-shadow:none;display:inline-block;font-size:16px;padding:0 4px;vertical-align:middle;background-repeat:repeat;overflow:hidden;padding:0;cursor:pointer;box-sizing:content-box\"><svg style=\"display:block;\" focusable=\"false\" aria-hidden=\"true\" xmlns=\"http:\/\/www.w3.org\/2000\/svg\" width=\"100%\" height=\"100%\" viewBox=\"0 0 32 32\"><path fill=\"#fff\" d=\"M28 16c0-6.627-5.373-12-12-12S4 9.373 4 16c0 5.628 3.875 10.35 9.101 11.647v-7.98h-2.474V16H13.1v-1.58c0-4.085 1.849-5.978 5.859-5.978.76 0 2.072.15 2.608.298v3.325c-.283-.03-.775-.045-1.386-.045-1.967 0-2.728.745-2.728 2.683V16h3.92l-.673 3.667h-3.247v8.245C23.395 27.195 28 22.135 28 16Z\"><\/path><\/svg><\/span><\/a><a aria-label=\"X\" class=\"heateor_sss_button_x\" href=\"https:\/\/twitter.com\/intent\/tweet?text=%20-%20&url=https%3A%2F%2Fjornalfax.net%2Findex.php%2Fwp-json%2Fwp%2Fv2%2Fposts%2F6903\" title=\"X\" rel=\"nofollow noopener\" target=\"_blank\" style=\"font-size:32px!important;box-shadow:none;display:inline-block;vertical-align:middle\"><span class=\"heateor_sss_svg heateor_sss_s__default heateor_sss_s_x\" style=\"background-color:#2a2a2a;width:40px;height:40px;margin:0;display:inline-block;opacity:1;float:left;font-size:32px;box-shadow:none;display:inline-block;font-size:16px;padding:0 4px;vertical-align:middle;background-repeat:repeat;overflow:hidden;padding:0;cursor:pointer;box-sizing:content-box\"><svg width=\"100%\" height=\"100%\" style=\"display:block;\" focusable=\"false\" aria-hidden=\"true\" xmlns=\"http:\/\/www.w3.org\/2000\/svg\" viewBox=\"0 0 32 32\"><path fill=\"#fff\" d=\"M21.751 7h3.067l-6.7 7.658L26 25.078h-6.172l-4.833-6.32-5.531 6.32h-3.07l7.167-8.19L6 7h6.328l4.37 5.777L21.75 7Zm-1.076 16.242h1.7L11.404 8.74H9.58l11.094 14.503Z\"><\/path><\/svg><\/span><\/a><a aria-label=\"Reddit\" class=\"heateor_sss_button_reddit\" href=\"http:\/\/reddit.com\/submit?url=https%3A%2F%2Fjornalfax.net%2Findex.php%2Fwp-json%2Fwp%2Fv2%2Fposts%2F6903&title=%20-%20\" title=\"Reddit\" rel=\"nofollow noopener\" target=\"_blank\" style=\"font-size:32px!important;box-shadow:none;display:inline-block;vertical-align:middle\"><span class=\"heateor_sss_svg heateor_sss_s__default heateor_sss_s_reddit\" style=\"background-color:#ff5700;width:40px;height:40px;margin:0;display:inline-block;opacity:1;float:left;font-size:32px;box-shadow:none;display:inline-block;font-size:16px;padding:0 4px;vertical-align:middle;background-repeat:repeat;overflow:hidden;padding:0;cursor:pointer;box-sizing:content-box\"><svg style=\"display:block;\" focusable=\"false\" aria-hidden=\"true\" xmlns=\"http:\/\/www.w3.org\/2000\/svg\" width=\"100%\" height=\"100%\" viewBox=\"-3.5 -3.5 39 39\"><path d=\"M28.543 15.774a2.953 2.953 0 0 0-2.951-2.949 2.882 2.882 0 0 0-1.9.713 14.075 14.075 0 0 0-6.85-2.044l1.38-4.349 3.768.884a2.452 2.452 0 1 0 .24-1.176l-4.274-1a.6.6 0 0 0-.709.4l-1.659 5.224a14.314 14.314 0 0 0-7.316 2.029 2.908 2.908 0 0 0-1.872-.681 2.942 2.942 0 0 0-1.618 5.4 5.109 5.109 0 0 0-.062.765c0 4.158 5.037 7.541 11.229 7.541s11.22-3.383 11.22-7.541a5.2 5.2 0 0 0-.053-.706 2.963 2.963 0 0 0 1.427-2.51zm-18.008 1.88a1.753 1.753 0 0 1 1.73-1.74 1.73 1.73 0 0 1 1.709 1.74 1.709 1.709 0 0 1-1.709 1.711 1.733 1.733 0 0 1-1.73-1.711zm9.565 4.968a5.573 5.573 0 0 1-4.081 1.272h-.032a5.576 5.576 0 0 1-4.087-1.272.6.6 0 0 1 .844-.854 4.5 4.5 0 0 0 3.238.927h.032a4.5 4.5 0 0 0 3.237-.927.6.6 0 1 1 .844.854zm-.331-3.256a1.726 1.726 0 1 1 1.709-1.712 1.717 1.717 0 0 1-1.712 1.712z\" fill=\"#fff\"\/><\/svg><\/span><\/a><a aria-label=\"Linkedin\" class=\"heateor_sss_button_linkedin\" href=\"https:\/\/www.linkedin.com\/sharing\/share-offsite\/?url=https%3A%2F%2Fjornalfax.net%2Findex.php%2Fwp-json%2Fwp%2Fv2%2Fposts%2F6903\" title=\"Linkedin\" rel=\"nofollow noopener\" target=\"_blank\" style=\"font-size:32px!important;box-shadow:none;display:inline-block;vertical-align:middle\"><span class=\"heateor_sss_svg heateor_sss_s__default heateor_sss_s_linkedin\" style=\"background-color:#0077b5;width:40px;height:40px;margin:0;display:inline-block;opacity:1;float:left;font-size:32px;box-shadow:none;display:inline-block;font-size:16px;padding:0 4px;vertical-align:middle;background-repeat:repeat;overflow:hidden;padding:0;cursor:pointer;box-sizing:content-box\"><svg style=\"display:block;\" focusable=\"false\" aria-hidden=\"true\" xmlns=\"http:\/\/www.w3.org\/2000\/svg\" width=\"100%\" height=\"100%\" viewBox=\"0 0 32 32\"><path d=\"M6.227 12.61h4.19v13.48h-4.19V12.61zm2.095-6.7a2.43 2.43 0 0 1 0 4.86c-1.344 0-2.428-1.09-2.428-2.43s1.084-2.43 2.428-2.43m4.72 6.7h4.02v1.84h.058c.56-1.058 1.927-2.176 3.965-2.176 4.238 0 5.02 2.792 5.02 6.42v7.395h-4.183v-6.56c0-1.564-.03-3.574-2.178-3.574-2.18 0-2.514 1.7-2.514 3.46v6.668h-4.187V12.61z\" fill=\"#fff\"><\/path><\/svg><\/span><\/a><a aria-label=\"Pinterest\" class=\"heateor_sss_button_pinterest\" href=\"https:\/\/jornalfax.net\/index.php\/wp-json\/wp\/v2\/posts\/6903\" onclick=\"event.preventDefault();javascript:void( (function() {var e=document.createElement('script' );e.setAttribute('type','text\/javascript' );e.setAttribute('charset','UTF-8' );e.setAttribute('src','\/\/assets.pinterest.com\/js\/pinmarklet.js?r='+Math.random()*99999999);document.body.appendChild(e)})());\" title=\"Pinterest\" rel=\"noopener\" style=\"font-size:32px!important;box-shadow:none;display:inline-block;vertical-align:middle\"><span class=\"heateor_sss_svg heateor_sss_s__default heateor_sss_s_pinterest\" style=\"background-color:#cc2329;width:40px;height:40px;margin:0;display:inline-block;opacity:1;float:left;font-size:32px;box-shadow:none;display:inline-block;font-size:16px;padding:0 4px;vertical-align:middle;background-repeat:repeat;overflow:hidden;padding:0;cursor:pointer;box-sizing:content-box\"><svg style=\"display:block;\" focusable=\"false\" aria-hidden=\"true\" xmlns=\"http:\/\/www.w3.org\/2000\/svg\" width=\"100%\" height=\"100%\" viewBox=\"-2 -2 35 35\"><path fill=\"#fff\" d=\"M16.539 4.5c-6.277 0-9.442 4.5-9.442 8.253 0 2.272.86 4.293 2.705 5.046.303.125.574.005.662-.33.061-.231.205-.816.27-1.06.088-.331.053-.447-.191-.736-.532-.627-.873-1.439-.873-2.591 0-3.338 2.498-6.327 6.505-6.327 3.548 0 5.497 2.168 5.497 5.062 0 3.81-1.686 7.025-4.188 7.025-1.382 0-2.416-1.142-2.085-2.545.397-1.674 1.166-3.48 1.166-4.689 0-1.081-.581-1.983-1.782-1.983-1.413 0-2.548 1.462-2.548 3.419 0 1.247.421 2.091.421 2.091l-1.699 7.199c-.505 2.137-.076 4.755-.039 5.019.021.158.223.196.314.077.13-.17 1.813-2.247 2.384-4.324.162-.587.929-3.631.929-3.631.46.876 1.801 1.646 3.227 1.646 4.247 0 7.128-3.871 7.128-9.053.003-3.918-3.317-7.568-8.361-7.568z\"\/><\/svg><\/span><\/a><a aria-label=\"Mastodon\" class=\"heateor_sss_button_mastodon\" href=\"https:\/\/mastodon.social\/share?text=https%3A%2F%2Fjornalfax.net%2Findex.php%2Fwp-json%2Fwp%2Fv2%2Fposts%2F6903&title=%20-%20\" title=\"Mastodon\" rel=\"nofollow noopener\" target=\"_blank\" style=\"font-size:32px!important;box-shadow:none;display:inline-block;vertical-align:middle\"><span class=\"heateor_sss_svg heateor_sss_s__default heateor_sss_s_mastodon\" style=\"background-color:#6364FF;width:40px;height:40px;margin:0;display:inline-block;opacity:1;float:left;font-size:32px;box-shadow:none;display:inline-block;font-size:16px;padding:0 4px;vertical-align:middle;background-repeat:repeat;overflow:hidden;padding:0;cursor:pointer;box-sizing:content-box\"><svg style=\"display:block;\" focusable=\"false\" aria-hidden=\"true\" xmlns=\"http:\/\/www.w3.org\/2000\/svg\" width=\"100%\" height=\"100%\" viewBox=\"-3.5 -3.5 39 39\"><path d=\"M27 12c0-5.12-3.35-6.62-3.35-6.62C22 4.56 19.05 4.23 16 4.21c-3 0-5.92.35-7.61 1.12C8.36 5.33 5 6.83 5 12v4c.12 5 .92 9.93 5.54 11.16a17.67 17.67 0 005.44.6 10.88 10.88 0 004.18-.95l-.09-1.95a13.36 13.36 0 01-4.07.54c-2.12-.07-4.37-.23-4.71-2.84a5.58 5.58 0 01-.05-.73 27.46 27.46 0 004.73.63 26.76 26.76 0 004.68-.28c3-.35 5.53-2.17 5.85-3.83A39.25 39.25 0 0027 12zm-3.95 6.59h-2.46v-6c0-1.27-.53-1.91-1.6-1.91s-1.77.76-1.77 2.27v3.29h-2.44v-3.35c0-1.51-.59-2.27-1.77-2.27s-1.6.64-1.6 1.91v6H9v-6.18a4.49 4.49 0 011-3 3.39 3.39 0 012.63-1.12 3.17 3.17 0 012.84 1.44l.61 1 .61-1a3.17 3.17 0 012.84-1.44 3.39 3.39 0 012.63 1.12 4.49 4.49 0 011 3z\" fill=\"#fff\"><\/path><\/svg><\/span><\/a><a aria-label=\"Mix\" class=\"heateor_sss_button_mix\" href=\"https:\/\/mix.com\/mixit?url=https%3A%2F%2Fjornalfax.net%2Findex.php%2Fwp-json%2Fwp%2Fv2%2Fposts%2F6903\" title=\"Mix\" rel=\"nofollow noopener\" target=\"_blank\" style=\"font-size:32px!important;box-shadow:none;display:inline-block;vertical-align:middle\"><span class=\"heateor_sss_svg heateor_sss_s__default heateor_sss_s_mix\" style=\"background-color:#ff8226;width:40px;height:40px;margin:0;display:inline-block;opacity:1;float:left;font-size:32px;box-shadow:none;display:inline-block;font-size:16px;padding:0 4px;vertical-align:middle;background-repeat:repeat;overflow:hidden;padding:0;cursor:pointer;box-sizing:content-box\"><svg focusable=\"false\" aria-hidden=\"true\" xmlns=\"http:\/\/www.w3.org\/2000\/svg\" width=\"100%\" height=\"100%\" viewBox=\"-7 -8 45 45\"><g fill=\"#fff\"><path opacity=\".8\" d=\"M27.87 4.125c-5.224 0-9.467 4.159-9.467 9.291v2.89c0-1.306 1.074-2.362 2.399-2.362s2.399 1.056 2.399 2.362v1.204c0 1.306 1.074 2.362 2.399 2.362s2.399-1.056 2.399-2.362V4.134c-.036-.009-.082-.009-.129-.009\"\/><path d=\"M4 4.125v12.94c2.566 0 4.668-1.973 4.807-4.465v-2.214c0-.065 0-.12.009-.176.093-1.213 1.13-2.177 2.39-2.177 1.325 0 2.399 1.056 2.399 2.362v9.226c0 1.306 1.074 2.353 2.399 2.353s2.399-1.056 2.399-2.353v-6.206c0-5.132 4.233-9.291 9.467-9.291H4z\"\/><path opacity=\".8\" d=\"M4 17.074v8.438c0 1.306 1.074 2.362 2.399 2.362s2.399-1.056 2.399-2.362V12.61C8.659 15.102 6.566 17.074 4 17.074\"\/><\/g><\/svg><\/span><\/a><a aria-label=\"Whatsapp\" class=\"heateor_sss_whatsapp\" href=\"https:\/\/api.whatsapp.com\/send?text=%20-%20%20https%3A%2F%2Fjornalfax.net%2Findex.php%2Fwp-json%2Fwp%2Fv2%2Fposts%2F6903\" title=\"Whatsapp\" rel=\"nofollow noopener\" target=\"_blank\" style=\"font-size:32px!important;box-shadow:none;display:inline-block;vertical-align:middle\"><span class=\"heateor_sss_svg\" style=\"background-color:#55eb4c;width:40px;height:40px;margin:0;display:inline-block;opacity:1;float:left;font-size:32px;box-shadow:none;display:inline-block;font-size:16px;padding:0 4px;vertical-align:middle;background-repeat:repeat;overflow:hidden;padding:0;cursor:pointer;box-sizing:content-box\"><svg style=\"display:block;\" focusable=\"false\" aria-hidden=\"true\" xmlns=\"http:\/\/www.w3.org\/2000\/svg\" width=\"100%\" height=\"100%\" viewBox=\"-6 -5 40 40\"><path class=\"heateor_sss_svg_stroke heateor_sss_no_fill\" stroke=\"#fff\" stroke-width=\"2\" fill=\"none\" d=\"M 11.579798566743314 24.396926207859085 A 10 10 0 1 0 6.808479557110079 20.73576436351046\"><\/path><path d=\"M 7 19 l -1 6 l 6 -1\" class=\"heateor_sss_no_fill heateor_sss_svg_stroke\" stroke=\"#fff\" stroke-width=\"2\" fill=\"none\"><\/path><path d=\"M 10 10 q -1 8 8 11 c 5 -1 0 -6 -1 -3 q -4 -3 -5 -5 c 4 -2 -1 -5 -1 -4\" fill=\"#fff\"><\/path><\/svg><\/span><\/a><a class=\"heateor_sss_more\" aria-label=\"More\" title=\"More\" rel=\"nofollow noopener\" style=\"font-size: 32px!important;border:0;box-shadow:none;display:inline-block!important;font-size:16px;padding:0 4px;vertical-align: middle;display:inline;\" href=\"https:\/\/jornalfax.net\/index.php\/wp-json\/wp\/v2\/posts\/6903\" onclick=\"event.preventDefault()\"><span class=\"heateor_sss_svg\" style=\"background-color:#ee8e2d;width:40px;height:40px;margin:0;display:inline-block!important;opacity:1;float:left;font-size:32px!important;box-shadow:none;display:inline-block;font-size:16px;padding:0 4px;vertical-align:middle;display:inline;background-repeat:repeat;overflow:hidden;padding:0;cursor:pointer;box-sizing:content-box;\" onclick=\"heateorSssMoreSharingPopup(this, 'https:\/\/jornalfax.net\/index.php\/wp-json\/wp\/v2\/posts\/6903', '%20-%20', '' )\"><svg xmlns=\"http:\/\/www.w3.org\/2000\/svg\" xmlns:xlink=\"http:\/\/www.w3.org\/1999\/xlink\" viewBox=\"-.3 0 32 32\" version=\"1.1\" width=\"100%\" height=\"100%\" style=\"display:block;\" xml:space=\"preserve\"><g><path fill=\"#fff\" d=\"M18 14V8h-4v6H8v4h6v6h4v-6h6v-4h-6z\" fill-rule=\"evenodd\"><\/path><\/g><\/svg><\/span><\/a><\/div><div class=\"heateorSssClear\"><\/div><\/div>","protected":false},"author":1,"featured_media":6904,"comment_status":"closed","ping_status":"closed","sticky":false,"template":"","format":"standard","meta":{"footnotes":""},"categories":[22,23],"tags":[],"class_list":["post-6903","post","type-post","status-publish","format-standard","has-post-thumbnail","hentry","category-actualidade","category-destaque"],"yoast_head":"<!-- This site is optimized with the Yoast SEO plugin v24.3 - https:\/\/yoast.com\/wordpress\/plugins\/seo\/ -->\n<title>PRESIDENTE JO\u00c3O LOUREN\u00c7O PROMOVE MUDAN\u00c7AS NAS CHEFIAS DAS FAA E DA POL\u00cdCIA NACIONAL -<\/title>\n<meta name=\"robots\" content=\"index, follow, max-snippet:-1, max-image-preview:large, max-video-preview:-1\" \/>\n<link rel=\"canonical\" href=\"https:\/\/jornalfax.net\/index.php\/2026\/09\/02\/presidente-joao-lourenco-promove-mudancas-nas-chefias-das-faa-e-da-policia-nacional\/\" \/>\n<meta property=\"og:locale\" content=\"pt_BR\" \/>\n<meta property=\"og:type\" content=\"article\" \/>\n<meta property=\"og:title\" content=\"PRESIDENTE JO\u00c3O LOUREN\u00c7O PROMOVE MUDAN\u00c7AS NAS CHEFIAS DAS FAA E DA POL\u00cdCIA NACIONAL -\" \/>\n<meta property=\"og:description\" content=\"O Presidente da Rep\u00fablica, Jo\u00e3o Louren\u00e7o, efectuou, esta ter\u00e7a-feira, altera\u00e7\u00f5es nas estruturas superiores de comando das For\u00e7as Armadas Angolanas (FAA) e da Pol\u00edcia Nacional, atrav\u00e9s de decretos presidenciais na qualidade de Comandante-em-Chefe. Eis os decretos O Presidente da Rep\u00fablica decreta, nos termos da al\u00ednea d) do artigo 122.\u00ba e do n\u00ba 4 do artigo 125.\u00ba, [&hellip;]\" \/>\n<meta property=\"og:url\" content=\"https:\/\/jornalfax.net\/index.php\/2026\/09\/02\/presidente-joao-lourenco-promove-mudancas-nas-chefias-das-faa-e-da-policia-nacional\/\" \/>\n<meta property=\"article:published_time\" content=\"2026-09-02T07:22:01+00:00\" \/>\n<meta property=\"article:modified_time\" content=\"2026-09-02T07:22:02+00:00\" \/>\n<meta property=\"og:image\" content=\"https:\/\/jornalfax.net\/wp-content\/uploads\/2026\/09\/6284916_imagem.jpeg\" \/>\n\t<meta property=\"og:image:width\" content=\"852\" \/>\n\t<meta property=\"og:image:height\" content=\"575\" \/>\n\t<meta property=\"og:image:type\" content=\"image\/jpeg\" \/>\n<meta name=\"author\" content=\"jornalfax.net\" \/>\n<meta name=\"twitter:card\" content=\"summary_large_image\" \/>\n<meta name=\"twitter:label1\" content=\"Escrito por\" \/>\n\t<meta name=\"twitter:data1\" content=\"jornalfax.net\" \/>\n\t<meta name=\"twitter:label2\" content=\"Est. tempo de leitura\" \/>\n\t<meta name=\"twitter:data2\" content=\"18 minutos\" \/>\n<script type=\"application\/ld+json\" class=\"yoast-schema-graph\">{\"@context\":\"https:\/\/schema.org\",\"@graph\":[{\"@type\":\"WebPage\",\"@id\":\"https:\/\/jornalfax.net\/index.php\/2026\/09\/02\/presidente-joao-lourenco-promove-mudancas-nas-chefias-das-faa-e-da-policia-nacional\/\",\"url\":\"https:\/\/jornalfax.net\/index.php\/2026\/09\/02\/presidente-joao-lourenco-promove-mudancas-nas-chefias-das-faa-e-da-policia-nacional\/\",\"name\":\"PRESIDENTE JO\u00c3O LOUREN\u00c7O PROMOVE MUDAN\u00c7AS NAS CHEFIAS DAS FAA E DA POL\u00cdCIA NACIONAL -\",\"isPartOf\":{\"@id\":\"https:\/\/jornalfax.net\/#website\"},\"primaryImageOfPage\":{\"@id\":\"https:\/\/jornalfax.net\/index.php\/2026\/09\/02\/presidente-joao-lourenco-promove-mudancas-nas-chefias-das-faa-e-da-policia-nacional\/#primaryimage\"},\"image\":{\"@id\":\"https:\/\/jornalfax.net\/index.php\/2026\/09\/02\/presidente-joao-lourenco-promove-mudancas-nas-chefias-das-faa-e-da-policia-nacional\/#primaryimage\"},\"thumbnailUrl\":\"https:\/\/jornalfax.net\/wp-content\/uploads\/2026\/09\/6284916_imagem.jpeg\",\"datePublished\":\"2026-09-02T07:22:01+00:00\",\"dateModified\":\"2026-09-02T07:22:02+00:00\",\"author\":{\"@id\":\"https:\/\/jornalfax.net\/#\/schema\/person\/ea5b5601e259b5e0c03c9cb7908e9ffd\"},\"breadcrumb\":{\"@id\":\"https:\/\/jornalfax.net\/index.php\/2026\/09\/02\/presidente-joao-lourenco-promove-mudancas-nas-chefias-das-faa-e-da-policia-nacional\/#breadcrumb\"},\"inLanguage\":\"pt-BR\",\"potentialAction\":[{\"@type\":\"ReadAction\",\"target\":[\"https:\/\/jornalfax.net\/index.php\/2026\/09\/02\/presidente-joao-lourenco-promove-mudancas-nas-chefias-das-faa-e-da-policia-nacional\/\"]}]},{\"@type\":\"ImageObject\",\"inLanguage\":\"pt-BR\",\"@id\":\"https:\/\/jornalfax.net\/index.php\/2026\/09\/02\/presidente-joao-lourenco-promove-mudancas-nas-chefias-das-faa-e-da-policia-nacional\/#primaryimage\",\"url\":\"https:\/\/jornalfax.net\/wp-content\/uploads\/2026\/09\/6284916_imagem.jpeg\",\"contentUrl\":\"https:\/\/jornalfax.net\/wp-content\/uploads\/2026\/09\/6284916_imagem.jpeg\",\"width\":852,\"height\":575},{\"@type\":\"BreadcrumbList\",\"@id\":\"https:\/\/jornalfax.net\/index.php\/2026\/09\/02\/presidente-joao-lourenco-promove-mudancas-nas-chefias-das-faa-e-da-policia-nacional\/#breadcrumb\",\"itemListElement\":[{\"@type\":\"ListItem\",\"position\":1,\"name\":\"In\u00edcio\",\"item\":\"https:\/\/jornalfax.net\/\"},{\"@type\":\"ListItem\",\"position\":2,\"name\":\"PRESIDENTE JO\u00c3O LOUREN\u00c7O PROMOVE MUDAN\u00c7AS NAS CHEFIAS DAS FAA E DA POL\u00cdCIA NACIONAL\"}]},{\"@type\":\"WebSite\",\"@id\":\"https:\/\/jornalfax.net\/#website\",\"url\":\"https:\/\/jornalfax.net\/\",\"name\":\"\",\"description\":\"\",\"potentialAction\":[{\"@type\":\"SearchAction\",\"target\":{\"@type\":\"EntryPoint\",\"urlTemplate\":\"https:\/\/jornalfax.net\/?s={search_term_string}\"},\"query-input\":{\"@type\":\"PropertyValueSpecification\",\"valueRequired\":true,\"valueName\":\"search_term_string\"}}],\"inLanguage\":\"pt-BR\"},{\"@type\":\"Person\",\"@id\":\"https:\/\/jornalfax.net\/#\/schema\/person\/ea5b5601e259b5e0c03c9cb7908e9ffd\",\"name\":\"jornalfax.net\",\"sameAs\":[\"http:\/\/jornalfax.net\"],\"url\":\"https:\/\/jornalfax.net\/index.php\/author\/jornalfax-net\/\"}]}<\/script>\n<!-- \/ Yoast SEO plugin. -->","yoast_head_json":{"title":"PRESIDENTE JO\u00c3O LOUREN\u00c7O PROMOVE MUDAN\u00c7AS NAS CHEFIAS DAS FAA E DA POL\u00cdCIA NACIONAL -","robots":{"index":"index","follow":"follow","max-snippet":"max-snippet:-1","max-image-preview":"max-image-preview:large","max-video-preview":"max-video-preview:-1"},"canonical":"https:\/\/jornalfax.net\/index.php\/2026\/09\/02\/presidente-joao-lourenco-promove-mudancas-nas-chefias-das-faa-e-da-policia-nacional\/","og_locale":"pt_BR","og_type":"article","og_title":"PRESIDENTE JO\u00c3O LOUREN\u00c7O PROMOVE MUDAN\u00c7AS NAS CHEFIAS DAS FAA E DA POL\u00cdCIA NACIONAL -","og_description":"O Presidente da Rep\u00fablica, Jo\u00e3o Louren\u00e7o, efectuou, esta ter\u00e7a-feira, altera\u00e7\u00f5es nas estruturas superiores de comando das For\u00e7as Armadas Angolanas (FAA) e da Pol\u00edcia Nacional, atrav\u00e9s de decretos presidenciais na qualidade de Comandante-em-Chefe. Eis os decretos O Presidente da Rep\u00fablica decreta, nos termos da al\u00ednea d) do artigo 122.\u00ba e do n\u00ba 4 do artigo 125.\u00ba, [&hellip;]","og_url":"https:\/\/jornalfax.net\/index.php\/2026\/09\/02\/presidente-joao-lourenco-promove-mudancas-nas-chefias-das-faa-e-da-policia-nacional\/","article_published_time":"2026-09-02T07:22:01+00:00","article_modified_time":"2026-09-02T07:22:02+00:00","og_image":[{"width":852,"height":575,"url":"https:\/\/jornalfax.net\/wp-content\/uploads\/2026\/09\/6284916_imagem.jpeg","type":"image\/jpeg"}],"author":"jornalfax.net","twitter_card":"summary_large_image","twitter_misc":{"Escrito por":"jornalfax.net","Est. tempo de leitura":"18 minutos"},"schema":{"@context":"https:\/\/schema.org","@graph":[{"@type":"WebPage","@id":"https:\/\/jornalfax.net\/index.php\/2026\/09\/02\/presidente-joao-lourenco-promove-mudancas-nas-chefias-das-faa-e-da-policia-nacional\/","url":"https:\/\/jornalfax.net\/index.php\/2026\/09\/02\/presidente-joao-lourenco-promove-mudancas-nas-chefias-das-faa-e-da-policia-nacional\/","name":"PRESIDENTE JO\u00c3O LOUREN\u00c7O PROMOVE MUDAN\u00c7AS NAS CHEFIAS DAS FAA E DA POL\u00cdCIA NACIONAL -","isPartOf":{"@id":"https:\/\/jornalfax.net\/#website"},"primaryImageOfPage":{"@id":"https:\/\/jornalfax.net\/index.php\/2026\/09\/02\/presidente-joao-lourenco-promove-mudancas-nas-chefias-das-faa-e-da-policia-nacional\/#primaryimage"},"image":{"@id":"https:\/\/jornalfax.net\/index.php\/2026\/09\/02\/presidente-joao-lourenco-promove-mudancas-nas-chefias-das-faa-e-da-policia-nacional\/#primaryimage"},"thumbnailUrl":"https:\/\/jornalfax.net\/wp-content\/uploads\/2026\/09\/6284916_imagem.jpeg","datePublished":"2026-09-02T07:22:01+00:00","dateModified":"2026-09-02T07:22:02+00:00","author":{"@id":"https:\/\/jornalfax.net\/#\/schema\/person\/ea5b5601e259b5e0c03c9cb7908e9ffd"},"breadcrumb":{"@id":"https:\/\/jornalfax.net\/index.php\/2026\/09\/02\/presidente-joao-lourenco-promove-mudancas-nas-chefias-das-faa-e-da-policia-nacional\/#breadcrumb"},"inLanguage":"pt-BR","potentialAction":[{"@type":"ReadAction","target":["https:\/\/jornalfax.net\/index.php\/2026\/09\/02\/presidente-joao-lourenco-promove-mudancas-nas-chefias-das-faa-e-da-policia-nacional\/"]}]},{"@type":"ImageObject","inLanguage":"pt-BR","@id":"https:\/\/jornalfax.net\/index.php\/2026\/09\/02\/presidente-joao-lourenco-promove-mudancas-nas-chefias-das-faa-e-da-policia-nacional\/#primaryimage","url":"https:\/\/jornalfax.net\/wp-content\/uploads\/2026\/09\/6284916_imagem.jpeg","contentUrl":"https:\/\/jornalfax.net\/wp-content\/uploads\/2026\/09\/6284916_imagem.jpeg","width":852,"height":575},{"@type":"BreadcrumbList","@id":"https:\/\/jornalfax.net\/index.php\/2026\/09\/02\/presidente-joao-lourenco-promove-mudancas-nas-chefias-das-faa-e-da-policia-nacional\/#breadcrumb","itemListElement":[{"@type":"ListItem","position":1,"name":"In\u00edcio","item":"https:\/\/jornalfax.net\/"},{"@type":"ListItem","position":2,"name":"PRESIDENTE JO\u00c3O LOUREN\u00c7O PROMOVE MUDAN\u00c7AS NAS CHEFIAS DAS FAA E DA POL\u00cdCIA NACIONAL"}]},{"@type":"WebSite","@id":"https:\/\/jornalfax.net\/#website","url":"https:\/\/jornalfax.net\/","name":"","description":"","potentialAction":[{"@type":"SearchAction","target":{"@type":"EntryPoint","urlTemplate":"https:\/\/jornalfax.net\/?s={search_term_string}"},"query-input":{"@type":"PropertyValueSpecification","valueRequired":true,"valueName":"search_term_string"}}],"inLanguage":"pt-BR"},{"@type":"Person","@id":"https:\/\/jornalfax.net\/#\/schema\/person\/ea5b5601e259b5e0c03c9cb7908e9ffd","name":"jornalfax.net","sameAs":["http:\/\/jornalfax.net"],"url":"https:\/\/jornalfax.net\/index.php\/author\/jornalfax-net\/"}]}},"_links":{"self":[{"href":"https:\/\/jornalfax.net\/index.php\/wp-json\/wp\/v2\/posts\/6903","targetHints":{"allow":["GET"]}}],"collection":[{"href":"https:\/\/jornalfax.net\/index.php\/wp-json\/wp\/v2\/posts"}],"about":[{"href":"https:\/\/jornalfax.net\/index.php\/wp-json\/wp\/v2\/types\/post"}],"author":[{"embeddable":true,"href":"https:\/\/jornalfax.net\/index.php\/wp-json\/wp\/v2\/users\/1"}],"replies":[{"embeddable":true,"href":"https:\/\/jornalfax.net\/index.php\/wp-json\/wp\/v2\/comments?post=6903"}],"version-history":[{"count":1,"href":"https:\/\/jornalfax.net\/index.php\/wp-json\/wp\/v2\/posts\/6903\/revisions"}],"predecessor-version":[{"id":6905,"href":"https:\/\/jornalfax.net\/index.php\/wp-json\/wp\/v2\/posts\/6903\/revisions\/6905"}],"wp:featuredmedia":[{"embeddable":true,"href":"https:\/\/jornalfax.net\/index.php\/wp-json\/wp\/v2\/media\/6904"}],"wp:attachment":[{"href":"https:\/\/jornalfax.net\/index.php\/wp-json\/wp\/v2\/media?parent=6903"}],"wp:term":[{"taxonomy":"category","embeddable":true,"href":"https:\/\/jornalfax.net\/index.php\/wp-json\/wp\/v2\/categories?post=6903"},{"taxonomy":"post_tag","embeddable":true,"href":"https:\/\/jornalfax.net\/index.php\/wp-json\/wp\/v2\/tags?post=6903"}],"curies":[{"name":"wp","href":"https:\/\/api.w.org\/{rel}","templated":true}]}}