{"id":5761,"date":"2025-11-11T17:32:29","date_gmt":"2025-11-11T20:32:29","guid":{"rendered":"https:\/\/jornalfax.net\/?p=5761"},"modified":"2025-11-11T17:32:30","modified_gmt":"2025-11-11T20:32:30","slug":"angola-e-independente-mas-os-angolanos-nao-sao-livres","status":"publish","type":"post","link":"https:\/\/jornalfax.net\/index.php\/2025\/11\/11\/angola-e-independente-mas-os-angolanos-nao-sao-livres\/","title":{"rendered":"ANGOLA \u00c9 INDEPENDENTE, MAS OS ANGOLANOS N\u00c3O S\u00c3O LIVRES"},"content":{"rendered":"\n<p>H\u00e1 50 anos atr\u00e1s, \u00e0 meia noite, em Luanda, Agostinho Neto (MPLA) proclamava a independ\u00eancia. No mesmo momento, Holden Roberto (FNLA), no Ambriz, e Jonas Savimbi (UNITA), em Huambo, faziam o mesmo. A partir da\u00ed, \u00e9 colocado o fim do regime colonial portugu\u00eas e se reinicia a guerra civil que duraria at\u00e9 2002, com a vit\u00f3ria do MPLA e come\u00e7ava uma nova era de euforia e incerteza.<\/p>\n\n\n\n<p>Em 2017 Jo\u00e3o Louren\u00e7o sucedeu, entretanto, a Jos\u00e9 Eduardo Santos como presidente de Angola, mas a esperan\u00e7a de mudan\u00e7a ficou por concretizar e cresceu o descontentamento social. Neste pa\u00eds, onde o ordenado m\u00ednimo n\u00e3o garanta o m\u00ednimo de sobreviv\u00eancia, aumentou o n\u00famero de pessoas que procura alimento nos restos de comida deitados no lixo e que tamb\u00e9m s\u00e3o vendidos como fonte de rendimento.<\/p>\n\n\n\n<p>Entre as fileiras do MPLA, as cr\u00edticas a Jo\u00e3o Louren\u00e7o tamb\u00e9m sobem de tom. Uma peti\u00e7\u00e3o p\u00fablica exigiu a destitui\u00e7\u00e3o imediata dos chefes de Estado e alguns militantes recorreram \u00e0 via judicial para afastar o presidente. O pa\u00eds entrou no colapso social, onde a fome, a mis\u00e9ria e a pobreza extrema assolam mais de 25 milh\u00f5es de angolanos, escreveu o Valdir C\u00f3nigo, militante, e anunciado pr\u00e9-candidato \u00e0 lideran\u00e7a do MPLA na provid\u00eancia cautelar que submeteu ao Tribunal Constitucional com o objetivo de pedir a suspens\u00e3o de Louren\u00e7o das fun\u00e7\u00f5es que ocupa no partido.<\/p>\n\n\n\n<p>C\u00e9dric de Carvalho, jurista, jornalista e ativista, condenado a 4 anos e 6 meses de pris\u00e3o no processo 15 mais 2, \u00e9 o convidado do podcast P24 do Jornal Publico.&nbsp;C\u00e9dric de Carvalho, obrigado por ter aceitado este convite para falarmos hoje no dia em que Angola comemora o seu 50\u00ba anivers\u00e1rio de independ\u00eancia. O que \u00e9 que num dia como este Angola pode e deve comemorar?<\/p>\n\n\n\n<p>Obrigado por este convite aqui ao p\u00fablico. Neste dia Angola tem realmente motivo para celebrar, infelizmente apenas um motivo, que \u00e9 exatamente celebrar a sua independ\u00eancia. \u00c9 um pa\u00eds independente, felizmente, j\u00e1 n\u00e3o est\u00e1 sobre o jogo colonial e nestes 50 anos pelo menos n\u00e3o houve tamb\u00e9m nenhuma amea\u00e7a \u00e0 sua independ\u00eancia, divulto, digamos assim, mas era suposto que nestes 50 anos fosse poss\u00edvel celebrar imensas coisas, n\u00e3o apenas a independ\u00eancia, porque a independ\u00eancia devia constituir-se como uma porta, que estando ela aberta, como se abriu em 75, devia ent\u00e3o dar-nos a oportunidade de viver v\u00e1rios outros resultados que v\u00eam de uma independ\u00eancia exatamente, que \u00e9 o que se luta para uma independ\u00eancia, para poder viver independentemente. E nestes 50 anos Angola ainda passou por 27 anos de guerra civil, fratricida internamente, mas temos ali j\u00e1 alguns bons anos acima destes 27, que deviam servir para juntar, agregar v\u00e1rios outros fatores de celebra\u00e7\u00e3o para que nestes 50 anos ent\u00e3o podemos celebrar n\u00e3o apenas a independ\u00eancia, mas um conjunto de conquistas que ter\u00edamos conseguido ao longo destes 50 anos.<\/p>\n\n\n\n<p>Infelizmente n\u00e3o se verifica de tal situa\u00e7\u00e3o e eu posso apenas agora, apenas n\u00e3o, mas agora destacar um resultado indel\u00e9vel da pr\u00f3pria independ\u00eancia que \u00e9 exatamente a liberdade, ou seja, n\u00f3s temos a independ\u00eancia, mas continuamos a viver sem liberdades. Liberdades em v\u00e1rios sentidos, por isso, se calhar, por enquanto, a minha resposta sim existe apenas a esse elemento, que \u00e9 a falta de liberdade nestes 50 anos, que tamb\u00e9m dever\u00edamos estar a celebrar, mas que infelizmente isto n\u00e3o ocorre.<\/p>\n\n\n\n<p>Cedric, 60% dos 35 milh\u00f5es de habitantes do pa\u00eds t\u00eam hoje menos de 25 anos. Pode significar que as cicatrizes do colonialismo e da pr\u00f3pria guerra civil para esta gera\u00e7\u00e3o podem ter sido ultrapassadas ou n\u00e3o serem t\u00e3o relevantes quanto isso?<\/p>\n\n\n\n<p>A sombra do colonialismo est\u00e1 presente de uma forma inclusive muito dura de se verificar, que \u00e9 que toda uma gera\u00e7\u00e3o nascida no p\u00f4s-independ\u00eancia continua a fazer recurso a um elemento de compara\u00e7\u00e3o com a forma como se vivia na \u00e9poca colonial. Mesmo aquelas gera\u00e7\u00f5es, claro, como a minha e toda a nascida ap\u00f3s 75, que n\u00e3o t\u00eam mem\u00f3rias do colonialismo, conseguem fazer uma equipara\u00e7\u00e3o em fun\u00e7\u00e3o da equipara\u00e7\u00e3o feita por quem viveu na \u00e9poca colonial e vive ent\u00e3o a \u00e9poca p\u00f3s-colonial. \u00c9 precisamente nos elementos das liberdades.<\/p>\n\n\n\n<p>Isto n\u00e3o quer dizer, e eu j\u00e1 tive a oportunidade de referir isto noutra ocasi\u00e3o, que acredito que n\u00e3o h\u00e1 quem pense em algum momento, salvo por que l\u00e1pis de mem\u00f3ria fosse, em viver sob julgo colonial, sob depend\u00eancia colonial. Creio que ningu\u00e9m querer\u00e1 voltar a estes tempos. Mas \u00e9 curioso ver que, sobretudo aquelas gera\u00e7\u00f5es que viveu estes tempos coloniais, muitas vezes usam o discurso colonial para dizer que estamos a viver pior do que naquela altura.<\/p>\n\n\n\n<p>E este pior n\u00e3o significa estar a dizer que est\u00e3o a viver mais dependente em termos pol\u00edticos, mas est\u00e3o a viver com menos liberdade do que na \u00e9poca colonial. Porque era suposto que no p\u00f3s-independ\u00eancia, sendo ent\u00e3o donos e senhores, donas e senhoras da sua pr\u00f3pria terra, era suposto que pudessem usufruir de imensa liberdade. E essas liberdades, nos \u00faltimos 50 anos, descontando mesmo at\u00e9 o per\u00edodo de Guerra Fratricida, tem-se notado que ela \u00e9 cortada sistematicamente ao povo angolano.<\/p>\n\n\n\n<p>Este povo que, quando reivindica por liberdade, \u00e9 respondido com balas. Este povo que tem, nesses seus 50 anos, cicatrizes profundas de um massacre que \u00e9 classificado de Holocausto Angolano, como \u00e9 o 27 de maio de 1975, ou 77 melhor. Como a Sexta-feira Sangrenta tamb\u00e9m, h\u00e1 v\u00e1rios massacres que t\u00eam estado a ocorrer, que ocorreram nesses 50 anos e ainda neste ano, 2025, no meio e final de julho a princ\u00edpio de agosto, tamb\u00e9m se viveu mais um massacre.<\/p>\n\n\n\n<p>Mais de 30 pessoas foram assassinadas a sangue frio, nem ruas, completamente desarmadas. Quando faziam protestos pac\u00edficos, foram assassinados por for\u00e7as da Pol\u00edcia Nacional. E isto tudo faz com que, muitas vezes, se ouve acol\u00e1 equipara\u00e7\u00f5es com a \u00e9poca colonial.<\/p>\n\n\n\n<p>No tempo do col\u00f3nio n\u00e3o era assim? Isto est\u00e1 pior que na \u00e9poca do col\u00f3nio. Discursos como este, que apesar de eu compreender a sua gravidade, o seu alcance, n\u00e3o acredito que estas pessoas estejam a invocar um regresso ao colonialismo, mas est\u00e3o exatamente a passar uma mensagem de que n\u00e3o \u00e9 esta Angola que sonhamos, n\u00e3o \u00e9 esta Angola ainda que almejamos. E \u00e9 por isso que nestes 50 anos, curiosamente assinalados numa ter\u00e7a-feira, 50 anos depois, porque exatamente o 11 de novembro foi assinalado tamb\u00e9m numa ter\u00e7a-feira, e 50 anos depois continuamos a lamentar imenso por falta de liberdades.<\/p>\n\n\n\n<p>Isto \u00e9 lament\u00e1vel, \u00e9 verific\u00e1vel, mas acredito ainda assim que a independ\u00eancia \u00e9 uma conquista a n\u00e3o desperdi\u00e7ar. Tudo o que nos falta, em termos de liberdades, \u00e9 sempre uma quest\u00e3o de continuar a lutar para conquist\u00e1-la.<\/p>\n\n\n\n<p>Falando de liberdades, Angola \u00e9 independente, mas os angolanos n\u00e3o s\u00e3o livres, \u00e9 o que acabou de dizer, n\u00e3o \u00e9? O C\u00e9drico de Carvalho, como jurista, sobretudo como ativista, foi preso no \u00e2mbito do processo 15-2 por raz\u00f5es pol\u00edticas. Como \u00e9 que avalia a presid\u00eancia de Jo\u00e3o Louren\u00e7o, at\u00e9 comparativamente \u00e0 anterior da Jos\u00e9 Eduardo Santos?&nbsp; Houve uma regress\u00e3o na liberdade de express\u00e3o e na liberdade de associa\u00e7\u00e3o e discuss\u00e3o dos temas de pol\u00edtica na sociedade angolana?<\/p>\n\n\n\n<p>Houve uma combina\u00e7\u00e3o de dois fatores que t\u00eam feito com que muita gente tenha alguma dificuldade em analisar este t\u00f3pico, que \u00e9 mais liberdade versus menos liberdade. Exatamente porque tocou na quest\u00e3o da nossa pris\u00e3o, a nossa pris\u00e3o constitui um marco. Eu sou suspeito para assim o classificar, mas j\u00e1 h\u00e1 acad\u00eamicos que t\u00eam estado a apontar que assim \u00e9. E tendo constitu\u00eddo um marco, o que se verificou foi que a gera\u00e7\u00e3o, sobretudo as gera\u00e7\u00f5es mais novas, ganharam um novo \u00edmpeto, ganharam coragem para poderem expressar-se mais livremente.<\/p>\n\n\n\n<p>Porque acredito muito que a quest\u00e3o da liberdade de primeira \u00e9 intr\u00ednseca. A liberdade de express\u00e3o \u00e9 primeiramente intr\u00ednseca, a pessoa que exprime-se. A repress\u00e3o \u00e0 liberdade de express\u00e3o, entretanto, tamb\u00e9m aumentou nos \u00faltimos anos.<\/p>\n\n\n\n<p>Apesar de existir mais pessoas a exprimirem-se livremente, sobretudo a partir das suas redes sociais. Mas \u00e9 trazendo aqui \u00e0 cola\u00e7\u00e3o a quest\u00e3o da liberdade de imprensa, que \u00e9 poss\u00edvel aferir que h\u00e1 menos liberdade de express\u00e3o no pa\u00eds com Jo\u00e3o Louren\u00e7o. Jos\u00e9 Eduardo, enquanto governou durante 37 anos, 38 anos, nunca controlou a comunica\u00e7\u00e3o social no pa\u00eds, tal como o Jo\u00e3o Louren\u00e7o, nesses seus 8 anos, sensivelmente, que est\u00e1 a governar, desde que est\u00e1 a controlar a comunica\u00e7\u00e3o social.<\/p>\n\n\n\n<p>H\u00e1 um monop\u00f3lio da comunica\u00e7\u00e3o social por parte do Estado angolano. A comunica\u00e7\u00e3o social estatal, ela \u00e9 maior do que nos 37 anos de governa\u00e7\u00e3o de Jos\u00e9 Eduardo Santos. E sendo ela uma comunica\u00e7\u00e3o social estatal, controlada milimetricamente pelo regime angolano, ela n\u00e3o permite que seja usada por quem tem voz cr\u00edtica, por quem \u00e9 cr\u00edtico \u00e0 governa\u00e7\u00e3o.<\/p>\n\n\n\n<p>E \u00e9 por isso que ficamos com menos espa\u00e7o de liberdade de express\u00e3o. O que pode parecer uma contradi\u00e7\u00e3o com o que eu disse \u00e0 primeira, que \u00e9 exatamente h\u00e1 mais liberdade de express\u00e3o porque as pessoas est\u00e3o mais livres para exprimir-se. Nota-se pelas redes sociais, nota-se pelo n\u00famero de vozes contestat\u00e1rias que surgiram.<\/p>\n\n\n\n<p>N\u00f3s n\u00e3o \u00e9 apenas uma meia d\u00fazia de pessoas que s\u00e3o interlocutores quando se quer abordar os assuntos sobre a realidade do pa\u00eds. Hoje h\u00e1 muito mais pessoas e tamb\u00e9m em muitos mais pontos do pa\u00eds. Quando antes era muito concentrado tamb\u00e9m em Luanda e um pouquinho por a\u00ed, em duas outras prov\u00edncias que t\u00eam um protagonismo, nomeadamente Lubango, Benguela.<\/p>\n\n\n\n<p>Mas isso agora ramificou-se um pouquinho. H\u00e1 muito mais intervenientes em v\u00e1rias partes do pa\u00eds. Mas apesar de existir mais intervenientes, h\u00e1 menos espa\u00e7o para exprimir-se.<\/p>\n\n\n\n<p>A comunica\u00e7\u00e3o social estatal controla. De tal modo que atualmente os dois principais \u00f3rg\u00e3os privados, jornais f\u00edsicos, se eu referir-me do Novo Jornal e do Jornal Folha 8, pelos quais passei, eles t\u00eam dificuldade. O Jornal Folha 8 j\u00e1 n\u00e3o \u00e9 impresso, porque nenhuma gr\u00e1fica aceita imprimir o Jornal Folha 8. Deixou de ser impresso e funciona apenas online.<\/p>\n\n\n\n<p>E o Novo Jornal, nos \u00faltimos dois, tr\u00eas meses, passou a ter problemas na sua impress\u00e3o. Estes problemas s\u00e3o estrat\u00e9gias criadas em termos de press\u00e3o junto das gr\u00e1ficas para dificultar a impress\u00e3o do jornal, para que este jornal comece a ter dificuldade de ser impresso e depois ele \u00e9 extinto ou, eventualmente, tamb\u00e9m reduza-se ao online apenas. O Jornal Folha 8 foi boicotado v\u00e1rias vezes ao n\u00edvel das gr\u00e1ficas e atualmente j\u00e1 n\u00e3o h\u00e1 espa\u00e7o.<\/p>\n\n\n\n<p>Ent\u00e3o, h\u00e1 a\u00ed uma campanha que est\u00e1 em curso h\u00e1 algum tempo para tamb\u00e9m silenciar o Novo Jornal, at\u00e9 porque praticamente consideram como, se calhar, miss\u00e3o conclu\u00edda para com o Folha 8. Ent\u00e3o, isto \u00e9 um resumo de que eu posso apontar como a liberdade de express\u00e3o est\u00e1 bastante limitada num pa\u00eds nesses cinquenta anos, ou ent\u00e3o nesses \u00faltimos oito anos de Jo\u00e3o Louren\u00e7o, porque a liberdade de imprensa est\u00e1 muito mais controlada como nunca se viu na hist\u00f3ria de Angola.<\/p>\n\n\n\n<p>Ser\u00e1 que, por outro lado, o Valdemir C\u00f4nigo, militante e que anunciou uma pr\u00e9-cadetural lideran\u00e7a do MPLA, disse que o pa\u00eds entrou no colapso social e fez outras cr\u00edticas, \u00e9 poss\u00edvel que exista alguma cis\u00e3o no interior do Partido Governo?<\/p>\n\n\n\n<p>Esta quest\u00e3o \u00e9 muito interessante porque leva-me a uma conclus\u00e3o. O pr\u00f3prio caso do Valdemir C\u00f4nigo \u00e9 bastante interessante porque refor\u00e7a a minha resposta, que \u00e9 a seguinte. O MPLA \u00e9 bastante coeso, porque o MPLA tem uma consci\u00eancia muito bem definida sobre os seus objetivos. Os seus objetivos, ou ent\u00e3o o seu objetivo principal maior, \u00e9 a manuten\u00e7\u00e3o do poder de forma inequ\u00edvoca, sem nenhum rodejo. Quanto a este objetivo, o MPLA n\u00e3o titubeia de tal modo que Valdemir, ao tentar fazer uma ruptura interna, n\u00e3o tendo a vaga, n\u00e3o tendo a ben\u00e7\u00e3o do Jo\u00e3o Louren\u00e7o, atual presidente, n\u00e3o pode fazer caminho dentro do MPLA. Ou seja, n\u00e3o pode criar cis\u00e3o exatamente dentro do MPLA. O MPLA, neste aspecto, \u00e9 bastante coeso, n\u00e3o permite cis\u00f5es. O 27 de maio de 1977 \u00e9 uma purga que visou exatamente eliminar e eliminou de forma mais violenta poss\u00edvel a tentativa de cis\u00e3o.<\/p>\n\n\n\n<p>E de l\u00e1 para c\u00e1, o MPLA tem estado a fazer isso sempre que necess\u00e1rio. O jovem Valdir teve muita sorte, porque ele foi apenas expulso, sem sequelas f\u00edsicas, n\u00e3o sei se profissionalmente ele ter\u00e1 consequ\u00eancias, n\u00e3o conhe\u00e7o pessoalmente e n\u00e3o acompanho a sua vida, mas pelo menos ele teve uma consequ\u00eancia de uma forma mais suave poss\u00edvel, porque se for necess\u00e1rio, quando algu\u00e9m amea\u00e7a a cis\u00e3o dentro do MPLA, se for necess\u00e1rio o MPLA usa meios mais extremos, como ocorreu em 1977, mas tamb\u00e9m h\u00e1 um outro candidato, nomeadamente o general Higinio Carneiro, a quem tamb\u00e9m j\u00e1 come\u00e7ou a ser feito todo o processo de purga dentro do MPLA. A comunica\u00e7\u00e3o social, inclusive, divulgou not\u00edcias, reportagens, apontando-lhe como estando em col\u00fadio com um ex-agente da CIA, tamb\u00e9m fizeram uma certa cola\u00e7\u00e3o a dois alegados agentes do grupo Wagner, dois cidad\u00e3os russos que foram detidos em Luanda, e tudo isto \u00e9 exatamente no \u00e2mbito de uma campanha contra mais um que tenta fazer uma cis\u00e3o internamente, mas que nota-se que n\u00e3o ser\u00e1 poss\u00edvel, porque eles s\u00e3o coesos, no seu objetivo principal, manuten\u00e7\u00e3o crua, dura do poder.<\/p>\n\n\n\n<p>S\u00e9rgio Carvalho, obrigado por nos ajudar a explicar o atual momento pol\u00edtico e social de Angola neste dia do 50\u00ba anivers\u00e1rio da independ\u00eancia. Muito obrigado.\u00a0Jornal Publico.<\/p>\n","protected":false},"excerpt":{"rendered":"<p>H\u00e1 50 anos atr\u00e1s, \u00e0 meia noite, em Luanda, Agostinho Neto (MPLA) proclamava a independ\u00eancia. No mesmo momento, Holden Roberto (FNLA), no Ambriz, e Jonas Savimbi (UNITA), em Huambo, faziam o mesmo. A partir da\u00ed, \u00e9 colocado o fim do regime colonial portugu\u00eas e se reinicia a guerra civil que duraria at\u00e9 2002, com a [&hellip;]<\/p>\n<div class='heateor_sss_sharing_container heateor_sss_vertical_sharing heateor_sss_bottom_sharing' style='width:44px;left: -10px;top: 100px;-webkit-box-shadow:none;box-shadow:none;' data-heateor-sss-href='https:\/\/jornalfax.net\/index.php\/wp-json\/wp\/v2\/posts\/5761'><div class=\"heateor_sss_sharing_ul\"><a aria-label=\"Facebook\" class=\"heateor_sss_facebook\" href=\"https:\/\/www.facebook.com\/sharer\/sharer.php?u=https%3A%2F%2Fjornalfax.net%2Findex.php%2Fwp-json%2Fwp%2Fv2%2Fposts%2F5761\" title=\"Facebook\" rel=\"nofollow noopener\" target=\"_blank\" style=\"font-size:32px!important;box-shadow:none;display:inline-block;vertical-align:middle\"><span class=\"heateor_sss_svg\" style=\"background-color:#0765FE;width:40px;height:40px;margin:0;display:inline-block;opacity:1;float:left;font-size:32px;box-shadow:none;display:inline-block;font-size:16px;padding:0 4px;vertical-align:middle;background-repeat:repeat;overflow:hidden;padding:0;cursor:pointer;box-sizing:content-box\"><svg style=\"display:block;\" focusable=\"false\" aria-hidden=\"true\" xmlns=\"http:\/\/www.w3.org\/2000\/svg\" width=\"100%\" height=\"100%\" viewBox=\"0 0 32 32\"><path fill=\"#fff\" d=\"M28 16c0-6.627-5.373-12-12-12S4 9.373 4 16c0 5.628 3.875 10.35 9.101 11.647v-7.98h-2.474V16H13.1v-1.58c0-4.085 1.849-5.978 5.859-5.978.76 0 2.072.15 2.608.298v3.325c-.283-.03-.775-.045-1.386-.045-1.967 0-2.728.745-2.728 2.683V16h3.92l-.673 3.667h-3.247v8.245C23.395 27.195 28 22.135 28 16Z\"><\/path><\/svg><\/span><\/a><a aria-label=\"X\" class=\"heateor_sss_button_x\" href=\"https:\/\/twitter.com\/intent\/tweet?text=%20-%20&url=https%3A%2F%2Fjornalfax.net%2Findex.php%2Fwp-json%2Fwp%2Fv2%2Fposts%2F5761\" title=\"X\" rel=\"nofollow noopener\" target=\"_blank\" style=\"font-size:32px!important;box-shadow:none;display:inline-block;vertical-align:middle\"><span class=\"heateor_sss_svg heateor_sss_s__default heateor_sss_s_x\" style=\"background-color:#2a2a2a;width:40px;height:40px;margin:0;display:inline-block;opacity:1;float:left;font-size:32px;box-shadow:none;display:inline-block;font-size:16px;padding:0 4px;vertical-align:middle;background-repeat:repeat;overflow:hidden;padding:0;cursor:pointer;box-sizing:content-box\"><svg width=\"100%\" height=\"100%\" style=\"display:block;\" focusable=\"false\" aria-hidden=\"true\" xmlns=\"http:\/\/www.w3.org\/2000\/svg\" viewBox=\"0 0 32 32\"><path fill=\"#fff\" d=\"M21.751 7h3.067l-6.7 7.658L26 25.078h-6.172l-4.833-6.32-5.531 6.32h-3.07l7.167-8.19L6 7h6.328l4.37 5.777L21.75 7Zm-1.076 16.242h1.7L11.404 8.74H9.58l11.094 14.503Z\"><\/path><\/svg><\/span><\/a><a aria-label=\"Reddit\" class=\"heateor_sss_button_reddit\" href=\"http:\/\/reddit.com\/submit?url=https%3A%2F%2Fjornalfax.net%2Findex.php%2Fwp-json%2Fwp%2Fv2%2Fposts%2F5761&title=%20-%20\" title=\"Reddit\" rel=\"nofollow noopener\" target=\"_blank\" style=\"font-size:32px!important;box-shadow:none;display:inline-block;vertical-align:middle\"><span class=\"heateor_sss_svg heateor_sss_s__default heateor_sss_s_reddit\" style=\"background-color:#ff5700;width:40px;height:40px;margin:0;display:inline-block;opacity:1;float:left;font-size:32px;box-shadow:none;display:inline-block;font-size:16px;padding:0 4px;vertical-align:middle;background-repeat:repeat;overflow:hidden;padding:0;cursor:pointer;box-sizing:content-box\"><svg style=\"display:block;\" focusable=\"false\" aria-hidden=\"true\" xmlns=\"http:\/\/www.w3.org\/2000\/svg\" width=\"100%\" height=\"100%\" viewBox=\"-3.5 -3.5 39 39\"><path d=\"M28.543 15.774a2.953 2.953 0 0 0-2.951-2.949 2.882 2.882 0 0 0-1.9.713 14.075 14.075 0 0 0-6.85-2.044l1.38-4.349 3.768.884a2.452 2.452 0 1 0 .24-1.176l-4.274-1a.6.6 0 0 0-.709.4l-1.659 5.224a14.314 14.314 0 0 0-7.316 2.029 2.908 2.908 0 0 0-1.872-.681 2.942 2.942 0 0 0-1.618 5.4 5.109 5.109 0 0 0-.062.765c0 4.158 5.037 7.541 11.229 7.541s11.22-3.383 11.22-7.541a5.2 5.2 0 0 0-.053-.706 2.963 2.963 0 0 0 1.427-2.51zm-18.008 1.88a1.753 1.753 0 0 1 1.73-1.74 1.73 1.73 0 0 1 1.709 1.74 1.709 1.709 0 0 1-1.709 1.711 1.733 1.733 0 0 1-1.73-1.711zm9.565 4.968a5.573 5.573 0 0 1-4.081 1.272h-.032a5.576 5.576 0 0 1-4.087-1.272.6.6 0 0 1 .844-.854 4.5 4.5 0 0 0 3.238.927h.032a4.5 4.5 0 0 0 3.237-.927.6.6 0 1 1 .844.854zm-.331-3.256a1.726 1.726 0 1 1 1.709-1.712 1.717 1.717 0 0 1-1.712 1.712z\" fill=\"#fff\"\/><\/svg><\/span><\/a><a aria-label=\"Linkedin\" class=\"heateor_sss_button_linkedin\" href=\"https:\/\/www.linkedin.com\/sharing\/share-offsite\/?url=https%3A%2F%2Fjornalfax.net%2Findex.php%2Fwp-json%2Fwp%2Fv2%2Fposts%2F5761\" title=\"Linkedin\" rel=\"nofollow noopener\" target=\"_blank\" style=\"font-size:32px!important;box-shadow:none;display:inline-block;vertical-align:middle\"><span class=\"heateor_sss_svg heateor_sss_s__default heateor_sss_s_linkedin\" style=\"background-color:#0077b5;width:40px;height:40px;margin:0;display:inline-block;opacity:1;float:left;font-size:32px;box-shadow:none;display:inline-block;font-size:16px;padding:0 4px;vertical-align:middle;background-repeat:repeat;overflow:hidden;padding:0;cursor:pointer;box-sizing:content-box\"><svg style=\"display:block;\" focusable=\"false\" aria-hidden=\"true\" xmlns=\"http:\/\/www.w3.org\/2000\/svg\" width=\"100%\" height=\"100%\" viewBox=\"0 0 32 32\"><path d=\"M6.227 12.61h4.19v13.48h-4.19V12.61zm2.095-6.7a2.43 2.43 0 0 1 0 4.86c-1.344 0-2.428-1.09-2.428-2.43s1.084-2.43 2.428-2.43m4.72 6.7h4.02v1.84h.058c.56-1.058 1.927-2.176 3.965-2.176 4.238 0 5.02 2.792 5.02 6.42v7.395h-4.183v-6.56c0-1.564-.03-3.574-2.178-3.574-2.18 0-2.514 1.7-2.514 3.46v6.668h-4.187V12.61z\" fill=\"#fff\"><\/path><\/svg><\/span><\/a><a aria-label=\"Pinterest\" class=\"heateor_sss_button_pinterest\" href=\"https:\/\/jornalfax.net\/index.php\/wp-json\/wp\/v2\/posts\/5761\" onclick=\"event.preventDefault();javascript:void( (function() {var e=document.createElement('script' );e.setAttribute('type','text\/javascript' );e.setAttribute('charset','UTF-8' );e.setAttribute('src','\/\/assets.pinterest.com\/js\/pinmarklet.js?r='+Math.random()*99999999);document.body.appendChild(e)})());\" title=\"Pinterest\" rel=\"noopener\" style=\"font-size:32px!important;box-shadow:none;display:inline-block;vertical-align:middle\"><span class=\"heateor_sss_svg heateor_sss_s__default heateor_sss_s_pinterest\" style=\"background-color:#cc2329;width:40px;height:40px;margin:0;display:inline-block;opacity:1;float:left;font-size:32px;box-shadow:none;display:inline-block;font-size:16px;padding:0 4px;vertical-align:middle;background-repeat:repeat;overflow:hidden;padding:0;cursor:pointer;box-sizing:content-box\"><svg style=\"display:block;\" focusable=\"false\" aria-hidden=\"true\" xmlns=\"http:\/\/www.w3.org\/2000\/svg\" width=\"100%\" height=\"100%\" viewBox=\"-2 -2 35 35\"><path fill=\"#fff\" d=\"M16.539 4.5c-6.277 0-9.442 4.5-9.442 8.253 0 2.272.86 4.293 2.705 5.046.303.125.574.005.662-.33.061-.231.205-.816.27-1.06.088-.331.053-.447-.191-.736-.532-.627-.873-1.439-.873-2.591 0-3.338 2.498-6.327 6.505-6.327 3.548 0 5.497 2.168 5.497 5.062 0 3.81-1.686 7.025-4.188 7.025-1.382 0-2.416-1.142-2.085-2.545.397-1.674 1.166-3.48 1.166-4.689 0-1.081-.581-1.983-1.782-1.983-1.413 0-2.548 1.462-2.548 3.419 0 1.247.421 2.091.421 2.091l-1.699 7.199c-.505 2.137-.076 4.755-.039 5.019.021.158.223.196.314.077.13-.17 1.813-2.247 2.384-4.324.162-.587.929-3.631.929-3.631.46.876 1.801 1.646 3.227 1.646 4.247 0 7.128-3.871 7.128-9.053.003-3.918-3.317-7.568-8.361-7.568z\"\/><\/svg><\/span><\/a><a aria-label=\"Mastodon\" class=\"heateor_sss_button_mastodon\" href=\"https:\/\/mastodon.social\/share?text=https%3A%2F%2Fjornalfax.net%2Findex.php%2Fwp-json%2Fwp%2Fv2%2Fposts%2F5761&title=%20-%20\" title=\"Mastodon\" rel=\"nofollow noopener\" target=\"_blank\" style=\"font-size:32px!important;box-shadow:none;display:inline-block;vertical-align:middle\"><span class=\"heateor_sss_svg heateor_sss_s__default heateor_sss_s_mastodon\" style=\"background-color:#6364FF;width:40px;height:40px;margin:0;display:inline-block;opacity:1;float:left;font-size:32px;box-shadow:none;display:inline-block;font-size:16px;padding:0 4px;vertical-align:middle;background-repeat:repeat;overflow:hidden;padding:0;cursor:pointer;box-sizing:content-box\"><svg style=\"display:block;\" focusable=\"false\" aria-hidden=\"true\" xmlns=\"http:\/\/www.w3.org\/2000\/svg\" width=\"100%\" height=\"100%\" viewBox=\"-3.5 -3.5 39 39\"><path d=\"M27 12c0-5.12-3.35-6.62-3.35-6.62C22 4.56 19.05 4.23 16 4.21c-3 0-5.92.35-7.61 1.12C8.36 5.33 5 6.83 5 12v4c.12 5 .92 9.93 5.54 11.16a17.67 17.67 0 005.44.6 10.88 10.88 0 004.18-.95l-.09-1.95a13.36 13.36 0 01-4.07.54c-2.12-.07-4.37-.23-4.71-2.84a5.58 5.58 0 01-.05-.73 27.46 27.46 0 004.73.63 26.76 26.76 0 004.68-.28c3-.35 5.53-2.17 5.85-3.83A39.25 39.25 0 0027 12zm-3.95 6.59h-2.46v-6c0-1.27-.53-1.91-1.6-1.91s-1.77.76-1.77 2.27v3.29h-2.44v-3.35c0-1.51-.59-2.27-1.77-2.27s-1.6.64-1.6 1.91v6H9v-6.18a4.49 4.49 0 011-3 3.39 3.39 0 012.63-1.12 3.17 3.17 0 012.84 1.44l.61 1 .61-1a3.17 3.17 0 012.84-1.44 3.39 3.39 0 012.63 1.12 4.49 4.49 0 011 3z\" fill=\"#fff\"><\/path><\/svg><\/span><\/a><a aria-label=\"Mix\" class=\"heateor_sss_button_mix\" href=\"https:\/\/mix.com\/mixit?url=https%3A%2F%2Fjornalfax.net%2Findex.php%2Fwp-json%2Fwp%2Fv2%2Fposts%2F5761\" title=\"Mix\" rel=\"nofollow noopener\" target=\"_blank\" style=\"font-size:32px!important;box-shadow:none;display:inline-block;vertical-align:middle\"><span class=\"heateor_sss_svg heateor_sss_s__default heateor_sss_s_mix\" style=\"background-color:#ff8226;width:40px;height:40px;margin:0;display:inline-block;opacity:1;float:left;font-size:32px;box-shadow:none;display:inline-block;font-size:16px;padding:0 4px;vertical-align:middle;background-repeat:repeat;overflow:hidden;padding:0;cursor:pointer;box-sizing:content-box\"><svg focusable=\"false\" aria-hidden=\"true\" xmlns=\"http:\/\/www.w3.org\/2000\/svg\" width=\"100%\" height=\"100%\" viewBox=\"-7 -8 45 45\"><g fill=\"#fff\"><path opacity=\".8\" d=\"M27.87 4.125c-5.224 0-9.467 4.159-9.467 9.291v2.89c0-1.306 1.074-2.362 2.399-2.362s2.399 1.056 2.399 2.362v1.204c0 1.306 1.074 2.362 2.399 2.362s2.399-1.056 2.399-2.362V4.134c-.036-.009-.082-.009-.129-.009\"\/><path d=\"M4 4.125v12.94c2.566 0 4.668-1.973 4.807-4.465v-2.214c0-.065 0-.12.009-.176.093-1.213 1.13-2.177 2.39-2.177 1.325 0 2.399 1.056 2.399 2.362v9.226c0 1.306 1.074 2.353 2.399 2.353s2.399-1.056 2.399-2.353v-6.206c0-5.132 4.233-9.291 9.467-9.291H4z\"\/><path opacity=\".8\" d=\"M4 17.074v8.438c0 1.306 1.074 2.362 2.399 2.362s2.399-1.056 2.399-2.362V12.61C8.659 15.102 6.566 17.074 4 17.074\"\/><\/g><\/svg><\/span><\/a><a aria-label=\"Whatsapp\" class=\"heateor_sss_whatsapp\" href=\"https:\/\/api.whatsapp.com\/send?text=%20-%20%20https%3A%2F%2Fjornalfax.net%2Findex.php%2Fwp-json%2Fwp%2Fv2%2Fposts%2F5761\" title=\"Whatsapp\" rel=\"nofollow noopener\" target=\"_blank\" style=\"font-size:32px!important;box-shadow:none;display:inline-block;vertical-align:middle\"><span class=\"heateor_sss_svg\" style=\"background-color:#55eb4c;width:40px;height:40px;margin:0;display:inline-block;opacity:1;float:left;font-size:32px;box-shadow:none;display:inline-block;font-size:16px;padding:0 4px;vertical-align:middle;background-repeat:repeat;overflow:hidden;padding:0;cursor:pointer;box-sizing:content-box\"><svg style=\"display:block;\" focusable=\"false\" aria-hidden=\"true\" xmlns=\"http:\/\/www.w3.org\/2000\/svg\" width=\"100%\" height=\"100%\" viewBox=\"-6 -5 40 40\"><path class=\"heateor_sss_svg_stroke heateor_sss_no_fill\" stroke=\"#fff\" stroke-width=\"2\" fill=\"none\" d=\"M 11.579798566743314 24.396926207859085 A 10 10 0 1 0 6.808479557110079 20.73576436351046\"><\/path><path d=\"M 7 19 l -1 6 l 6 -1\" class=\"heateor_sss_no_fill heateor_sss_svg_stroke\" stroke=\"#fff\" stroke-width=\"2\" fill=\"none\"><\/path><path d=\"M 10 10 q -1 8 8 11 c 5 -1 0 -6 -1 -3 q -4 -3 -5 -5 c 4 -2 -1 -5 -1 -4\" fill=\"#fff\"><\/path><\/svg><\/span><\/a><a class=\"heateor_sss_more\" aria-label=\"More\" title=\"More\" rel=\"nofollow noopener\" style=\"font-size: 32px!important;border:0;box-shadow:none;display:inline-block!important;font-size:16px;padding:0 4px;vertical-align: middle;display:inline;\" href=\"https:\/\/jornalfax.net\/index.php\/wp-json\/wp\/v2\/posts\/5761\" onclick=\"event.preventDefault()\"><span class=\"heateor_sss_svg\" style=\"background-color:#ee8e2d;width:40px;height:40px;margin:0;display:inline-block!important;opacity:1;float:left;font-size:32px!important;box-shadow:none;display:inline-block;font-size:16px;padding:0 4px;vertical-align:middle;display:inline;background-repeat:repeat;overflow:hidden;padding:0;cursor:pointer;box-sizing:content-box;\" onclick=\"heateorSssMoreSharingPopup(this, 'https:\/\/jornalfax.net\/index.php\/wp-json\/wp\/v2\/posts\/5761', '%20-%20', '' )\"><svg xmlns=\"http:\/\/www.w3.org\/2000\/svg\" xmlns:xlink=\"http:\/\/www.w3.org\/1999\/xlink\" viewBox=\"-.3 0 32 32\" version=\"1.1\" width=\"100%\" height=\"100%\" style=\"display:block;\" xml:space=\"preserve\"><g><path fill=\"#fff\" d=\"M18 14V8h-4v6H8v4h6v6h4v-6h6v-4h-6z\" fill-rule=\"evenodd\"><\/path><\/g><\/svg><\/span><\/a><\/div><div class=\"heateorSssClear\"><\/div><\/div>","protected":false},"author":1,"featured_media":5762,"comment_status":"closed","ping_status":"closed","sticky":false,"template":"","format":"standard","meta":{"footnotes":""},"categories":[22,23],"tags":[],"class_list":["post-5761","post","type-post","status-publish","format-standard","has-post-thumbnail","hentry","category-actualidade","category-destaque"],"yoast_head":"<!-- This site is optimized with the Yoast SEO plugin v24.3 - https:\/\/yoast.com\/wordpress\/plugins\/seo\/ -->\n<title>ANGOLA \u00c9 INDEPENDENTE, MAS OS ANGOLANOS N\u00c3O S\u00c3O LIVRES -<\/title>\n<meta name=\"robots\" content=\"index, follow, max-snippet:-1, max-image-preview:large, max-video-preview:-1\" \/>\n<link rel=\"canonical\" href=\"https:\/\/jornalfax.net\/index.php\/2025\/11\/11\/angola-e-independente-mas-os-angolanos-nao-sao-livres\/\" \/>\n<meta property=\"og:locale\" content=\"pt_BR\" \/>\n<meta property=\"og:type\" content=\"article\" \/>\n<meta property=\"og:title\" content=\"ANGOLA \u00c9 INDEPENDENTE, MAS OS ANGOLANOS N\u00c3O S\u00c3O LIVRES -\" \/>\n<meta property=\"og:description\" content=\"H\u00e1 50 anos atr\u00e1s, \u00e0 meia noite, em Luanda, Agostinho Neto (MPLA) proclamava a independ\u00eancia. No mesmo momento, Holden Roberto (FNLA), no Ambriz, e Jonas Savimbi (UNITA), em Huambo, faziam o mesmo. A partir da\u00ed, \u00e9 colocado o fim do regime colonial portugu\u00eas e se reinicia a guerra civil que duraria at\u00e9 2002, com a [&hellip;]\" \/>\n<meta property=\"og:url\" content=\"https:\/\/jornalfax.net\/index.php\/2025\/11\/11\/angola-e-independente-mas-os-angolanos-nao-sao-livres\/\" \/>\n<meta property=\"article:published_time\" content=\"2025-11-11T20:32:29+00:00\" \/>\n<meta property=\"article:modified_time\" content=\"2025-11-11T20:32:30+00:00\" \/>\n<meta property=\"og:image\" content=\"https:\/\/jornalfax.net\/wp-content\/uploads\/2025\/11\/bbf2c2067314c1541303c7ce582233bd_L.jpg\" \/>\n\t<meta property=\"og:image:width\" content=\"700\" \/>\n\t<meta property=\"og:image:height\" content=\"467\" \/>\n\t<meta property=\"og:image:type\" content=\"image\/jpeg\" \/>\n<meta name=\"author\" content=\"jornalfax.net\" \/>\n<meta name=\"twitter:card\" content=\"summary_large_image\" \/>\n<meta name=\"twitter:label1\" content=\"Escrito por\" \/>\n\t<meta name=\"twitter:data1\" content=\"jornalfax.net\" \/>\n\t<meta name=\"twitter:label2\" content=\"Est. tempo de leitura\" \/>\n\t<meta name=\"twitter:data2\" content=\"13 minutos\" \/>\n<script type=\"application\/ld+json\" class=\"yoast-schema-graph\">{\"@context\":\"https:\/\/schema.org\",\"@graph\":[{\"@type\":\"WebPage\",\"@id\":\"https:\/\/jornalfax.net\/index.php\/2025\/11\/11\/angola-e-independente-mas-os-angolanos-nao-sao-livres\/\",\"url\":\"https:\/\/jornalfax.net\/index.php\/2025\/11\/11\/angola-e-independente-mas-os-angolanos-nao-sao-livres\/\",\"name\":\"ANGOLA \u00c9 INDEPENDENTE, MAS OS ANGOLANOS N\u00c3O S\u00c3O LIVRES -\",\"isPartOf\":{\"@id\":\"https:\/\/jornalfax.net\/#website\"},\"primaryImageOfPage\":{\"@id\":\"https:\/\/jornalfax.net\/index.php\/2025\/11\/11\/angola-e-independente-mas-os-angolanos-nao-sao-livres\/#primaryimage\"},\"image\":{\"@id\":\"https:\/\/jornalfax.net\/index.php\/2025\/11\/11\/angola-e-independente-mas-os-angolanos-nao-sao-livres\/#primaryimage\"},\"thumbnailUrl\":\"https:\/\/jornalfax.net\/wp-content\/uploads\/2025\/11\/bbf2c2067314c1541303c7ce582233bd_L.jpg\",\"datePublished\":\"2025-11-11T20:32:29+00:00\",\"dateModified\":\"2025-11-11T20:32:30+00:00\",\"author\":{\"@id\":\"https:\/\/jornalfax.net\/#\/schema\/person\/ea5b5601e259b5e0c03c9cb7908e9ffd\"},\"breadcrumb\":{\"@id\":\"https:\/\/jornalfax.net\/index.php\/2025\/11\/11\/angola-e-independente-mas-os-angolanos-nao-sao-livres\/#breadcrumb\"},\"inLanguage\":\"pt-BR\",\"potentialAction\":[{\"@type\":\"ReadAction\",\"target\":[\"https:\/\/jornalfax.net\/index.php\/2025\/11\/11\/angola-e-independente-mas-os-angolanos-nao-sao-livres\/\"]}]},{\"@type\":\"ImageObject\",\"inLanguage\":\"pt-BR\",\"@id\":\"https:\/\/jornalfax.net\/index.php\/2025\/11\/11\/angola-e-independente-mas-os-angolanos-nao-sao-livres\/#primaryimage\",\"url\":\"https:\/\/jornalfax.net\/wp-content\/uploads\/2025\/11\/bbf2c2067314c1541303c7ce582233bd_L.jpg\",\"contentUrl\":\"https:\/\/jornalfax.net\/wp-content\/uploads\/2025\/11\/bbf2c2067314c1541303c7ce582233bd_L.jpg\",\"width\":700,\"height\":467},{\"@type\":\"BreadcrumbList\",\"@id\":\"https:\/\/jornalfax.net\/index.php\/2025\/11\/11\/angola-e-independente-mas-os-angolanos-nao-sao-livres\/#breadcrumb\",\"itemListElement\":[{\"@type\":\"ListItem\",\"position\":1,\"name\":\"In\u00edcio\",\"item\":\"https:\/\/jornalfax.net\/\"},{\"@type\":\"ListItem\",\"position\":2,\"name\":\"ANGOLA \u00c9 INDEPENDENTE, MAS OS ANGOLANOS N\u00c3O S\u00c3O LIVRES\"}]},{\"@type\":\"WebSite\",\"@id\":\"https:\/\/jornalfax.net\/#website\",\"url\":\"https:\/\/jornalfax.net\/\",\"name\":\"\",\"description\":\"\",\"potentialAction\":[{\"@type\":\"SearchAction\",\"target\":{\"@type\":\"EntryPoint\",\"urlTemplate\":\"https:\/\/jornalfax.net\/?s={search_term_string}\"},\"query-input\":{\"@type\":\"PropertyValueSpecification\",\"valueRequired\":true,\"valueName\":\"search_term_string\"}}],\"inLanguage\":\"pt-BR\"},{\"@type\":\"Person\",\"@id\":\"https:\/\/jornalfax.net\/#\/schema\/person\/ea5b5601e259b5e0c03c9cb7908e9ffd\",\"name\":\"jornalfax.net\",\"sameAs\":[\"http:\/\/jornalfax.net\"],\"url\":\"https:\/\/jornalfax.net\/index.php\/author\/jornalfax-net\/\"}]}<\/script>\n<!-- \/ Yoast SEO plugin. -->","yoast_head_json":{"title":"ANGOLA \u00c9 INDEPENDENTE, MAS OS ANGOLANOS N\u00c3O S\u00c3O LIVRES -","robots":{"index":"index","follow":"follow","max-snippet":"max-snippet:-1","max-image-preview":"max-image-preview:large","max-video-preview":"max-video-preview:-1"},"canonical":"https:\/\/jornalfax.net\/index.php\/2025\/11\/11\/angola-e-independente-mas-os-angolanos-nao-sao-livres\/","og_locale":"pt_BR","og_type":"article","og_title":"ANGOLA \u00c9 INDEPENDENTE, MAS OS ANGOLANOS N\u00c3O S\u00c3O LIVRES -","og_description":"H\u00e1 50 anos atr\u00e1s, \u00e0 meia noite, em Luanda, Agostinho Neto (MPLA) proclamava a independ\u00eancia. No mesmo momento, Holden Roberto (FNLA), no Ambriz, e Jonas Savimbi (UNITA), em Huambo, faziam o mesmo. A partir da\u00ed, \u00e9 colocado o fim do regime colonial portugu\u00eas e se reinicia a guerra civil que duraria at\u00e9 2002, com a [&hellip;]","og_url":"https:\/\/jornalfax.net\/index.php\/2025\/11\/11\/angola-e-independente-mas-os-angolanos-nao-sao-livres\/","article_published_time":"2025-11-11T20:32:29+00:00","article_modified_time":"2025-11-11T20:32:30+00:00","og_image":[{"width":700,"height":467,"url":"https:\/\/jornalfax.net\/wp-content\/uploads\/2025\/11\/bbf2c2067314c1541303c7ce582233bd_L.jpg","type":"image\/jpeg"}],"author":"jornalfax.net","twitter_card":"summary_large_image","twitter_misc":{"Escrito por":"jornalfax.net","Est. tempo de leitura":"13 minutos"},"schema":{"@context":"https:\/\/schema.org","@graph":[{"@type":"WebPage","@id":"https:\/\/jornalfax.net\/index.php\/2025\/11\/11\/angola-e-independente-mas-os-angolanos-nao-sao-livres\/","url":"https:\/\/jornalfax.net\/index.php\/2025\/11\/11\/angola-e-independente-mas-os-angolanos-nao-sao-livres\/","name":"ANGOLA \u00c9 INDEPENDENTE, MAS OS ANGOLANOS N\u00c3O S\u00c3O LIVRES -","isPartOf":{"@id":"https:\/\/jornalfax.net\/#website"},"primaryImageOfPage":{"@id":"https:\/\/jornalfax.net\/index.php\/2025\/11\/11\/angola-e-independente-mas-os-angolanos-nao-sao-livres\/#primaryimage"},"image":{"@id":"https:\/\/jornalfax.net\/index.php\/2025\/11\/11\/angola-e-independente-mas-os-angolanos-nao-sao-livres\/#primaryimage"},"thumbnailUrl":"https:\/\/jornalfax.net\/wp-content\/uploads\/2025\/11\/bbf2c2067314c1541303c7ce582233bd_L.jpg","datePublished":"2025-11-11T20:32:29+00:00","dateModified":"2025-11-11T20:32:30+00:00","author":{"@id":"https:\/\/jornalfax.net\/#\/schema\/person\/ea5b5601e259b5e0c03c9cb7908e9ffd"},"breadcrumb":{"@id":"https:\/\/jornalfax.net\/index.php\/2025\/11\/11\/angola-e-independente-mas-os-angolanos-nao-sao-livres\/#breadcrumb"},"inLanguage":"pt-BR","potentialAction":[{"@type":"ReadAction","target":["https:\/\/jornalfax.net\/index.php\/2025\/11\/11\/angola-e-independente-mas-os-angolanos-nao-sao-livres\/"]}]},{"@type":"ImageObject","inLanguage":"pt-BR","@id":"https:\/\/jornalfax.net\/index.php\/2025\/11\/11\/angola-e-independente-mas-os-angolanos-nao-sao-livres\/#primaryimage","url":"https:\/\/jornalfax.net\/wp-content\/uploads\/2025\/11\/bbf2c2067314c1541303c7ce582233bd_L.jpg","contentUrl":"https:\/\/jornalfax.net\/wp-content\/uploads\/2025\/11\/bbf2c2067314c1541303c7ce582233bd_L.jpg","width":700,"height":467},{"@type":"BreadcrumbList","@id":"https:\/\/jornalfax.net\/index.php\/2025\/11\/11\/angola-e-independente-mas-os-angolanos-nao-sao-livres\/#breadcrumb","itemListElement":[{"@type":"ListItem","position":1,"name":"In\u00edcio","item":"https:\/\/jornalfax.net\/"},{"@type":"ListItem","position":2,"name":"ANGOLA \u00c9 INDEPENDENTE, MAS OS ANGOLANOS N\u00c3O S\u00c3O LIVRES"}]},{"@type":"WebSite","@id":"https:\/\/jornalfax.net\/#website","url":"https:\/\/jornalfax.net\/","name":"","description":"","potentialAction":[{"@type":"SearchAction","target":{"@type":"EntryPoint","urlTemplate":"https:\/\/jornalfax.net\/?s={search_term_string}"},"query-input":{"@type":"PropertyValueSpecification","valueRequired":true,"valueName":"search_term_string"}}],"inLanguage":"pt-BR"},{"@type":"Person","@id":"https:\/\/jornalfax.net\/#\/schema\/person\/ea5b5601e259b5e0c03c9cb7908e9ffd","name":"jornalfax.net","sameAs":["http:\/\/jornalfax.net"],"url":"https:\/\/jornalfax.net\/index.php\/author\/jornalfax-net\/"}]}},"_links":{"self":[{"href":"https:\/\/jornalfax.net\/index.php\/wp-json\/wp\/v2\/posts\/5761","targetHints":{"allow":["GET"]}}],"collection":[{"href":"https:\/\/jornalfax.net\/index.php\/wp-json\/wp\/v2\/posts"}],"about":[{"href":"https:\/\/jornalfax.net\/index.php\/wp-json\/wp\/v2\/types\/post"}],"author":[{"embeddable":true,"href":"https:\/\/jornalfax.net\/index.php\/wp-json\/wp\/v2\/users\/1"}],"replies":[{"embeddable":true,"href":"https:\/\/jornalfax.net\/index.php\/wp-json\/wp\/v2\/comments?post=5761"}],"version-history":[{"count":1,"href":"https:\/\/jornalfax.net\/index.php\/wp-json\/wp\/v2\/posts\/5761\/revisions"}],"predecessor-version":[{"id":5763,"href":"https:\/\/jornalfax.net\/index.php\/wp-json\/wp\/v2\/posts\/5761\/revisions\/5763"}],"wp:featuredmedia":[{"embeddable":true,"href":"https:\/\/jornalfax.net\/index.php\/wp-json\/wp\/v2\/media\/5762"}],"wp:attachment":[{"href":"https:\/\/jornalfax.net\/index.php\/wp-json\/wp\/v2\/media?parent=5761"}],"wp:term":[{"taxonomy":"category","embeddable":true,"href":"https:\/\/jornalfax.net\/index.php\/wp-json\/wp\/v2\/categories?post=5761"},{"taxonomy":"post_tag","embeddable":true,"href":"https:\/\/jornalfax.net\/index.php\/wp-json\/wp\/v2\/tags?post=5761"}],"curies":[{"name":"wp","href":"https:\/\/api.w.org\/{rel}","templated":true}]}}