{"id":5743,"date":"2025-11-06T16:44:32","date_gmt":"2025-11-06T19:44:32","guid":{"rendered":"https:\/\/jornalfax.net\/?p=5743"},"modified":"2025-11-06T16:44:33","modified_gmt":"2025-11-06T19:44:33","slug":"ausencia-do-governo-no-congresso-da-reconciliacao-demonstra-que-angola-nao-esta-reconciliada-unita","status":"publish","type":"post","link":"https:\/\/jornalfax.net\/index.php\/2025\/11\/06\/ausencia-do-governo-no-congresso-da-reconciliacao-demonstra-que-angola-nao-esta-reconciliada-unita\/","title":{"rendered":"AUS\u00caNCIA DO GOVERNO NO CONGRESSO DA RECONCILIA\u00c7\u00c3O DEMONSTRA QUE ANGOLA N\u00c3O EST\u00c1 RECONCILIADA \u2013 UNITA"},"content":{"rendered":"\n<p>O presidente da UNITA estranhou hoje a aus\u00eancia do Governo no Congresso Nacional da Reconcilia\u00e7\u00e3o, que decorre em Luanda, afirmando que &#8220;Angola n\u00e3o est\u00e1 reconciliada&#8221; e que o pa\u00eds &#8220;n\u00e3o corresponde aos sonhos&#8221; de uma na\u00e7\u00e3o inclusiva e justa.<\/p>\n\n\n\n<p>&#8220;O pa\u00eds que temos hoje n\u00e3o corresponde aos nossos sonhos, como voc\u00eas sabem, e eu tenho a expectativa de, sa\u00eddos daqui, podermos efetivamente melhorar o quadro daquilo que \u00e9 o pa\u00eds real&#8221;, disse Adalberto Costa J\u00fanior \u00e0 margem do congresso promovido pela Confer\u00eancia Episcopal de Angola e S\u00e3o Tom\u00e9 (CEAST).<\/p>\n\n\n\n<p>O dirigente destacou a disponibilidade do maior partido da oposi\u00e7\u00e3o angolana em contribuir para os debates defendendo tamb\u00e9m que \u00e9 &#8220;necess\u00e1rio que o Governo seja um part\u00edcipe absoluto e que quem tamb\u00e9m dirige este espa\u00e7o de governa\u00e7\u00e3o se envolva profundamente na busca do desiderato de uma melhor Angola, que \u00e9 aquela que n\u00f3s todos pretendemos&#8221;.<\/p>\n\n\n\n<p>O congresso da CEAST, que pretende promover um &#8220;conjunto de compromissos&#8221; para a constru\u00e7\u00e3o de uma nova Angola baseada na reconcilia\u00e7\u00e3o, foi acolhido por muitos e n\u00e3o compreendido por alguns&#8221;, segundo o presidente da confer\u00eancia, Dom Jos\u00e9 Manuel Imbamba.<\/p>\n\n\n\n<p>Entre os participantes est\u00e3o deputados de todos os grupos parlamentares, analistas, ativistas, religiosos, autoridades tradicionais e membros da sociedade civil,mas foi notada a aus\u00eancia de representantes do Governo.<\/p>\n\n\n\n<p>O Presidente da Rep\u00fablica, Jo\u00e3o Louren\u00e7o, tinha inicialmente confirmado presen\u00e7a, mas mais tarde manifestou indisponibilidade por raz\u00f5es de calend\u00e1rio, tendo participado esta manh\u00e3 na cerim\u00f3nia de condecora\u00e7\u00f5es no \u00e2mbito das comemora\u00e7\u00f5es dos 50 anos da independ\u00eancia, tema tamb\u00e9m central do congresso.<\/p>\n\n\n\n<p>Sobre a coincid\u00eancia de sobrepor a entrega das medalhas de reconhecimento aos Pais da Na\u00e7\u00e3o ao congresso da reconcilia\u00e7\u00e3o, Adalberto Costa J\u00fanior considerou &#8220;de mau gosto&#8221;, afirmando que &#8220;o percurso ainda \u00e9 longo&#8221; e &#8220;denota que o alinhamento para a reconcilia\u00e7\u00e3o n\u00e3o \u00e9 ainda o perfeito e o ideal&#8221;.<\/p>\n\n\n\n<p>O l\u00edder da oposi\u00e7\u00e3o disse n\u00e3o ter ficado indiferente \u00e0 aus\u00eancia do Executivo no congresso, sublinhando que&nbsp;&#8220;n\u00e3o esperava&#8221; e este era um &#8220;ato de convite ao di\u00e1logo&#8221;.<\/p>\n\n\n\n<p>Ningu\u00e9m est\u00e1 aqui com nenhum machado sobre o pesco\u00e7o. \u00c9 um desafio a uma constru\u00e7\u00e3o de uma melhor Angola. Estou admirado (&#8230;) eu espero que ainda venham e que participem&#8221;, declarou.<\/p>\n\n\n\n<p>Questionado sobre o estado da reconcilia\u00e7\u00e3o nacional, Adalberto Costa J\u00fanior foi categ\u00f3rico:&nbsp;&#8220;Angola n\u00e3o est\u00e1 reconciliada, infelizmente. N\u00f3s inici\u00e1mos este processo com o fim da guerra, em 2002. Tivemos um mecanismo que tratou das quest\u00f5es da implementa\u00e7\u00e3o dos Acordos de Paz e dos pendentes da Reconcilia\u00e7\u00e3o Nacional. Em 2008 foi extinto, com tr\u00eas p\u00e1ginas ainda pendentes. Estas tr\u00eas p\u00e1ginas continuam at\u00e9 hoje por cumprir&#8221;.<\/p>\n\n\n\n<p>Em causa est\u00e1, por exemplo, a inclus\u00e3o dos ex-militares e dos antigos combatentes que deixou tamb\u00e9m de fora&nbsp;&#8220;muita vi\u00fava, muito \u00f3rf\u00e3o, ainda hoje n\u00e3o reconhecidos neste processo&#8221;.<\/p>\n\n\n\n<p>Adalberto Costa J\u00fanior criticou ainda a &#8220;pol\u00e9mica desnecess\u00e1ria&#8221; em torno da atribui\u00e7\u00e3o das condecora\u00e7\u00f5es aos pais da na\u00e7\u00e3o, Jonas Savimbi (fundador da UNITA) e Holden Roberto (fundador da FNLA)<\/p>\n\n\n\n<p>&#8220;Eles fizeram a sua luta ontem e proporcionaram-nos a oportunidade de aqui nos encontrarmos hoje e eu penso que foi muito, muito desnecess\u00e1rio andarmos num adiamento da genu\u00edna atribui\u00e7\u00e3o de m\u00e9rito a quem tudo fez para que Angola se tornasse independente&#8221;,&nbsp;afirmou.<\/p>\n\n\n\n<p>Questionado sobre a presen\u00e7a da UNITA nas cerim\u00f3nias oficiais dos 50 anos da independ\u00eancia, escusou-se a confirmar. &#8220;Vai ser dif\u00edcil, vai haver aqui uma necessidade de cada um olhar para a sua pr\u00f3pria consci\u00eancia.<\/p>\n\n\n\n<p>H\u00e1 dois tipos de realidades em confronto: aquela de querermos fazer parte e de querermos dar uma imagem de participa\u00e7\u00e3o de um pa\u00eds que \u00e9 de n\u00f3s todos, e aquela outra que nos traz um pa\u00eds de injusti\u00e7as, de muita pobreza e de muita exclus\u00e3o, um pa\u00eds que faz mais festas do que se preocupa com o combate \u00e0 pobreza e \u00e0 exclus\u00e3o&#8221;, disse.<\/p>\n\n\n\n<p>Adalberto Costa J\u00fanior adiantou que o Comit\u00e9 Permanente da UNITA debateu esta mat\u00e9ria &#8220;complexa&#8221; sem obter uma posi\u00e7\u00e3o de consenso.<\/p>\n\n\n\n<p>&#8220;Porque n\u00e3o h\u00e1 um reconhecimento por parte de quem dirige de que estamos num momento da reconcilia\u00e7\u00e3o. Estamos nos 50 anos da inclus\u00e3o, n\u00f3s n\u00e3o estamos ainda nos 50 anos da democracia&#8221;, acrescentou.<\/p>\n\n\n\n<p>Apesar das cr\u00edticas, o l\u00edder da oposi\u00e7\u00e3o assegurou que a UNITA &#8220;acredita na import\u00e2ncia do di\u00e1logo&#8221; e continuar\u00e1 a &#8220;fazer parte de tudo o que contribua para a constru\u00e7\u00e3o de uma melhor Angola&#8221;.<\/p>\n\n\n\n<p>O l\u00edder da UNITA, Adalberto Costa J\u00fanior sublinhou ainda a import\u00e2ncia de o encontro &#8220;incentivar o di\u00e1logo&#8221; e maior sensibilidade &#8220;nos aspetos de uma justi\u00e7a que funcione, nos aspetos das liberdades fundamentais respeitadas, nos aspetos de uma melhor governa\u00e7\u00e3o e de uma melhor intera\u00e7\u00e3o da inclus\u00e3o do todo nacional&#8221;, afirmou.<\/p>\n","protected":false},"excerpt":{"rendered":"<p>O presidente da UNITA estranhou hoje a aus\u00eancia do Governo no Congresso Nacional da Reconcilia\u00e7\u00e3o, que decorre em Luanda, afirmando que &#8220;Angola n\u00e3o est\u00e1 reconciliada&#8221; e que o pa\u00eds &#8220;n\u00e3o corresponde aos sonhos&#8221; de uma na\u00e7\u00e3o inclusiva e justa. &#8220;O pa\u00eds que temos hoje n\u00e3o corresponde aos nossos sonhos, como voc\u00eas sabem, e eu tenho [&hellip;]<\/p>\n<div class='heateor_sss_sharing_container heateor_sss_vertical_sharing heateor_sss_bottom_sharing' style='width:44px;left: -10px;top: 100px;-webkit-box-shadow:none;box-shadow:none;' data-heateor-sss-href='https:\/\/jornalfax.net\/index.php\/wp-json\/wp\/v2\/posts\/5743'><div class=\"heateor_sss_sharing_ul\"><a aria-label=\"Facebook\" class=\"heateor_sss_facebook\" href=\"https:\/\/www.facebook.com\/sharer\/sharer.php?u=https%3A%2F%2Fjornalfax.net%2Findex.php%2Fwp-json%2Fwp%2Fv2%2Fposts%2F5743\" title=\"Facebook\" rel=\"nofollow noopener\" target=\"_blank\" style=\"font-size:32px!important;box-shadow:none;display:inline-block;vertical-align:middle\"><span class=\"heateor_sss_svg\" style=\"background-color:#0765FE;width:40px;height:40px;margin:0;display:inline-block;opacity:1;float:left;font-size:32px;box-shadow:none;display:inline-block;font-size:16px;padding:0 4px;vertical-align:middle;background-repeat:repeat;overflow:hidden;padding:0;cursor:pointer;box-sizing:content-box\"><svg style=\"display:block;\" focusable=\"false\" aria-hidden=\"true\" xmlns=\"http:\/\/www.w3.org\/2000\/svg\" width=\"100%\" height=\"100%\" viewBox=\"0 0 32 32\"><path fill=\"#fff\" d=\"M28 16c0-6.627-5.373-12-12-12S4 9.373 4 16c0 5.628 3.875 10.35 9.101 11.647v-7.98h-2.474V16H13.1v-1.58c0-4.085 1.849-5.978 5.859-5.978.76 0 2.072.15 2.608.298v3.325c-.283-.03-.775-.045-1.386-.045-1.967 0-2.728.745-2.728 2.683V16h3.92l-.673 3.667h-3.247v8.245C23.395 27.195 28 22.135 28 16Z\"><\/path><\/svg><\/span><\/a><a aria-label=\"X\" class=\"heateor_sss_button_x\" href=\"https:\/\/twitter.com\/intent\/tweet?text=%20-%20&url=https%3A%2F%2Fjornalfax.net%2Findex.php%2Fwp-json%2Fwp%2Fv2%2Fposts%2F5743\" title=\"X\" rel=\"nofollow noopener\" target=\"_blank\" style=\"font-size:32px!important;box-shadow:none;display:inline-block;vertical-align:middle\"><span class=\"heateor_sss_svg heateor_sss_s__default heateor_sss_s_x\" style=\"background-color:#2a2a2a;width:40px;height:40px;margin:0;display:inline-block;opacity:1;float:left;font-size:32px;box-shadow:none;display:inline-block;font-size:16px;padding:0 4px;vertical-align:middle;background-repeat:repeat;overflow:hidden;padding:0;cursor:pointer;box-sizing:content-box\"><svg width=\"100%\" height=\"100%\" style=\"display:block;\" focusable=\"false\" aria-hidden=\"true\" xmlns=\"http:\/\/www.w3.org\/2000\/svg\" viewBox=\"0 0 32 32\"><path fill=\"#fff\" d=\"M21.751 7h3.067l-6.7 7.658L26 25.078h-6.172l-4.833-6.32-5.531 6.32h-3.07l7.167-8.19L6 7h6.328l4.37 5.777L21.75 7Zm-1.076 16.242h1.7L11.404 8.74H9.58l11.094 14.503Z\"><\/path><\/svg><\/span><\/a><a aria-label=\"Reddit\" class=\"heateor_sss_button_reddit\" href=\"http:\/\/reddit.com\/submit?url=https%3A%2F%2Fjornalfax.net%2Findex.php%2Fwp-json%2Fwp%2Fv2%2Fposts%2F5743&title=%20-%20\" title=\"Reddit\" rel=\"nofollow noopener\" target=\"_blank\" style=\"font-size:32px!important;box-shadow:none;display:inline-block;vertical-align:middle\"><span class=\"heateor_sss_svg heateor_sss_s__default heateor_sss_s_reddit\" style=\"background-color:#ff5700;width:40px;height:40px;margin:0;display:inline-block;opacity:1;float:left;font-size:32px;box-shadow:none;display:inline-block;font-size:16px;padding:0 4px;vertical-align:middle;background-repeat:repeat;overflow:hidden;padding:0;cursor:pointer;box-sizing:content-box\"><svg style=\"display:block;\" focusable=\"false\" aria-hidden=\"true\" xmlns=\"http:\/\/www.w3.org\/2000\/svg\" width=\"100%\" height=\"100%\" viewBox=\"-3.5 -3.5 39 39\"><path d=\"M28.543 15.774a2.953 2.953 0 0 0-2.951-2.949 2.882 2.882 0 0 0-1.9.713 14.075 14.075 0 0 0-6.85-2.044l1.38-4.349 3.768.884a2.452 2.452 0 1 0 .24-1.176l-4.274-1a.6.6 0 0 0-.709.4l-1.659 5.224a14.314 14.314 0 0 0-7.316 2.029 2.908 2.908 0 0 0-1.872-.681 2.942 2.942 0 0 0-1.618 5.4 5.109 5.109 0 0 0-.062.765c0 4.158 5.037 7.541 11.229 7.541s11.22-3.383 11.22-7.541a5.2 5.2 0 0 0-.053-.706 2.963 2.963 0 0 0 1.427-2.51zm-18.008 1.88a1.753 1.753 0 0 1 1.73-1.74 1.73 1.73 0 0 1 1.709 1.74 1.709 1.709 0 0 1-1.709 1.711 1.733 1.733 0 0 1-1.73-1.711zm9.565 4.968a5.573 5.573 0 0 1-4.081 1.272h-.032a5.576 5.576 0 0 1-4.087-1.272.6.6 0 0 1 .844-.854 4.5 4.5 0 0 0 3.238.927h.032a4.5 4.5 0 0 0 3.237-.927.6.6 0 1 1 .844.854zm-.331-3.256a1.726 1.726 0 1 1 1.709-1.712 1.717 1.717 0 0 1-1.712 1.712z\" fill=\"#fff\"\/><\/svg><\/span><\/a><a aria-label=\"Linkedin\" class=\"heateor_sss_button_linkedin\" href=\"https:\/\/www.linkedin.com\/sharing\/share-offsite\/?url=https%3A%2F%2Fjornalfax.net%2Findex.php%2Fwp-json%2Fwp%2Fv2%2Fposts%2F5743\" title=\"Linkedin\" rel=\"nofollow noopener\" target=\"_blank\" style=\"font-size:32px!important;box-shadow:none;display:inline-block;vertical-align:middle\"><span class=\"heateor_sss_svg heateor_sss_s__default heateor_sss_s_linkedin\" style=\"background-color:#0077b5;width:40px;height:40px;margin:0;display:inline-block;opacity:1;float:left;font-size:32px;box-shadow:none;display:inline-block;font-size:16px;padding:0 4px;vertical-align:middle;background-repeat:repeat;overflow:hidden;padding:0;cursor:pointer;box-sizing:content-box\"><svg style=\"display:block;\" focusable=\"false\" aria-hidden=\"true\" xmlns=\"http:\/\/www.w3.org\/2000\/svg\" width=\"100%\" height=\"100%\" viewBox=\"0 0 32 32\"><path d=\"M6.227 12.61h4.19v13.48h-4.19V12.61zm2.095-6.7a2.43 2.43 0 0 1 0 4.86c-1.344 0-2.428-1.09-2.428-2.43s1.084-2.43 2.428-2.43m4.72 6.7h4.02v1.84h.058c.56-1.058 1.927-2.176 3.965-2.176 4.238 0 5.02 2.792 5.02 6.42v7.395h-4.183v-6.56c0-1.564-.03-3.574-2.178-3.574-2.18 0-2.514 1.7-2.514 3.46v6.668h-4.187V12.61z\" fill=\"#fff\"><\/path><\/svg><\/span><\/a><a aria-label=\"Pinterest\" class=\"heateor_sss_button_pinterest\" href=\"https:\/\/jornalfax.net\/index.php\/wp-json\/wp\/v2\/posts\/5743\" onclick=\"event.preventDefault();javascript:void( (function() {var e=document.createElement('script' );e.setAttribute('type','text\/javascript' );e.setAttribute('charset','UTF-8' );e.setAttribute('src','\/\/assets.pinterest.com\/js\/pinmarklet.js?r='+Math.random()*99999999);document.body.appendChild(e)})());\" title=\"Pinterest\" rel=\"noopener\" style=\"font-size:32px!important;box-shadow:none;display:inline-block;vertical-align:middle\"><span class=\"heateor_sss_svg heateor_sss_s__default heateor_sss_s_pinterest\" style=\"background-color:#cc2329;width:40px;height:40px;margin:0;display:inline-block;opacity:1;float:left;font-size:32px;box-shadow:none;display:inline-block;font-size:16px;padding:0 4px;vertical-align:middle;background-repeat:repeat;overflow:hidden;padding:0;cursor:pointer;box-sizing:content-box\"><svg style=\"display:block;\" focusable=\"false\" aria-hidden=\"true\" xmlns=\"http:\/\/www.w3.org\/2000\/svg\" width=\"100%\" height=\"100%\" viewBox=\"-2 -2 35 35\"><path fill=\"#fff\" d=\"M16.539 4.5c-6.277 0-9.442 4.5-9.442 8.253 0 2.272.86 4.293 2.705 5.046.303.125.574.005.662-.33.061-.231.205-.816.27-1.06.088-.331.053-.447-.191-.736-.532-.627-.873-1.439-.873-2.591 0-3.338 2.498-6.327 6.505-6.327 3.548 0 5.497 2.168 5.497 5.062 0 3.81-1.686 7.025-4.188 7.025-1.382 0-2.416-1.142-2.085-2.545.397-1.674 1.166-3.48 1.166-4.689 0-1.081-.581-1.983-1.782-1.983-1.413 0-2.548 1.462-2.548 3.419 0 1.247.421 2.091.421 2.091l-1.699 7.199c-.505 2.137-.076 4.755-.039 5.019.021.158.223.196.314.077.13-.17 1.813-2.247 2.384-4.324.162-.587.929-3.631.929-3.631.46.876 1.801 1.646 3.227 1.646 4.247 0 7.128-3.871 7.128-9.053.003-3.918-3.317-7.568-8.361-7.568z\"\/><\/svg><\/span><\/a><a aria-label=\"Mastodon\" class=\"heateor_sss_button_mastodon\" href=\"https:\/\/mastodon.social\/share?text=https%3A%2F%2Fjornalfax.net%2Findex.php%2Fwp-json%2Fwp%2Fv2%2Fposts%2F5743&title=%20-%20\" title=\"Mastodon\" rel=\"nofollow noopener\" target=\"_blank\" style=\"font-size:32px!important;box-shadow:none;display:inline-block;vertical-align:middle\"><span class=\"heateor_sss_svg heateor_sss_s__default heateor_sss_s_mastodon\" style=\"background-color:#6364FF;width:40px;height:40px;margin:0;display:inline-block;opacity:1;float:left;font-size:32px;box-shadow:none;display:inline-block;font-size:16px;padding:0 4px;vertical-align:middle;background-repeat:repeat;overflow:hidden;padding:0;cursor:pointer;box-sizing:content-box\"><svg style=\"display:block;\" focusable=\"false\" aria-hidden=\"true\" xmlns=\"http:\/\/www.w3.org\/2000\/svg\" width=\"100%\" height=\"100%\" viewBox=\"-3.5 -3.5 39 39\"><path d=\"M27 12c0-5.12-3.35-6.62-3.35-6.62C22 4.56 19.05 4.23 16 4.21c-3 0-5.92.35-7.61 1.12C8.36 5.33 5 6.83 5 12v4c.12 5 .92 9.93 5.54 11.16a17.67 17.67 0 005.44.6 10.88 10.88 0 004.18-.95l-.09-1.95a13.36 13.36 0 01-4.07.54c-2.12-.07-4.37-.23-4.71-2.84a5.58 5.58 0 01-.05-.73 27.46 27.46 0 004.73.63 26.76 26.76 0 004.68-.28c3-.35 5.53-2.17 5.85-3.83A39.25 39.25 0 0027 12zm-3.95 6.59h-2.46v-6c0-1.27-.53-1.91-1.6-1.91s-1.77.76-1.77 2.27v3.29h-2.44v-3.35c0-1.51-.59-2.27-1.77-2.27s-1.6.64-1.6 1.91v6H9v-6.18a4.49 4.49 0 011-3 3.39 3.39 0 012.63-1.12 3.17 3.17 0 012.84 1.44l.61 1 .61-1a3.17 3.17 0 012.84-1.44 3.39 3.39 0 012.63 1.12 4.49 4.49 0 011 3z\" fill=\"#fff\"><\/path><\/svg><\/span><\/a><a aria-label=\"Mix\" class=\"heateor_sss_button_mix\" href=\"https:\/\/mix.com\/mixit?url=https%3A%2F%2Fjornalfax.net%2Findex.php%2Fwp-json%2Fwp%2Fv2%2Fposts%2F5743\" title=\"Mix\" rel=\"nofollow noopener\" target=\"_blank\" style=\"font-size:32px!important;box-shadow:none;display:inline-block;vertical-align:middle\"><span class=\"heateor_sss_svg heateor_sss_s__default heateor_sss_s_mix\" style=\"background-color:#ff8226;width:40px;height:40px;margin:0;display:inline-block;opacity:1;float:left;font-size:32px;box-shadow:none;display:inline-block;font-size:16px;padding:0 4px;vertical-align:middle;background-repeat:repeat;overflow:hidden;padding:0;cursor:pointer;box-sizing:content-box\"><svg focusable=\"false\" aria-hidden=\"true\" xmlns=\"http:\/\/www.w3.org\/2000\/svg\" width=\"100%\" height=\"100%\" viewBox=\"-7 -8 45 45\"><g fill=\"#fff\"><path opacity=\".8\" d=\"M27.87 4.125c-5.224 0-9.467 4.159-9.467 9.291v2.89c0-1.306 1.074-2.362 2.399-2.362s2.399 1.056 2.399 2.362v1.204c0 1.306 1.074 2.362 2.399 2.362s2.399-1.056 2.399-2.362V4.134c-.036-.009-.082-.009-.129-.009\"\/><path d=\"M4 4.125v12.94c2.566 0 4.668-1.973 4.807-4.465v-2.214c0-.065 0-.12.009-.176.093-1.213 1.13-2.177 2.39-2.177 1.325 0 2.399 1.056 2.399 2.362v9.226c0 1.306 1.074 2.353 2.399 2.353s2.399-1.056 2.399-2.353v-6.206c0-5.132 4.233-9.291 9.467-9.291H4z\"\/><path opacity=\".8\" d=\"M4 17.074v8.438c0 1.306 1.074 2.362 2.399 2.362s2.399-1.056 2.399-2.362V12.61C8.659 15.102 6.566 17.074 4 17.074\"\/><\/g><\/svg><\/span><\/a><a aria-label=\"Whatsapp\" class=\"heateor_sss_whatsapp\" href=\"https:\/\/api.whatsapp.com\/send?text=%20-%20%20https%3A%2F%2Fjornalfax.net%2Findex.php%2Fwp-json%2Fwp%2Fv2%2Fposts%2F5743\" title=\"Whatsapp\" rel=\"nofollow noopener\" target=\"_blank\" style=\"font-size:32px!important;box-shadow:none;display:inline-block;vertical-align:middle\"><span class=\"heateor_sss_svg\" style=\"background-color:#55eb4c;width:40px;height:40px;margin:0;display:inline-block;opacity:1;float:left;font-size:32px;box-shadow:none;display:inline-block;font-size:16px;padding:0 4px;vertical-align:middle;background-repeat:repeat;overflow:hidden;padding:0;cursor:pointer;box-sizing:content-box\"><svg style=\"display:block;\" focusable=\"false\" aria-hidden=\"true\" xmlns=\"http:\/\/www.w3.org\/2000\/svg\" width=\"100%\" height=\"100%\" viewBox=\"-6 -5 40 40\"><path class=\"heateor_sss_svg_stroke heateor_sss_no_fill\" stroke=\"#fff\" stroke-width=\"2\" fill=\"none\" d=\"M 11.579798566743314 24.396926207859085 A 10 10 0 1 0 6.808479557110079 20.73576436351046\"><\/path><path d=\"M 7 19 l -1 6 l 6 -1\" class=\"heateor_sss_no_fill heateor_sss_svg_stroke\" stroke=\"#fff\" stroke-width=\"2\" fill=\"none\"><\/path><path d=\"M 10 10 q -1 8 8 11 c 5 -1 0 -6 -1 -3 q -4 -3 -5 -5 c 4 -2 -1 -5 -1 -4\" fill=\"#fff\"><\/path><\/svg><\/span><\/a><a class=\"heateor_sss_more\" aria-label=\"More\" title=\"More\" rel=\"nofollow noopener\" style=\"font-size: 32px!important;border:0;box-shadow:none;display:inline-block!important;font-size:16px;padding:0 4px;vertical-align: middle;display:inline;\" href=\"https:\/\/jornalfax.net\/index.php\/wp-json\/wp\/v2\/posts\/5743\" onclick=\"event.preventDefault()\"><span class=\"heateor_sss_svg\" style=\"background-color:#ee8e2d;width:40px;height:40px;margin:0;display:inline-block!important;opacity:1;float:left;font-size:32px!important;box-shadow:none;display:inline-block;font-size:16px;padding:0 4px;vertical-align:middle;display:inline;background-repeat:repeat;overflow:hidden;padding:0;cursor:pointer;box-sizing:content-box;\" onclick=\"heateorSssMoreSharingPopup(this, 'https:\/\/jornalfax.net\/index.php\/wp-json\/wp\/v2\/posts\/5743', '%20-%20', '' )\"><svg xmlns=\"http:\/\/www.w3.org\/2000\/svg\" xmlns:xlink=\"http:\/\/www.w3.org\/1999\/xlink\" viewBox=\"-.3 0 32 32\" version=\"1.1\" width=\"100%\" height=\"100%\" style=\"display:block;\" xml:space=\"preserve\"><g><path fill=\"#fff\" d=\"M18 14V8h-4v6H8v4h6v6h4v-6h6v-4h-6z\" fill-rule=\"evenodd\"><\/path><\/g><\/svg><\/span><\/a><\/div><div class=\"heateorSssClear\"><\/div><\/div>","protected":false},"author":1,"featured_media":5744,"comment_status":"closed","ping_status":"closed","sticky":false,"template":"","format":"standard","meta":{"footnotes":""},"categories":[22,23],"tags":[],"class_list":["post-5743","post","type-post","status-publish","format-standard","has-post-thumbnail","hentry","category-actualidade","category-destaque"],"yoast_head":"<!-- This site is optimized with the Yoast SEO plugin v24.3 - https:\/\/yoast.com\/wordpress\/plugins\/seo\/ -->\n<title>AUS\u00caNCIA DO GOVERNO NO CONGRESSO DA RECONCILIA\u00c7\u00c3O DEMONSTRA QUE ANGOLA N\u00c3O EST\u00c1 RECONCILIADA \u2013 UNITA -<\/title>\n<meta name=\"robots\" content=\"index, follow, max-snippet:-1, max-image-preview:large, max-video-preview:-1\" \/>\n<link rel=\"canonical\" href=\"https:\/\/jornalfax.net\/index.php\/2025\/11\/06\/ausencia-do-governo-no-congresso-da-reconciliacao-demonstra-que-angola-nao-esta-reconciliada-unita\/\" \/>\n<meta property=\"og:locale\" content=\"pt_BR\" \/>\n<meta property=\"og:type\" content=\"article\" \/>\n<meta property=\"og:title\" content=\"AUS\u00caNCIA DO GOVERNO NO CONGRESSO DA RECONCILIA\u00c7\u00c3O DEMONSTRA QUE ANGOLA N\u00c3O EST\u00c1 RECONCILIADA \u2013 UNITA -\" \/>\n<meta property=\"og:description\" content=\"O presidente da UNITA estranhou hoje a aus\u00eancia do Governo no Congresso Nacional da Reconcilia\u00e7\u00e3o, que decorre em Luanda, afirmando que &#8220;Angola n\u00e3o est\u00e1 reconciliada&#8221; e que o pa\u00eds &#8220;n\u00e3o corresponde aos sonhos&#8221; de uma na\u00e7\u00e3o inclusiva e justa. &#8220;O pa\u00eds que temos hoje n\u00e3o corresponde aos nossos sonhos, como voc\u00eas sabem, e eu tenho [&hellip;]\" \/>\n<meta property=\"og:url\" content=\"https:\/\/jornalfax.net\/index.php\/2025\/11\/06\/ausencia-do-governo-no-congresso-da-reconciliacao-demonstra-que-angola-nao-esta-reconciliada-unita\/\" \/>\n<meta property=\"article:published_time\" content=\"2025-11-06T19:44:32+00:00\" \/>\n<meta property=\"article:modified_time\" content=\"2025-11-06T19:44:33+00:00\" \/>\n<meta property=\"og:image\" content=\"https:\/\/jornalfax.net\/wp-content\/uploads\/2025\/11\/d248860c635d52646435baaf33296541_L.jpg\" \/>\n\t<meta property=\"og:image:width\" content=\"769\" \/>\n\t<meta property=\"og:image:height\" content=\"467\" \/>\n\t<meta property=\"og:image:type\" content=\"image\/jpeg\" \/>\n<meta name=\"author\" content=\"jornalfax.net\" \/>\n<meta name=\"twitter:card\" content=\"summary_large_image\" \/>\n<meta name=\"twitter:label1\" content=\"Escrito por\" \/>\n\t<meta name=\"twitter:data1\" content=\"jornalfax.net\" \/>\n\t<meta name=\"twitter:label2\" content=\"Est. tempo de leitura\" \/>\n\t<meta name=\"twitter:data2\" content=\"5 minutos\" \/>\n<script type=\"application\/ld+json\" class=\"yoast-schema-graph\">{\"@context\":\"https:\/\/schema.org\",\"@graph\":[{\"@type\":\"WebPage\",\"@id\":\"https:\/\/jornalfax.net\/index.php\/2025\/11\/06\/ausencia-do-governo-no-congresso-da-reconciliacao-demonstra-que-angola-nao-esta-reconciliada-unita\/\",\"url\":\"https:\/\/jornalfax.net\/index.php\/2025\/11\/06\/ausencia-do-governo-no-congresso-da-reconciliacao-demonstra-que-angola-nao-esta-reconciliada-unita\/\",\"name\":\"AUS\u00caNCIA DO GOVERNO NO CONGRESSO DA RECONCILIA\u00c7\u00c3O DEMONSTRA QUE ANGOLA N\u00c3O EST\u00c1 RECONCILIADA \u2013 UNITA -\",\"isPartOf\":{\"@id\":\"https:\/\/jornalfax.net\/#website\"},\"primaryImageOfPage\":{\"@id\":\"https:\/\/jornalfax.net\/index.php\/2025\/11\/06\/ausencia-do-governo-no-congresso-da-reconciliacao-demonstra-que-angola-nao-esta-reconciliada-unita\/#primaryimage\"},\"image\":{\"@id\":\"https:\/\/jornalfax.net\/index.php\/2025\/11\/06\/ausencia-do-governo-no-congresso-da-reconciliacao-demonstra-que-angola-nao-esta-reconciliada-unita\/#primaryimage\"},\"thumbnailUrl\":\"https:\/\/jornalfax.net\/wp-content\/uploads\/2025\/11\/d248860c635d52646435baaf33296541_L.jpg\",\"datePublished\":\"2025-11-06T19:44:32+00:00\",\"dateModified\":\"2025-11-06T19:44:33+00:00\",\"author\":{\"@id\":\"https:\/\/jornalfax.net\/#\/schema\/person\/ea5b5601e259b5e0c03c9cb7908e9ffd\"},\"breadcrumb\":{\"@id\":\"https:\/\/jornalfax.net\/index.php\/2025\/11\/06\/ausencia-do-governo-no-congresso-da-reconciliacao-demonstra-que-angola-nao-esta-reconciliada-unita\/#breadcrumb\"},\"inLanguage\":\"pt-BR\",\"potentialAction\":[{\"@type\":\"ReadAction\",\"target\":[\"https:\/\/jornalfax.net\/index.php\/2025\/11\/06\/ausencia-do-governo-no-congresso-da-reconciliacao-demonstra-que-angola-nao-esta-reconciliada-unita\/\"]}]},{\"@type\":\"ImageObject\",\"inLanguage\":\"pt-BR\",\"@id\":\"https:\/\/jornalfax.net\/index.php\/2025\/11\/06\/ausencia-do-governo-no-congresso-da-reconciliacao-demonstra-que-angola-nao-esta-reconciliada-unita\/#primaryimage\",\"url\":\"https:\/\/jornalfax.net\/wp-content\/uploads\/2025\/11\/d248860c635d52646435baaf33296541_L.jpg\",\"contentUrl\":\"https:\/\/jornalfax.net\/wp-content\/uploads\/2025\/11\/d248860c635d52646435baaf33296541_L.jpg\",\"width\":769,\"height\":467},{\"@type\":\"BreadcrumbList\",\"@id\":\"https:\/\/jornalfax.net\/index.php\/2025\/11\/06\/ausencia-do-governo-no-congresso-da-reconciliacao-demonstra-que-angola-nao-esta-reconciliada-unita\/#breadcrumb\",\"itemListElement\":[{\"@type\":\"ListItem\",\"position\":1,\"name\":\"In\u00edcio\",\"item\":\"https:\/\/jornalfax.net\/\"},{\"@type\":\"ListItem\",\"position\":2,\"name\":\"AUS\u00caNCIA DO GOVERNO NO CONGRESSO DA RECONCILIA\u00c7\u00c3O DEMONSTRA QUE ANGOLA N\u00c3O EST\u00c1 RECONCILIADA \u2013 UNITA\"}]},{\"@type\":\"WebSite\",\"@id\":\"https:\/\/jornalfax.net\/#website\",\"url\":\"https:\/\/jornalfax.net\/\",\"name\":\"\",\"description\":\"\",\"potentialAction\":[{\"@type\":\"SearchAction\",\"target\":{\"@type\":\"EntryPoint\",\"urlTemplate\":\"https:\/\/jornalfax.net\/?s={search_term_string}\"},\"query-input\":{\"@type\":\"PropertyValueSpecification\",\"valueRequired\":true,\"valueName\":\"search_term_string\"}}],\"inLanguage\":\"pt-BR\"},{\"@type\":\"Person\",\"@id\":\"https:\/\/jornalfax.net\/#\/schema\/person\/ea5b5601e259b5e0c03c9cb7908e9ffd\",\"name\":\"jornalfax.net\",\"sameAs\":[\"http:\/\/jornalfax.net\"],\"url\":\"https:\/\/jornalfax.net\/index.php\/author\/jornalfax-net\/\"}]}<\/script>\n<!-- \/ Yoast SEO plugin. -->","yoast_head_json":{"title":"AUS\u00caNCIA DO GOVERNO NO CONGRESSO DA RECONCILIA\u00c7\u00c3O DEMONSTRA QUE ANGOLA N\u00c3O EST\u00c1 RECONCILIADA \u2013 UNITA -","robots":{"index":"index","follow":"follow","max-snippet":"max-snippet:-1","max-image-preview":"max-image-preview:large","max-video-preview":"max-video-preview:-1"},"canonical":"https:\/\/jornalfax.net\/index.php\/2025\/11\/06\/ausencia-do-governo-no-congresso-da-reconciliacao-demonstra-que-angola-nao-esta-reconciliada-unita\/","og_locale":"pt_BR","og_type":"article","og_title":"AUS\u00caNCIA DO GOVERNO NO CONGRESSO DA RECONCILIA\u00c7\u00c3O DEMONSTRA QUE ANGOLA N\u00c3O EST\u00c1 RECONCILIADA \u2013 UNITA -","og_description":"O presidente da UNITA estranhou hoje a aus\u00eancia do Governo no Congresso Nacional da Reconcilia\u00e7\u00e3o, que decorre em Luanda, afirmando que &#8220;Angola n\u00e3o est\u00e1 reconciliada&#8221; e que o pa\u00eds &#8220;n\u00e3o corresponde aos sonhos&#8221; de uma na\u00e7\u00e3o inclusiva e justa. &#8220;O pa\u00eds que temos hoje n\u00e3o corresponde aos nossos sonhos, como voc\u00eas sabem, e eu tenho [&hellip;]","og_url":"https:\/\/jornalfax.net\/index.php\/2025\/11\/06\/ausencia-do-governo-no-congresso-da-reconciliacao-demonstra-que-angola-nao-esta-reconciliada-unita\/","article_published_time":"2025-11-06T19:44:32+00:00","article_modified_time":"2025-11-06T19:44:33+00:00","og_image":[{"width":769,"height":467,"url":"https:\/\/jornalfax.net\/wp-content\/uploads\/2025\/11\/d248860c635d52646435baaf33296541_L.jpg","type":"image\/jpeg"}],"author":"jornalfax.net","twitter_card":"summary_large_image","twitter_misc":{"Escrito por":"jornalfax.net","Est. tempo de leitura":"5 minutos"},"schema":{"@context":"https:\/\/schema.org","@graph":[{"@type":"WebPage","@id":"https:\/\/jornalfax.net\/index.php\/2025\/11\/06\/ausencia-do-governo-no-congresso-da-reconciliacao-demonstra-que-angola-nao-esta-reconciliada-unita\/","url":"https:\/\/jornalfax.net\/index.php\/2025\/11\/06\/ausencia-do-governo-no-congresso-da-reconciliacao-demonstra-que-angola-nao-esta-reconciliada-unita\/","name":"AUS\u00caNCIA DO GOVERNO NO CONGRESSO DA RECONCILIA\u00c7\u00c3O DEMONSTRA QUE ANGOLA N\u00c3O EST\u00c1 RECONCILIADA \u2013 UNITA -","isPartOf":{"@id":"https:\/\/jornalfax.net\/#website"},"primaryImageOfPage":{"@id":"https:\/\/jornalfax.net\/index.php\/2025\/11\/06\/ausencia-do-governo-no-congresso-da-reconciliacao-demonstra-que-angola-nao-esta-reconciliada-unita\/#primaryimage"},"image":{"@id":"https:\/\/jornalfax.net\/index.php\/2025\/11\/06\/ausencia-do-governo-no-congresso-da-reconciliacao-demonstra-que-angola-nao-esta-reconciliada-unita\/#primaryimage"},"thumbnailUrl":"https:\/\/jornalfax.net\/wp-content\/uploads\/2025\/11\/d248860c635d52646435baaf33296541_L.jpg","datePublished":"2025-11-06T19:44:32+00:00","dateModified":"2025-11-06T19:44:33+00:00","author":{"@id":"https:\/\/jornalfax.net\/#\/schema\/person\/ea5b5601e259b5e0c03c9cb7908e9ffd"},"breadcrumb":{"@id":"https:\/\/jornalfax.net\/index.php\/2025\/11\/06\/ausencia-do-governo-no-congresso-da-reconciliacao-demonstra-que-angola-nao-esta-reconciliada-unita\/#breadcrumb"},"inLanguage":"pt-BR","potentialAction":[{"@type":"ReadAction","target":["https:\/\/jornalfax.net\/index.php\/2025\/11\/06\/ausencia-do-governo-no-congresso-da-reconciliacao-demonstra-que-angola-nao-esta-reconciliada-unita\/"]}]},{"@type":"ImageObject","inLanguage":"pt-BR","@id":"https:\/\/jornalfax.net\/index.php\/2025\/11\/06\/ausencia-do-governo-no-congresso-da-reconciliacao-demonstra-que-angola-nao-esta-reconciliada-unita\/#primaryimage","url":"https:\/\/jornalfax.net\/wp-content\/uploads\/2025\/11\/d248860c635d52646435baaf33296541_L.jpg","contentUrl":"https:\/\/jornalfax.net\/wp-content\/uploads\/2025\/11\/d248860c635d52646435baaf33296541_L.jpg","width":769,"height":467},{"@type":"BreadcrumbList","@id":"https:\/\/jornalfax.net\/index.php\/2025\/11\/06\/ausencia-do-governo-no-congresso-da-reconciliacao-demonstra-que-angola-nao-esta-reconciliada-unita\/#breadcrumb","itemListElement":[{"@type":"ListItem","position":1,"name":"In\u00edcio","item":"https:\/\/jornalfax.net\/"},{"@type":"ListItem","position":2,"name":"AUS\u00caNCIA DO GOVERNO NO CONGRESSO DA RECONCILIA\u00c7\u00c3O DEMONSTRA QUE ANGOLA N\u00c3O EST\u00c1 RECONCILIADA \u2013 UNITA"}]},{"@type":"WebSite","@id":"https:\/\/jornalfax.net\/#website","url":"https:\/\/jornalfax.net\/","name":"","description":"","potentialAction":[{"@type":"SearchAction","target":{"@type":"EntryPoint","urlTemplate":"https:\/\/jornalfax.net\/?s={search_term_string}"},"query-input":{"@type":"PropertyValueSpecification","valueRequired":true,"valueName":"search_term_string"}}],"inLanguage":"pt-BR"},{"@type":"Person","@id":"https:\/\/jornalfax.net\/#\/schema\/person\/ea5b5601e259b5e0c03c9cb7908e9ffd","name":"jornalfax.net","sameAs":["http:\/\/jornalfax.net"],"url":"https:\/\/jornalfax.net\/index.php\/author\/jornalfax-net\/"}]}},"_links":{"self":[{"href":"https:\/\/jornalfax.net\/index.php\/wp-json\/wp\/v2\/posts\/5743","targetHints":{"allow":["GET"]}}],"collection":[{"href":"https:\/\/jornalfax.net\/index.php\/wp-json\/wp\/v2\/posts"}],"about":[{"href":"https:\/\/jornalfax.net\/index.php\/wp-json\/wp\/v2\/types\/post"}],"author":[{"embeddable":true,"href":"https:\/\/jornalfax.net\/index.php\/wp-json\/wp\/v2\/users\/1"}],"replies":[{"embeddable":true,"href":"https:\/\/jornalfax.net\/index.php\/wp-json\/wp\/v2\/comments?post=5743"}],"version-history":[{"count":1,"href":"https:\/\/jornalfax.net\/index.php\/wp-json\/wp\/v2\/posts\/5743\/revisions"}],"predecessor-version":[{"id":5745,"href":"https:\/\/jornalfax.net\/index.php\/wp-json\/wp\/v2\/posts\/5743\/revisions\/5745"}],"wp:featuredmedia":[{"embeddable":true,"href":"https:\/\/jornalfax.net\/index.php\/wp-json\/wp\/v2\/media\/5744"}],"wp:attachment":[{"href":"https:\/\/jornalfax.net\/index.php\/wp-json\/wp\/v2\/media?parent=5743"}],"wp:term":[{"taxonomy":"category","embeddable":true,"href":"https:\/\/jornalfax.net\/index.php\/wp-json\/wp\/v2\/categories?post=5743"},{"taxonomy":"post_tag","embeddable":true,"href":"https:\/\/jornalfax.net\/index.php\/wp-json\/wp\/v2\/tags?post=5743"}],"curies":[{"name":"wp","href":"https:\/\/api.w.org\/{rel}","templated":true}]}}