{"id":5406,"date":"2025-09-07T11:32:55","date_gmt":"2025-09-07T14:32:55","guid":{"rendered":"https:\/\/jornalfax.net\/?p=5406"},"modified":"2025-09-07T11:33:27","modified_gmt":"2025-09-07T14:33:27","slug":"silvia-lutucuta-destaca-cobertura-universal-da-saude-como-forte-compromisso-do-executivo","status":"publish","type":"post","link":"https:\/\/jornalfax.net\/index.php\/2025\/09\/07\/silvia-lutucuta-destaca-cobertura-universal-da-saude-como-forte-compromisso-do-executivo\/","title":{"rendered":"S\u00cdLVIA LUTUCUTA DESTACA COBERTURA UNIVERSAL DA SA\u00daDE COMO FORTE COMPROMISSO DO EXECUTIVO"},"content":{"rendered":"\n<p>A ministra da Sa\u00fade, S\u00edlvia Lutucuta, destacou, este s\u00e1bado, em Addis Abeba, Eti\u00f3pia, que a cobertura universal da sa\u00fade \u00e9 um forte compromisso de Estado, consagrado na Estrat\u00e9gia de Longo Prazo \u201cAngola 2050\u201d e no Plano Nacional de Desenvolvimento 2023\u20132027, alinhado \u00e0s Agendas da ONU 2030 e da Uni\u00e3o Africana 2063.<\/p>\n\n\n\n<p>Ao intervir numa mesa-redonda subordinada ao tema \u201cRecuperar o progresso rumo \u00e0 Cobertura Universal de Sa\u00fade e acelerar o ODS 3\u201d, S\u00edlvia Lutucuta reiterou o papel determinante da lideran\u00e7a do Presidente da Rep\u00fablica, Jo\u00e3o Louren\u00e7o, na transforma\u00e7\u00e3o profunda do sector da sa\u00fade em Angola.<\/p>\n\n\n\n<p>Para a ministra, o Chefe de Estado tem dado uma aten\u00e7\u00e3o especial ao sector social, em particular \u00e0 sa\u00fade, sendo esta determinante para acelerar os avan\u00e7os rumo ao ODS 3, Sa\u00fade e bem-estar.<\/p>\n\n\n\n<p>Mais adiante, apontou os progressos do sector da Sa\u00fade em Angola como a expans\u00e3o da Rede de Infra-estruturas sanit\u00e1rias, para quem Angola passou de 2.612 unidades sanit\u00e1rias em 2017 para 3.355 at\u00e9 ao 1.\u00ba semestre de 2025, com mais de 50% voltadas para os cuidados prim\u00e1rios, como resultado do Plano Integrado de Interven\u00e7\u00e3o nos Munic\u00edpios.<\/p>\n\n\n\n<p>Em rela\u00e7\u00e3o ao aumento dos n\u00fameros de profissionais da sa\u00fade, revelou que foram integrados 46.705 novos profissionais entre 2017 e 2024, incluindo 3.833 m\u00e9dicos e mais de 27 mil enfermeiros. At\u00e9 2028, est\u00e1 prevista a forma\u00e7\u00e3o de 38 mil profissionais adicionais, com prioridade para medicina geral, familiar e \u00e1reas diagn\u00f3sticas e terap\u00eauticas.<\/p>\n\n\n\n<p>\u201cColocar as pessoas no centro da nossa actua\u00e7\u00e3o \u00e9 uma das marcas desta governa\u00e7\u00e3o. A forma\u00e7\u00e3o e especializa\u00e7\u00e3o dos nossos quadros \u00e9 crucial para garantir servi\u00e7os de sa\u00fade de qualidade e com equidade\u201d, sublinhou.<\/p>\n\n\n\n<p>S\u00edlvia Lutucuta disse, ainda, que a descentraliza\u00e7\u00e3o de recursos para os munic\u00edpios, acompanhada de subs\u00eddios de isolamento e instala\u00e7\u00e3o aos profissionais em zonas remotas, promove uma responsabilidade compartilhada entre o Governo central e local.<\/p>\n\n\n\n<p>Telemedicina<\/p>\n\n\n\n<p>Neste particular, a ministra assentou que Angola investe na telemedicina, teleduca\u00e7\u00e3o, cirurgia rob\u00f3tica e plataformas digitais de log\u00edstica e registo de dados para ultrapassar barreiras geogr\u00e1ficas.<\/p>\n\n\n\n<p>A produ\u00e7\u00e3o nacional de medicamentos essenciais e vacinas, ressaltou, \u00e9 uma prioridade estrat\u00e9gica, apoiada por pol\u00edticas de incentivo \u00e0 ind\u00fastria nacional e mecanismos de compras agrupadas financiadas pelo Or\u00e7amento Geral do Estado.<\/p>\n\n\n\n<p>Disse que Angola adopta solu\u00e7\u00f5es inovadoras, como a afecta\u00e7\u00e3o de receitas provenientes de \u00e1lcool, tabaco e bebidas a\u00e7ucaradas, e estuda a introdu\u00e7\u00e3o de seguros comunit\u00e1rios e parcerias p\u00fablico-privadas.<\/p>\n\n\n\n<p>A titular da pasta da sa\u00fade indicou, tamb\u00e9m, que com base no \u00faltimo inqu\u00e9rito nacional, Angola registou progressos significativos nos principais indicadores de sa\u00fade, nomeadamente na redu\u00e7\u00e3o da mortalidade materna para 170\/100.000&nbsp;nados vivos, diminui\u00e7\u00e3o da mortalidade neonatal para 16\/1.000, queda da mortalidade infantil para 32\/1.000 nados vivos.<\/p>\n\n\n\n<p>\u201cEstes progressos s\u00e3o a prova de que as pol\u00edticas implementadas pelo Executivo angolano est\u00e3o a produzir resultados concretos na vida das popula\u00e7\u00f5es. A lideran\u00e7a do Presidente Jo\u00e3o Louren\u00e7o tem sido vision\u00e1ria e determinada neste sector vital\u201d, refor\u00e7ou.<\/p>\n\n\n\n<p>Coopera\u00e7\u00e3o regional<\/p>\n\n\n\n<p>No painel dedicado \u00e0 coopera\u00e7\u00e3o regional e colabora\u00e7\u00e3o \u00c1frica\u2013CARICOM, Angola destacou as boas pr\u00e1ticas no processo de vacina\u00e7\u00e3o sincronizada, vigil\u00e2ncia epidemiol\u00f3gica transfronteiri\u00e7a, parcerias estrat\u00e9gicas nas \u00e1reas de forma\u00e7\u00e3o conjunta de profissionais, produ\u00e7\u00e3o farmac\u00eautica, sa\u00fade digital e gest\u00e3o de emerg\u00eancias de sa\u00fade p\u00fablica.<\/p>\n\n\n\n<p>\u201cDefendemos uma partilha activa de dados epidemiol\u00f3gicos, investimentos conjuntos em laborat\u00f3rios regionais e respostas coordenadas a emerg\u00eancias sanit\u00e1rias. Juntos, podemos construir sistemas de sa\u00fade resilientes, com benef\u00edcios reais para os nossos povos&#8221; disse a Ministra.<\/p>\n\n\n\n<p>Agradeceu o apoio cont\u00ednuo de parceiros como a OMS, \u00c1frica CDC, UNICEF, Banco Mundial, GAVI, entre outros, sublinhando o compromisso de Angola com uma Sa\u00fade Universal, Inclusiva e Sustent\u00e1vel.<\/p>\n\n\n\n<p>O encontro, organizado pelo Minist\u00e9rio da Sa\u00fade da Rep\u00fablica Democr\u00e1tica Federal da Eti\u00f3pia, em colabora\u00e7\u00e3o com a CARICOM e a Comiss\u00e3o da Uni\u00e3o Africana, reuniu Ministros da Sa\u00fade dos Estados Membros da Uni\u00e3o Africana e da Regi\u00e3o das Cara\u00edbas.<\/p>\n","protected":false},"excerpt":{"rendered":"<p>A ministra da Sa\u00fade, S\u00edlvia Lutucuta, destacou, este s\u00e1bado, em Addis Abeba, Eti\u00f3pia, que a cobertura universal da sa\u00fade \u00e9 um forte compromisso de Estado, consagrado na Estrat\u00e9gia de Longo Prazo \u201cAngola 2050\u201d e no Plano Nacional de Desenvolvimento 2023\u20132027, alinhado \u00e0s Agendas da ONU 2030 e da Uni\u00e3o Africana 2063. Ao intervir numa mesa-redonda [&hellip;]<\/p>\n<div class='heateor_sss_sharing_container heateor_sss_vertical_sharing heateor_sss_bottom_sharing' style='width:44px;left: -10px;top: 100px;-webkit-box-shadow:none;box-shadow:none;' data-heateor-sss-href='https:\/\/jornalfax.net\/index.php\/wp-json\/wp\/v2\/posts\/5406'><div class=\"heateor_sss_sharing_ul\"><a aria-label=\"Facebook\" class=\"heateor_sss_facebook\" href=\"https:\/\/www.facebook.com\/sharer\/sharer.php?u=https%3A%2F%2Fjornalfax.net%2Findex.php%2Fwp-json%2Fwp%2Fv2%2Fposts%2F5406\" title=\"Facebook\" rel=\"nofollow noopener\" target=\"_blank\" style=\"font-size:32px!important;box-shadow:none;display:inline-block;vertical-align:middle\"><span class=\"heateor_sss_svg\" style=\"background-color:#0765FE;width:40px;height:40px;margin:0;display:inline-block;opacity:1;float:left;font-size:32px;box-shadow:none;display:inline-block;font-size:16px;padding:0 4px;vertical-align:middle;background-repeat:repeat;overflow:hidden;padding:0;cursor:pointer;box-sizing:content-box\"><svg style=\"display:block;\" focusable=\"false\" aria-hidden=\"true\" xmlns=\"http:\/\/www.w3.org\/2000\/svg\" width=\"100%\" height=\"100%\" viewBox=\"0 0 32 32\"><path fill=\"#fff\" d=\"M28 16c0-6.627-5.373-12-12-12S4 9.373 4 16c0 5.628 3.875 10.35 9.101 11.647v-7.98h-2.474V16H13.1v-1.58c0-4.085 1.849-5.978 5.859-5.978.76 0 2.072.15 2.608.298v3.325c-.283-.03-.775-.045-1.386-.045-1.967 0-2.728.745-2.728 2.683V16h3.92l-.673 3.667h-3.247v8.245C23.395 27.195 28 22.135 28 16Z\"><\/path><\/svg><\/span><\/a><a aria-label=\"X\" class=\"heateor_sss_button_x\" href=\"https:\/\/twitter.com\/intent\/tweet?text=%20-%20&url=https%3A%2F%2Fjornalfax.net%2Findex.php%2Fwp-json%2Fwp%2Fv2%2Fposts%2F5406\" title=\"X\" rel=\"nofollow noopener\" target=\"_blank\" style=\"font-size:32px!important;box-shadow:none;display:inline-block;vertical-align:middle\"><span class=\"heateor_sss_svg heateor_sss_s__default heateor_sss_s_x\" style=\"background-color:#2a2a2a;width:40px;height:40px;margin:0;display:inline-block;opacity:1;float:left;font-size:32px;box-shadow:none;display:inline-block;font-size:16px;padding:0 4px;vertical-align:middle;background-repeat:repeat;overflow:hidden;padding:0;cursor:pointer;box-sizing:content-box\"><svg width=\"100%\" height=\"100%\" style=\"display:block;\" focusable=\"false\" aria-hidden=\"true\" xmlns=\"http:\/\/www.w3.org\/2000\/svg\" viewBox=\"0 0 32 32\"><path fill=\"#fff\" d=\"M21.751 7h3.067l-6.7 7.658L26 25.078h-6.172l-4.833-6.32-5.531 6.32h-3.07l7.167-8.19L6 7h6.328l4.37 5.777L21.75 7Zm-1.076 16.242h1.7L11.404 8.74H9.58l11.094 14.503Z\"><\/path><\/svg><\/span><\/a><a aria-label=\"Reddit\" class=\"heateor_sss_button_reddit\" href=\"http:\/\/reddit.com\/submit?url=https%3A%2F%2Fjornalfax.net%2Findex.php%2Fwp-json%2Fwp%2Fv2%2Fposts%2F5406&title=%20-%20\" title=\"Reddit\" rel=\"nofollow noopener\" target=\"_blank\" style=\"font-size:32px!important;box-shadow:none;display:inline-block;vertical-align:middle\"><span class=\"heateor_sss_svg heateor_sss_s__default heateor_sss_s_reddit\" style=\"background-color:#ff5700;width:40px;height:40px;margin:0;display:inline-block;opacity:1;float:left;font-size:32px;box-shadow:none;display:inline-block;font-size:16px;padding:0 4px;vertical-align:middle;background-repeat:repeat;overflow:hidden;padding:0;cursor:pointer;box-sizing:content-box\"><svg style=\"display:block;\" focusable=\"false\" aria-hidden=\"true\" xmlns=\"http:\/\/www.w3.org\/2000\/svg\" width=\"100%\" height=\"100%\" viewBox=\"-3.5 -3.5 39 39\"><path d=\"M28.543 15.774a2.953 2.953 0 0 0-2.951-2.949 2.882 2.882 0 0 0-1.9.713 14.075 14.075 0 0 0-6.85-2.044l1.38-4.349 3.768.884a2.452 2.452 0 1 0 .24-1.176l-4.274-1a.6.6 0 0 0-.709.4l-1.659 5.224a14.314 14.314 0 0 0-7.316 2.029 2.908 2.908 0 0 0-1.872-.681 2.942 2.942 0 0 0-1.618 5.4 5.109 5.109 0 0 0-.062.765c0 4.158 5.037 7.541 11.229 7.541s11.22-3.383 11.22-7.541a5.2 5.2 0 0 0-.053-.706 2.963 2.963 0 0 0 1.427-2.51zm-18.008 1.88a1.753 1.753 0 0 1 1.73-1.74 1.73 1.73 0 0 1 1.709 1.74 1.709 1.709 0 0 1-1.709 1.711 1.733 1.733 0 0 1-1.73-1.711zm9.565 4.968a5.573 5.573 0 0 1-4.081 1.272h-.032a5.576 5.576 0 0 1-4.087-1.272.6.6 0 0 1 .844-.854 4.5 4.5 0 0 0 3.238.927h.032a4.5 4.5 0 0 0 3.237-.927.6.6 0 1 1 .844.854zm-.331-3.256a1.726 1.726 0 1 1 1.709-1.712 1.717 1.717 0 0 1-1.712 1.712z\" fill=\"#fff\"\/><\/svg><\/span><\/a><a aria-label=\"Linkedin\" class=\"heateor_sss_button_linkedin\" href=\"https:\/\/www.linkedin.com\/sharing\/share-offsite\/?url=https%3A%2F%2Fjornalfax.net%2Findex.php%2Fwp-json%2Fwp%2Fv2%2Fposts%2F5406\" title=\"Linkedin\" rel=\"nofollow noopener\" target=\"_blank\" style=\"font-size:32px!important;box-shadow:none;display:inline-block;vertical-align:middle\"><span class=\"heateor_sss_svg heateor_sss_s__default heateor_sss_s_linkedin\" style=\"background-color:#0077b5;width:40px;height:40px;margin:0;display:inline-block;opacity:1;float:left;font-size:32px;box-shadow:none;display:inline-block;font-size:16px;padding:0 4px;vertical-align:middle;background-repeat:repeat;overflow:hidden;padding:0;cursor:pointer;box-sizing:content-box\"><svg style=\"display:block;\" focusable=\"false\" aria-hidden=\"true\" xmlns=\"http:\/\/www.w3.org\/2000\/svg\" width=\"100%\" height=\"100%\" viewBox=\"0 0 32 32\"><path d=\"M6.227 12.61h4.19v13.48h-4.19V12.61zm2.095-6.7a2.43 2.43 0 0 1 0 4.86c-1.344 0-2.428-1.09-2.428-2.43s1.084-2.43 2.428-2.43m4.72 6.7h4.02v1.84h.058c.56-1.058 1.927-2.176 3.965-2.176 4.238 0 5.02 2.792 5.02 6.42v7.395h-4.183v-6.56c0-1.564-.03-3.574-2.178-3.574-2.18 0-2.514 1.7-2.514 3.46v6.668h-4.187V12.61z\" fill=\"#fff\"><\/path><\/svg><\/span><\/a><a aria-label=\"Pinterest\" class=\"heateor_sss_button_pinterest\" href=\"https:\/\/jornalfax.net\/index.php\/wp-json\/wp\/v2\/posts\/5406\" onclick=\"event.preventDefault();javascript:void( (function() {var e=document.createElement('script' );e.setAttribute('type','text\/javascript' );e.setAttribute('charset','UTF-8' );e.setAttribute('src','\/\/assets.pinterest.com\/js\/pinmarklet.js?r='+Math.random()*99999999);document.body.appendChild(e)})());\" title=\"Pinterest\" rel=\"noopener\" style=\"font-size:32px!important;box-shadow:none;display:inline-block;vertical-align:middle\"><span class=\"heateor_sss_svg heateor_sss_s__default heateor_sss_s_pinterest\" style=\"background-color:#cc2329;width:40px;height:40px;margin:0;display:inline-block;opacity:1;float:left;font-size:32px;box-shadow:none;display:inline-block;font-size:16px;padding:0 4px;vertical-align:middle;background-repeat:repeat;overflow:hidden;padding:0;cursor:pointer;box-sizing:content-box\"><svg style=\"display:block;\" focusable=\"false\" aria-hidden=\"true\" xmlns=\"http:\/\/www.w3.org\/2000\/svg\" width=\"100%\" height=\"100%\" viewBox=\"-2 -2 35 35\"><path fill=\"#fff\" d=\"M16.539 4.5c-6.277 0-9.442 4.5-9.442 8.253 0 2.272.86 4.293 2.705 5.046.303.125.574.005.662-.33.061-.231.205-.816.27-1.06.088-.331.053-.447-.191-.736-.532-.627-.873-1.439-.873-2.591 0-3.338 2.498-6.327 6.505-6.327 3.548 0 5.497 2.168 5.497 5.062 0 3.81-1.686 7.025-4.188 7.025-1.382 0-2.416-1.142-2.085-2.545.397-1.674 1.166-3.48 1.166-4.689 0-1.081-.581-1.983-1.782-1.983-1.413 0-2.548 1.462-2.548 3.419 0 1.247.421 2.091.421 2.091l-1.699 7.199c-.505 2.137-.076 4.755-.039 5.019.021.158.223.196.314.077.13-.17 1.813-2.247 2.384-4.324.162-.587.929-3.631.929-3.631.46.876 1.801 1.646 3.227 1.646 4.247 0 7.128-3.871 7.128-9.053.003-3.918-3.317-7.568-8.361-7.568z\"\/><\/svg><\/span><\/a><a aria-label=\"Mastodon\" class=\"heateor_sss_button_mastodon\" href=\"https:\/\/mastodon.social\/share?text=https%3A%2F%2Fjornalfax.net%2Findex.php%2Fwp-json%2Fwp%2Fv2%2Fposts%2F5406&title=%20-%20\" title=\"Mastodon\" rel=\"nofollow noopener\" target=\"_blank\" style=\"font-size:32px!important;box-shadow:none;display:inline-block;vertical-align:middle\"><span class=\"heateor_sss_svg heateor_sss_s__default heateor_sss_s_mastodon\" style=\"background-color:#6364FF;width:40px;height:40px;margin:0;display:inline-block;opacity:1;float:left;font-size:32px;box-shadow:none;display:inline-block;font-size:16px;padding:0 4px;vertical-align:middle;background-repeat:repeat;overflow:hidden;padding:0;cursor:pointer;box-sizing:content-box\"><svg style=\"display:block;\" focusable=\"false\" aria-hidden=\"true\" xmlns=\"http:\/\/www.w3.org\/2000\/svg\" width=\"100%\" height=\"100%\" viewBox=\"-3.5 -3.5 39 39\"><path d=\"M27 12c0-5.12-3.35-6.62-3.35-6.62C22 4.56 19.05 4.23 16 4.21c-3 0-5.92.35-7.61 1.12C8.36 5.33 5 6.83 5 12v4c.12 5 .92 9.93 5.54 11.16a17.67 17.67 0 005.44.6 10.88 10.88 0 004.18-.95l-.09-1.95a13.36 13.36 0 01-4.07.54c-2.12-.07-4.37-.23-4.71-2.84a5.58 5.58 0 01-.05-.73 27.46 27.46 0 004.73.63 26.76 26.76 0 004.68-.28c3-.35 5.53-2.17 5.85-3.83A39.25 39.25 0 0027 12zm-3.95 6.59h-2.46v-6c0-1.27-.53-1.91-1.6-1.91s-1.77.76-1.77 2.27v3.29h-2.44v-3.35c0-1.51-.59-2.27-1.77-2.27s-1.6.64-1.6 1.91v6H9v-6.18a4.49 4.49 0 011-3 3.39 3.39 0 012.63-1.12 3.17 3.17 0 012.84 1.44l.61 1 .61-1a3.17 3.17 0 012.84-1.44 3.39 3.39 0 012.63 1.12 4.49 4.49 0 011 3z\" fill=\"#fff\"><\/path><\/svg><\/span><\/a><a aria-label=\"Mix\" class=\"heateor_sss_button_mix\" href=\"https:\/\/mix.com\/mixit?url=https%3A%2F%2Fjornalfax.net%2Findex.php%2Fwp-json%2Fwp%2Fv2%2Fposts%2F5406\" title=\"Mix\" rel=\"nofollow noopener\" target=\"_blank\" style=\"font-size:32px!important;box-shadow:none;display:inline-block;vertical-align:middle\"><span class=\"heateor_sss_svg heateor_sss_s__default heateor_sss_s_mix\" style=\"background-color:#ff8226;width:40px;height:40px;margin:0;display:inline-block;opacity:1;float:left;font-size:32px;box-shadow:none;display:inline-block;font-size:16px;padding:0 4px;vertical-align:middle;background-repeat:repeat;overflow:hidden;padding:0;cursor:pointer;box-sizing:content-box\"><svg focusable=\"false\" aria-hidden=\"true\" xmlns=\"http:\/\/www.w3.org\/2000\/svg\" width=\"100%\" height=\"100%\" viewBox=\"-7 -8 45 45\"><g fill=\"#fff\"><path opacity=\".8\" d=\"M27.87 4.125c-5.224 0-9.467 4.159-9.467 9.291v2.89c0-1.306 1.074-2.362 2.399-2.362s2.399 1.056 2.399 2.362v1.204c0 1.306 1.074 2.362 2.399 2.362s2.399-1.056 2.399-2.362V4.134c-.036-.009-.082-.009-.129-.009\"\/><path d=\"M4 4.125v12.94c2.566 0 4.668-1.973 4.807-4.465v-2.214c0-.065 0-.12.009-.176.093-1.213 1.13-2.177 2.39-2.177 1.325 0 2.399 1.056 2.399 2.362v9.226c0 1.306 1.074 2.353 2.399 2.353s2.399-1.056 2.399-2.353v-6.206c0-5.132 4.233-9.291 9.467-9.291H4z\"\/><path opacity=\".8\" d=\"M4 17.074v8.438c0 1.306 1.074 2.362 2.399 2.362s2.399-1.056 2.399-2.362V12.61C8.659 15.102 6.566 17.074 4 17.074\"\/><\/g><\/svg><\/span><\/a><a aria-label=\"Whatsapp\" class=\"heateor_sss_whatsapp\" href=\"https:\/\/api.whatsapp.com\/send?text=%20-%20%20https%3A%2F%2Fjornalfax.net%2Findex.php%2Fwp-json%2Fwp%2Fv2%2Fposts%2F5406\" title=\"Whatsapp\" rel=\"nofollow noopener\" target=\"_blank\" style=\"font-size:32px!important;box-shadow:none;display:inline-block;vertical-align:middle\"><span class=\"heateor_sss_svg\" style=\"background-color:#55eb4c;width:40px;height:40px;margin:0;display:inline-block;opacity:1;float:left;font-size:32px;box-shadow:none;display:inline-block;font-size:16px;padding:0 4px;vertical-align:middle;background-repeat:repeat;overflow:hidden;padding:0;cursor:pointer;box-sizing:content-box\"><svg style=\"display:block;\" focusable=\"false\" aria-hidden=\"true\" xmlns=\"http:\/\/www.w3.org\/2000\/svg\" width=\"100%\" height=\"100%\" viewBox=\"-6 -5 40 40\"><path class=\"heateor_sss_svg_stroke heateor_sss_no_fill\" stroke=\"#fff\" stroke-width=\"2\" fill=\"none\" d=\"M 11.579798566743314 24.396926207859085 A 10 10 0 1 0 6.808479557110079 20.73576436351046\"><\/path><path d=\"M 7 19 l -1 6 l 6 -1\" class=\"heateor_sss_no_fill heateor_sss_svg_stroke\" stroke=\"#fff\" stroke-width=\"2\" fill=\"none\"><\/path><path d=\"M 10 10 q -1 8 8 11 c 5 -1 0 -6 -1 -3 q -4 -3 -5 -5 c 4 -2 -1 -5 -1 -4\" fill=\"#fff\"><\/path><\/svg><\/span><\/a><a class=\"heateor_sss_more\" aria-label=\"More\" title=\"More\" rel=\"nofollow noopener\" style=\"font-size: 32px!important;border:0;box-shadow:none;display:inline-block!important;font-size:16px;padding:0 4px;vertical-align: middle;display:inline;\" href=\"https:\/\/jornalfax.net\/index.php\/wp-json\/wp\/v2\/posts\/5406\" onclick=\"event.preventDefault()\"><span class=\"heateor_sss_svg\" style=\"background-color:#ee8e2d;width:40px;height:40px;margin:0;display:inline-block!important;opacity:1;float:left;font-size:32px!important;box-shadow:none;display:inline-block;font-size:16px;padding:0 4px;vertical-align:middle;display:inline;background-repeat:repeat;overflow:hidden;padding:0;cursor:pointer;box-sizing:content-box;\" onclick=\"heateorSssMoreSharingPopup(this, 'https:\/\/jornalfax.net\/index.php\/wp-json\/wp\/v2\/posts\/5406', '%20-%20', '' )\"><svg xmlns=\"http:\/\/www.w3.org\/2000\/svg\" xmlns:xlink=\"http:\/\/www.w3.org\/1999\/xlink\" viewBox=\"-.3 0 32 32\" version=\"1.1\" width=\"100%\" height=\"100%\" style=\"display:block;\" xml:space=\"preserve\"><g><path fill=\"#fff\" d=\"M18 14V8h-4v6H8v4h6v6h4v-6h6v-4h-6z\" fill-rule=\"evenodd\"><\/path><\/g><\/svg><\/span><\/a><\/div><div class=\"heateorSssClear\"><\/div><\/div>","protected":false},"author":1,"featured_media":5407,"comment_status":"closed","ping_status":"closed","sticky":false,"template":"","format":"standard","meta":{"footnotes":""},"categories":[23,28],"tags":[],"class_list":["post-5406","post","type-post","status-publish","format-standard","has-post-thumbnail","hentry","category-destaque","category-em-foco"],"yoast_head":"<!-- This site is optimized with the Yoast SEO plugin v24.3 - https:\/\/yoast.com\/wordpress\/plugins\/seo\/ -->\n<title>S\u00cdLVIA LUTUCUTA DESTACA COBERTURA UNIVERSAL DA SA\u00daDE COMO FORTE COMPROMISSO DO EXECUTIVO -<\/title>\n<meta name=\"robots\" content=\"index, follow, max-snippet:-1, max-image-preview:large, max-video-preview:-1\" \/>\n<link rel=\"canonical\" href=\"https:\/\/jornalfax.net\/index.php\/2025\/09\/07\/silvia-lutucuta-destaca-cobertura-universal-da-saude-como-forte-compromisso-do-executivo\/\" \/>\n<meta property=\"og:locale\" content=\"pt_BR\" \/>\n<meta property=\"og:type\" content=\"article\" \/>\n<meta property=\"og:title\" content=\"S\u00cdLVIA LUTUCUTA DESTACA COBERTURA UNIVERSAL DA SA\u00daDE COMO FORTE COMPROMISSO DO EXECUTIVO -\" \/>\n<meta property=\"og:description\" content=\"A ministra da Sa\u00fade, S\u00edlvia Lutucuta, destacou, este s\u00e1bado, em Addis Abeba, Eti\u00f3pia, que a cobertura universal da sa\u00fade \u00e9 um forte compromisso de Estado, consagrado na Estrat\u00e9gia de Longo Prazo \u201cAngola 2050\u201d e no Plano Nacional de Desenvolvimento 2023\u20132027, alinhado \u00e0s Agendas da ONU 2030 e da Uni\u00e3o Africana 2063. Ao intervir numa mesa-redonda [&hellip;]\" \/>\n<meta property=\"og:url\" content=\"https:\/\/jornalfax.net\/index.php\/2025\/09\/07\/silvia-lutucuta-destaca-cobertura-universal-da-saude-como-forte-compromisso-do-executivo\/\" \/>\n<meta property=\"article:published_time\" content=\"2025-09-07T14:32:55+00:00\" \/>\n<meta property=\"article:modified_time\" content=\"2025-09-07T14:33:27+00:00\" \/>\n<meta property=\"og:image\" content=\"https:\/\/jornalfax.net\/wp-content\/uploads\/2025\/09\/6257200_imagem.jpeg\" \/>\n\t<meta property=\"og:image:width\" content=\"910\" \/>\n\t<meta property=\"og:image:height\" content=\"577\" \/>\n\t<meta property=\"og:image:type\" content=\"image\/jpeg\" \/>\n<meta name=\"author\" content=\"jornalfax.net\" \/>\n<meta name=\"twitter:card\" content=\"summary_large_image\" \/>\n<meta name=\"twitter:label1\" content=\"Escrito por\" \/>\n\t<meta name=\"twitter:data1\" content=\"jornalfax.net\" \/>\n\t<meta name=\"twitter:label2\" content=\"Est. tempo de leitura\" \/>\n\t<meta name=\"twitter:data2\" content=\"4 minutos\" \/>\n<script type=\"application\/ld+json\" class=\"yoast-schema-graph\">{\"@context\":\"https:\/\/schema.org\",\"@graph\":[{\"@type\":\"WebPage\",\"@id\":\"https:\/\/jornalfax.net\/index.php\/2025\/09\/07\/silvia-lutucuta-destaca-cobertura-universal-da-saude-como-forte-compromisso-do-executivo\/\",\"url\":\"https:\/\/jornalfax.net\/index.php\/2025\/09\/07\/silvia-lutucuta-destaca-cobertura-universal-da-saude-como-forte-compromisso-do-executivo\/\",\"name\":\"S\u00cdLVIA LUTUCUTA DESTACA COBERTURA UNIVERSAL DA SA\u00daDE COMO FORTE COMPROMISSO DO EXECUTIVO -\",\"isPartOf\":{\"@id\":\"https:\/\/jornalfax.net\/#website\"},\"primaryImageOfPage\":{\"@id\":\"https:\/\/jornalfax.net\/index.php\/2025\/09\/07\/silvia-lutucuta-destaca-cobertura-universal-da-saude-como-forte-compromisso-do-executivo\/#primaryimage\"},\"image\":{\"@id\":\"https:\/\/jornalfax.net\/index.php\/2025\/09\/07\/silvia-lutucuta-destaca-cobertura-universal-da-saude-como-forte-compromisso-do-executivo\/#primaryimage\"},\"thumbnailUrl\":\"https:\/\/jornalfax.net\/wp-content\/uploads\/2025\/09\/6257200_imagem.jpeg\",\"datePublished\":\"2025-09-07T14:32:55+00:00\",\"dateModified\":\"2025-09-07T14:33:27+00:00\",\"author\":{\"@id\":\"https:\/\/jornalfax.net\/#\/schema\/person\/ea5b5601e259b5e0c03c9cb7908e9ffd\"},\"breadcrumb\":{\"@id\":\"https:\/\/jornalfax.net\/index.php\/2025\/09\/07\/silvia-lutucuta-destaca-cobertura-universal-da-saude-como-forte-compromisso-do-executivo\/#breadcrumb\"},\"inLanguage\":\"pt-BR\",\"potentialAction\":[{\"@type\":\"ReadAction\",\"target\":[\"https:\/\/jornalfax.net\/index.php\/2025\/09\/07\/silvia-lutucuta-destaca-cobertura-universal-da-saude-como-forte-compromisso-do-executivo\/\"]}]},{\"@type\":\"ImageObject\",\"inLanguage\":\"pt-BR\",\"@id\":\"https:\/\/jornalfax.net\/index.php\/2025\/09\/07\/silvia-lutucuta-destaca-cobertura-universal-da-saude-como-forte-compromisso-do-executivo\/#primaryimage\",\"url\":\"https:\/\/jornalfax.net\/wp-content\/uploads\/2025\/09\/6257200_imagem.jpeg\",\"contentUrl\":\"https:\/\/jornalfax.net\/wp-content\/uploads\/2025\/09\/6257200_imagem.jpeg\",\"width\":910,\"height\":577},{\"@type\":\"BreadcrumbList\",\"@id\":\"https:\/\/jornalfax.net\/index.php\/2025\/09\/07\/silvia-lutucuta-destaca-cobertura-universal-da-saude-como-forte-compromisso-do-executivo\/#breadcrumb\",\"itemListElement\":[{\"@type\":\"ListItem\",\"position\":1,\"name\":\"In\u00edcio\",\"item\":\"https:\/\/jornalfax.net\/\"},{\"@type\":\"ListItem\",\"position\":2,\"name\":\"S\u00cdLVIA LUTUCUTA DESTACA COBERTURA UNIVERSAL DA SA\u00daDE COMO FORTE COMPROMISSO DO EXECUTIVO\"}]},{\"@type\":\"WebSite\",\"@id\":\"https:\/\/jornalfax.net\/#website\",\"url\":\"https:\/\/jornalfax.net\/\",\"name\":\"\",\"description\":\"\",\"potentialAction\":[{\"@type\":\"SearchAction\",\"target\":{\"@type\":\"EntryPoint\",\"urlTemplate\":\"https:\/\/jornalfax.net\/?s={search_term_string}\"},\"query-input\":{\"@type\":\"PropertyValueSpecification\",\"valueRequired\":true,\"valueName\":\"search_term_string\"}}],\"inLanguage\":\"pt-BR\"},{\"@type\":\"Person\",\"@id\":\"https:\/\/jornalfax.net\/#\/schema\/person\/ea5b5601e259b5e0c03c9cb7908e9ffd\",\"name\":\"jornalfax.net\",\"sameAs\":[\"http:\/\/jornalfax.net\"],\"url\":\"https:\/\/jornalfax.net\/index.php\/author\/jornalfax-net\/\"}]}<\/script>\n<!-- \/ Yoast SEO plugin. -->","yoast_head_json":{"title":"S\u00cdLVIA LUTUCUTA DESTACA COBERTURA UNIVERSAL DA SA\u00daDE COMO FORTE COMPROMISSO DO EXECUTIVO -","robots":{"index":"index","follow":"follow","max-snippet":"max-snippet:-1","max-image-preview":"max-image-preview:large","max-video-preview":"max-video-preview:-1"},"canonical":"https:\/\/jornalfax.net\/index.php\/2025\/09\/07\/silvia-lutucuta-destaca-cobertura-universal-da-saude-como-forte-compromisso-do-executivo\/","og_locale":"pt_BR","og_type":"article","og_title":"S\u00cdLVIA LUTUCUTA DESTACA COBERTURA UNIVERSAL DA SA\u00daDE COMO FORTE COMPROMISSO DO EXECUTIVO -","og_description":"A ministra da Sa\u00fade, S\u00edlvia Lutucuta, destacou, este s\u00e1bado, em Addis Abeba, Eti\u00f3pia, que a cobertura universal da sa\u00fade \u00e9 um forte compromisso de Estado, consagrado na Estrat\u00e9gia de Longo Prazo \u201cAngola 2050\u201d e no Plano Nacional de Desenvolvimento 2023\u20132027, alinhado \u00e0s Agendas da ONU 2030 e da Uni\u00e3o Africana 2063. Ao intervir numa mesa-redonda [&hellip;]","og_url":"https:\/\/jornalfax.net\/index.php\/2025\/09\/07\/silvia-lutucuta-destaca-cobertura-universal-da-saude-como-forte-compromisso-do-executivo\/","article_published_time":"2025-09-07T14:32:55+00:00","article_modified_time":"2025-09-07T14:33:27+00:00","og_image":[{"width":910,"height":577,"url":"https:\/\/jornalfax.net\/wp-content\/uploads\/2025\/09\/6257200_imagem.jpeg","type":"image\/jpeg"}],"author":"jornalfax.net","twitter_card":"summary_large_image","twitter_misc":{"Escrito por":"jornalfax.net","Est. tempo de leitura":"4 minutos"},"schema":{"@context":"https:\/\/schema.org","@graph":[{"@type":"WebPage","@id":"https:\/\/jornalfax.net\/index.php\/2025\/09\/07\/silvia-lutucuta-destaca-cobertura-universal-da-saude-como-forte-compromisso-do-executivo\/","url":"https:\/\/jornalfax.net\/index.php\/2025\/09\/07\/silvia-lutucuta-destaca-cobertura-universal-da-saude-como-forte-compromisso-do-executivo\/","name":"S\u00cdLVIA LUTUCUTA DESTACA COBERTURA UNIVERSAL DA SA\u00daDE COMO FORTE COMPROMISSO DO EXECUTIVO -","isPartOf":{"@id":"https:\/\/jornalfax.net\/#website"},"primaryImageOfPage":{"@id":"https:\/\/jornalfax.net\/index.php\/2025\/09\/07\/silvia-lutucuta-destaca-cobertura-universal-da-saude-como-forte-compromisso-do-executivo\/#primaryimage"},"image":{"@id":"https:\/\/jornalfax.net\/index.php\/2025\/09\/07\/silvia-lutucuta-destaca-cobertura-universal-da-saude-como-forte-compromisso-do-executivo\/#primaryimage"},"thumbnailUrl":"https:\/\/jornalfax.net\/wp-content\/uploads\/2025\/09\/6257200_imagem.jpeg","datePublished":"2025-09-07T14:32:55+00:00","dateModified":"2025-09-07T14:33:27+00:00","author":{"@id":"https:\/\/jornalfax.net\/#\/schema\/person\/ea5b5601e259b5e0c03c9cb7908e9ffd"},"breadcrumb":{"@id":"https:\/\/jornalfax.net\/index.php\/2025\/09\/07\/silvia-lutucuta-destaca-cobertura-universal-da-saude-como-forte-compromisso-do-executivo\/#breadcrumb"},"inLanguage":"pt-BR","potentialAction":[{"@type":"ReadAction","target":["https:\/\/jornalfax.net\/index.php\/2025\/09\/07\/silvia-lutucuta-destaca-cobertura-universal-da-saude-como-forte-compromisso-do-executivo\/"]}]},{"@type":"ImageObject","inLanguage":"pt-BR","@id":"https:\/\/jornalfax.net\/index.php\/2025\/09\/07\/silvia-lutucuta-destaca-cobertura-universal-da-saude-como-forte-compromisso-do-executivo\/#primaryimage","url":"https:\/\/jornalfax.net\/wp-content\/uploads\/2025\/09\/6257200_imagem.jpeg","contentUrl":"https:\/\/jornalfax.net\/wp-content\/uploads\/2025\/09\/6257200_imagem.jpeg","width":910,"height":577},{"@type":"BreadcrumbList","@id":"https:\/\/jornalfax.net\/index.php\/2025\/09\/07\/silvia-lutucuta-destaca-cobertura-universal-da-saude-como-forte-compromisso-do-executivo\/#breadcrumb","itemListElement":[{"@type":"ListItem","position":1,"name":"In\u00edcio","item":"https:\/\/jornalfax.net\/"},{"@type":"ListItem","position":2,"name":"S\u00cdLVIA LUTUCUTA DESTACA COBERTURA UNIVERSAL DA SA\u00daDE COMO FORTE COMPROMISSO DO EXECUTIVO"}]},{"@type":"WebSite","@id":"https:\/\/jornalfax.net\/#website","url":"https:\/\/jornalfax.net\/","name":"","description":"","potentialAction":[{"@type":"SearchAction","target":{"@type":"EntryPoint","urlTemplate":"https:\/\/jornalfax.net\/?s={search_term_string}"},"query-input":{"@type":"PropertyValueSpecification","valueRequired":true,"valueName":"search_term_string"}}],"inLanguage":"pt-BR"},{"@type":"Person","@id":"https:\/\/jornalfax.net\/#\/schema\/person\/ea5b5601e259b5e0c03c9cb7908e9ffd","name":"jornalfax.net","sameAs":["http:\/\/jornalfax.net"],"url":"https:\/\/jornalfax.net\/index.php\/author\/jornalfax-net\/"}]}},"_links":{"self":[{"href":"https:\/\/jornalfax.net\/index.php\/wp-json\/wp\/v2\/posts\/5406","targetHints":{"allow":["GET"]}}],"collection":[{"href":"https:\/\/jornalfax.net\/index.php\/wp-json\/wp\/v2\/posts"}],"about":[{"href":"https:\/\/jornalfax.net\/index.php\/wp-json\/wp\/v2\/types\/post"}],"author":[{"embeddable":true,"href":"https:\/\/jornalfax.net\/index.php\/wp-json\/wp\/v2\/users\/1"}],"replies":[{"embeddable":true,"href":"https:\/\/jornalfax.net\/index.php\/wp-json\/wp\/v2\/comments?post=5406"}],"version-history":[{"count":1,"href":"https:\/\/jornalfax.net\/index.php\/wp-json\/wp\/v2\/posts\/5406\/revisions"}],"predecessor-version":[{"id":5408,"href":"https:\/\/jornalfax.net\/index.php\/wp-json\/wp\/v2\/posts\/5406\/revisions\/5408"}],"wp:featuredmedia":[{"embeddable":true,"href":"https:\/\/jornalfax.net\/index.php\/wp-json\/wp\/v2\/media\/5407"}],"wp:attachment":[{"href":"https:\/\/jornalfax.net\/index.php\/wp-json\/wp\/v2\/media?parent=5406"}],"wp:term":[{"taxonomy":"category","embeddable":true,"href":"https:\/\/jornalfax.net\/index.php\/wp-json\/wp\/v2\/categories?post=5406"},{"taxonomy":"post_tag","embeddable":true,"href":"https:\/\/jornalfax.net\/index.php\/wp-json\/wp\/v2\/tags?post=5406"}],"curies":[{"name":"wp","href":"https:\/\/api.w.org\/{rel}","templated":true}]}}