{"id":4935,"date":"2025-06-24T05:38:07","date_gmt":"2025-06-24T08:38:07","guid":{"rendered":"https:\/\/jornalfax.net\/?p=4935"},"modified":"2025-06-24T05:38:09","modified_gmt":"2025-06-24T08:38:09","slug":"o-bloqueio-politico-do-tribunal-constitucional","status":"publish","type":"post","link":"https:\/\/jornalfax.net\/index.php\/2025\/06\/24\/o-bloqueio-politico-do-tribunal-constitucional\/","title":{"rendered":"O BLOQUEIO POL\u00cdTICO DO TRIBUNAL CONSTITUCIONAL"},"content":{"rendered":"\n<p>Com pompa e muita circunst\u00e2ncia, o Tribunal Constitucional comemorou recentemente o seu 17.\u00ba anivers\u00e1rio. Ao contr\u00e1rio dos tribunais comuns, o Tribunal Constitucional \u00e9 um tribunal essencialmente pol\u00edtico, que trata de assuntos pol\u00edticos. \u00c9 errado avali\u00e1-lo no \u00e2mbito do mero campo jur\u00eddico. O Tribunal Constitucional \u00e9, sobretudo, a v\u00e1lvula de escape do sistema pol\u00edtico, a \u00faltima garantia do bom funcionamento da pol\u00edtica e o derradeiro recurso dos descontentes e da protec\u00e7\u00e3o dos direitos fundamentais. \u00c9 enquanto v\u00e1lvula de escape e garante da harmonia do sistema pol\u00edtico que o Tribunal deve ser avaliado.<\/p>\n\n\n\n<p>Rui Ferreira, o presidente do Tribunal Constitucional na sua fase de lan\u00e7amento e consolida\u00e7\u00e3o inicial, explicou que o tribunal necessitava de ter um avan\u00e7o cauteloso e por pequenos incrementos, justificando assim a defer\u00eancia geral para com o poder pol\u00edtico da jurisprud\u00eancia inicial desse tribunal, t\u00e3o bem espelhada no Ac\u00f3rd\u00e3o n.\u00ba 319\/2013 do Tribunal Constitucional de Angola, datado de 23 de Outubro de 2013, que declarou a inconstitucionalidade parcial de artigos que permitiam \u00e0 Assembleia Nacional realizar interpela\u00e7\u00f5es, inqu\u00e9ritos, perguntas e audi\u00e7\u00f5es aos membros do Executivo.<\/p>\n\n\n\n<p>A fundamenta\u00e7\u00e3o deste ac\u00f3rd\u00e3o foi que, segundo a Constitui\u00e7\u00e3o angolana, os ministros e os governadores exerciam fun\u00e7\u00f5es delegadas pelo presidente da Rep\u00fablica, que \u00e9 o titular do poder executivo. Assim, permitir tais mecanismos de fiscaliza\u00e7\u00e3o corresponderia, na pr\u00e1tica, a permitir a fiscaliza\u00e7\u00e3o directa do presidente, o que o Tribunal considerou incompat\u00edvel com o sistema de governo presidencialista consagrado na Constitui\u00e7\u00e3o.<\/p>\n\n\n\n<p>Na verdade, esta interpreta\u00e7\u00e3o do Tribunal foi sempre contestada, mesmo pelos defensores do sistema presidencialista, o qual \u00e9 sempre caldeado por mecanismos de&nbsp;checks and balances. Tratou-se claramente de um exagero interpretativo do Tribunal Constitucional, por defer\u00eancia excessiva face ao poder executivo.<\/p>\n\n\n\n<p>Rui Ferreira justificou tal defer\u00eancia com o argumento de que era fundamental evitar que o Constitucional tivesse o mesmo destino que o Tribunal da SADC (Comunidade de Desenvolvimento da \u00c1frica Austral), que, por ter tomado uma decis\u00e3o contra o Zimbabu\u00e9, um dos estados-membros, foi dissolvido. Era mais importante deixar viver o Tribunal Constitucional angolano e n\u00e3o permitir que morresse \u00e0 nascen\u00e7a devido a um eventual conflito com o poder executivo.<\/p>\n\n\n\n<p>O tempo foi passando, Rui Ferreira foi substitu\u00eddo por Manuel Arag\u00e3o, que, ap\u00f3s curto mandato, saiu a \u201cbater com a porta\u201d contra o poder pol\u00edtico, afirmando que a democracia estava em perigo, devido \u00e0 constante intromiss\u00e3o do executivo no Tribunal.<\/p>\n\n\n\n<p>Manuel Arag\u00e3o foi sucedido por Laurinda Cardoso. A nomea\u00e7\u00e3o desta \u00faltima levantou d\u00favidas, pois Cardoso vinha directamente de um posto de secret\u00e1ria de Estado do governo. Numa fase inicial, o discreto charme legal de Laurinda Cardoso fez acreditar que o Tribunal Constitucional entraria numa fase de maturidade, ganhando autonomia de decis\u00e3o face ao poder pol\u00edtico. Exemplo disso foi o Ac\u00f3rd\u00e3o n.\u00ba 845\/2023, que declarou a inconstitucionalidade org\u00e2nica, formal e material das normas constantes do Decreto Presidencial n.\u00ba 69\/21, de 16 de Mar\u00e7o, que previa a atribui\u00e7\u00e3o de 10% dos activos financeiros e n\u00e3o financeiros recuperados aos \u00f3rg\u00e3os da administra\u00e7\u00e3o da justi\u00e7a, incluindo ju\u00edzes.<\/p>\n\n\n\n<p>Contudo, paulatinamente, a jurisprud\u00eancia do Tribunal tem-se de novo enquistado na sua tradi\u00e7\u00e3o, isto \u00e9, revelando defer\u00eancia para com o poder pol\u00edtico e o partido que o suporta. Significativamente, todos os pedidos relevantes feitos pelo principal partido da oposi\u00e7\u00e3o \u2014 a UNITA \u2014 t\u00eam sido indeferidos. Tal facto leva-nos a uma an\u00e1lise pol\u00edtica, e n\u00e3o jur\u00eddica, mas que tem de ser realizada.<\/p>\n\n\n\n<p>Observemos o que se passou com o muito recente Ac\u00f3rd\u00e3o n.\u00ba 994\/2025, relativamente \u00e0 delibera\u00e7\u00e3o da Assembleia Nacional sobre a distribui\u00e7\u00e3o partid\u00e1ria dos membros da Comiss\u00e3o Nacional Eleitoral. O ac\u00f3rd\u00e3o decidiu que a delibera\u00e7\u00e3o era constitucional e recusou, mais uma vez, as pretens\u00f5es da UNITA. A decis\u00e3o foi tomada com reserva de um juiz, Vitorino Domingos Hossi, e com declara\u00e7\u00e3o de voto da ju\u00edza Emiliana Margareth Morais Nangacovie Quessongo, os quais, contudo, n\u00e3o constam da publica\u00e7\u00e3o oficial&nbsp;online&nbsp;do ac\u00f3rd\u00e3o \u2013 quando deveriam constar.<\/p>\n\n\n\n<p>A maioria que determinou a decis\u00e3o f\u00ea-lo com base no princ\u00edpio do respeito da maioria e das minorias, defendendo que esta norma geral n\u00e3o deve ser \u201csubsumida ao m\u00e9todo de Hondt, porquanto o objecto que encerra n\u00e3o se confunde com o do apuramento de resultados eleitorais, mas sim com a composi\u00e7\u00e3o da Comiss\u00e3o Nacional Eleitoral (CNE)\u201d.<\/p>\n\n\n\n<p>Por sua, vez a ju\u00edza Margareth Nangacovie considerou o contr\u00e1rio: que os partidos pol\u00edticos devem ser representados na CNE de forma proporcional \u00e0 sua express\u00e3o eleitoral no Parlamento, e n\u00e3o agrupados genericamente sob os r\u00f3tulos de \u201cmaioria\u201d e \u201cminoria\u201d, aceitando a utiliza\u00e7\u00e3o do m\u00e9todo de Hondt.<\/p>\n\n\n\n<p>O interessante, \u00e9 que, do ponto de vista jur\u00eddico-constitucional, ambas as posi\u00e7\u00f5es s\u00e3o defens\u00e1veis. Ambas estariam certas. No fundo, a decis\u00e3o caberia \u00e0 sensibilidade e posi\u00e7\u00e3o pessoal dos ju\u00edzes, sendo maior a influ\u00eancia pol\u00edtica do que a legal.<\/p>\n\n\n\n<p>E \u00e9 esta a verdadeira quest\u00e3o com que o Tribunal Constitucional se defronta. As suas decis\u00f5es, sobretudo quando dizem respeito aos partidos pol\u00edticos, dizem essencialmente respeito \u00e0 aplica\u00e7\u00e3o de princ\u00edpios gerais, os quais est\u00e3o sujeitos a interpreta\u00e7\u00f5es muito abrangentes. Na realidade, s\u00e3o decis\u00f5es com um forte pendor pol\u00edtico, que reflectem a mundivis\u00e3o dos ju\u00edzes e n\u00e3o propriamente o seu saber legal.<\/p>\n\n\n\n<p>Por isso se entende que o Tribunal Constitucional deveria estar atento aos equil\u00edbrios pol\u00edticos e ao sentir da sociedade, assumindo-se, sem radicalismos nem activismos excessivos, como um \u00f3rg\u00e3o de bom senso e racionalidade, por onde os descontentamentos poderiam fluir, dando raz\u00e3o umas vezes a uns, outras vezes a outros, dentro da Constitui\u00e7\u00e3o e da Lei, mas mostrando-se um \u00e1rbitro justo, capaz de desembara\u00e7ar os bloqueios pol\u00edtico-sociais.<\/p>\n\n\n\n<p>Se, pelo contr\u00e1rio, o Tribunal Constitucional n\u00e3o funciona como uma v\u00e1lvula de escape, ent\u00e3o n\u00e3o cria uma imagem de \u00e1rbitro justo ou em busca de justi\u00e7a. Torna-se mais um bloqueio do sistema e n\u00e3o cumpre a sua fun\u00e7\u00e3o de guardi\u00e3o da Constitui\u00e7\u00e3o. No fim de contas, ningu\u00e9m acredita nele e ser\u00e3o procuradas solu\u00e7\u00f5es extrajudiciais, eventualmente at\u00e9 violentas. Isso ningu\u00e9m quer.<\/p>\n\n\n\n<p>A verdade \u00e9 que a estabiliza\u00e7\u00e3o do sistema pol\u00edtico est\u00e1 nas m\u00e3os do Tribunal Constitucional.<\/p>\n","protected":false},"excerpt":{"rendered":"<p>Com pompa e muita circunst\u00e2ncia, o Tribunal Constitucional comemorou recentemente o seu 17.\u00ba anivers\u00e1rio. Ao contr\u00e1rio dos tribunais comuns, o Tribunal Constitucional \u00e9 um tribunal essencialmente pol\u00edtico, que trata de assuntos pol\u00edticos. \u00c9 errado avali\u00e1-lo no \u00e2mbito do mero campo jur\u00eddico. O Tribunal Constitucional \u00e9, sobretudo, a v\u00e1lvula de escape do sistema pol\u00edtico, a \u00faltima [&hellip;]<\/p>\n<div class='heateor_sss_sharing_container heateor_sss_vertical_sharing heateor_sss_bottom_sharing' style='width:44px;left: -10px;top: 100px;-webkit-box-shadow:none;box-shadow:none;' data-heateor-sss-href='https:\/\/jornalfax.net\/index.php\/wp-json\/wp\/v2\/posts\/4935'><div class=\"heateor_sss_sharing_ul\"><a aria-label=\"Facebook\" class=\"heateor_sss_facebook\" href=\"https:\/\/www.facebook.com\/sharer\/sharer.php?u=https%3A%2F%2Fjornalfax.net%2Findex.php%2Fwp-json%2Fwp%2Fv2%2Fposts%2F4935\" title=\"Facebook\" rel=\"nofollow noopener\" target=\"_blank\" style=\"font-size:32px!important;box-shadow:none;display:inline-block;vertical-align:middle\"><span class=\"heateor_sss_svg\" style=\"background-color:#0765FE;width:40px;height:40px;margin:0;display:inline-block;opacity:1;float:left;font-size:32px;box-shadow:none;display:inline-block;font-size:16px;padding:0 4px;vertical-align:middle;background-repeat:repeat;overflow:hidden;padding:0;cursor:pointer;box-sizing:content-box\"><svg style=\"display:block;\" focusable=\"false\" aria-hidden=\"true\" xmlns=\"http:\/\/www.w3.org\/2000\/svg\" width=\"100%\" height=\"100%\" viewBox=\"0 0 32 32\"><path fill=\"#fff\" d=\"M28 16c0-6.627-5.373-12-12-12S4 9.373 4 16c0 5.628 3.875 10.35 9.101 11.647v-7.98h-2.474V16H13.1v-1.58c0-4.085 1.849-5.978 5.859-5.978.76 0 2.072.15 2.608.298v3.325c-.283-.03-.775-.045-1.386-.045-1.967 0-2.728.745-2.728 2.683V16h3.92l-.673 3.667h-3.247v8.245C23.395 27.195 28 22.135 28 16Z\"><\/path><\/svg><\/span><\/a><a aria-label=\"X\" class=\"heateor_sss_button_x\" href=\"https:\/\/twitter.com\/intent\/tweet?text=%20-%20&url=https%3A%2F%2Fjornalfax.net%2Findex.php%2Fwp-json%2Fwp%2Fv2%2Fposts%2F4935\" title=\"X\" rel=\"nofollow noopener\" target=\"_blank\" style=\"font-size:32px!important;box-shadow:none;display:inline-block;vertical-align:middle\"><span class=\"heateor_sss_svg heateor_sss_s__default heateor_sss_s_x\" style=\"background-color:#2a2a2a;width:40px;height:40px;margin:0;display:inline-block;opacity:1;float:left;font-size:32px;box-shadow:none;display:inline-block;font-size:16px;padding:0 4px;vertical-align:middle;background-repeat:repeat;overflow:hidden;padding:0;cursor:pointer;box-sizing:content-box\"><svg width=\"100%\" height=\"100%\" style=\"display:block;\" focusable=\"false\" aria-hidden=\"true\" xmlns=\"http:\/\/www.w3.org\/2000\/svg\" viewBox=\"0 0 32 32\"><path fill=\"#fff\" d=\"M21.751 7h3.067l-6.7 7.658L26 25.078h-6.172l-4.833-6.32-5.531 6.32h-3.07l7.167-8.19L6 7h6.328l4.37 5.777L21.75 7Zm-1.076 16.242h1.7L11.404 8.74H9.58l11.094 14.503Z\"><\/path><\/svg><\/span><\/a><a aria-label=\"Reddit\" class=\"heateor_sss_button_reddit\" href=\"http:\/\/reddit.com\/submit?url=https%3A%2F%2Fjornalfax.net%2Findex.php%2Fwp-json%2Fwp%2Fv2%2Fposts%2F4935&title=%20-%20\" title=\"Reddit\" rel=\"nofollow noopener\" target=\"_blank\" style=\"font-size:32px!important;box-shadow:none;display:inline-block;vertical-align:middle\"><span class=\"heateor_sss_svg heateor_sss_s__default heateor_sss_s_reddit\" style=\"background-color:#ff5700;width:40px;height:40px;margin:0;display:inline-block;opacity:1;float:left;font-size:32px;box-shadow:none;display:inline-block;font-size:16px;padding:0 4px;vertical-align:middle;background-repeat:repeat;overflow:hidden;padding:0;cursor:pointer;box-sizing:content-box\"><svg style=\"display:block;\" focusable=\"false\" aria-hidden=\"true\" xmlns=\"http:\/\/www.w3.org\/2000\/svg\" width=\"100%\" height=\"100%\" viewBox=\"-3.5 -3.5 39 39\"><path d=\"M28.543 15.774a2.953 2.953 0 0 0-2.951-2.949 2.882 2.882 0 0 0-1.9.713 14.075 14.075 0 0 0-6.85-2.044l1.38-4.349 3.768.884a2.452 2.452 0 1 0 .24-1.176l-4.274-1a.6.6 0 0 0-.709.4l-1.659 5.224a14.314 14.314 0 0 0-7.316 2.029 2.908 2.908 0 0 0-1.872-.681 2.942 2.942 0 0 0-1.618 5.4 5.109 5.109 0 0 0-.062.765c0 4.158 5.037 7.541 11.229 7.541s11.22-3.383 11.22-7.541a5.2 5.2 0 0 0-.053-.706 2.963 2.963 0 0 0 1.427-2.51zm-18.008 1.88a1.753 1.753 0 0 1 1.73-1.74 1.73 1.73 0 0 1 1.709 1.74 1.709 1.709 0 0 1-1.709 1.711 1.733 1.733 0 0 1-1.73-1.711zm9.565 4.968a5.573 5.573 0 0 1-4.081 1.272h-.032a5.576 5.576 0 0 1-4.087-1.272.6.6 0 0 1 .844-.854 4.5 4.5 0 0 0 3.238.927h.032a4.5 4.5 0 0 0 3.237-.927.6.6 0 1 1 .844.854zm-.331-3.256a1.726 1.726 0 1 1 1.709-1.712 1.717 1.717 0 0 1-1.712 1.712z\" fill=\"#fff\"\/><\/svg><\/span><\/a><a aria-label=\"Linkedin\" class=\"heateor_sss_button_linkedin\" href=\"https:\/\/www.linkedin.com\/sharing\/share-offsite\/?url=https%3A%2F%2Fjornalfax.net%2Findex.php%2Fwp-json%2Fwp%2Fv2%2Fposts%2F4935\" title=\"Linkedin\" rel=\"nofollow noopener\" target=\"_blank\" style=\"font-size:32px!important;box-shadow:none;display:inline-block;vertical-align:middle\"><span class=\"heateor_sss_svg heateor_sss_s__default heateor_sss_s_linkedin\" style=\"background-color:#0077b5;width:40px;height:40px;margin:0;display:inline-block;opacity:1;float:left;font-size:32px;box-shadow:none;display:inline-block;font-size:16px;padding:0 4px;vertical-align:middle;background-repeat:repeat;overflow:hidden;padding:0;cursor:pointer;box-sizing:content-box\"><svg style=\"display:block;\" focusable=\"false\" aria-hidden=\"true\" xmlns=\"http:\/\/www.w3.org\/2000\/svg\" width=\"100%\" height=\"100%\" viewBox=\"0 0 32 32\"><path d=\"M6.227 12.61h4.19v13.48h-4.19V12.61zm2.095-6.7a2.43 2.43 0 0 1 0 4.86c-1.344 0-2.428-1.09-2.428-2.43s1.084-2.43 2.428-2.43m4.72 6.7h4.02v1.84h.058c.56-1.058 1.927-2.176 3.965-2.176 4.238 0 5.02 2.792 5.02 6.42v7.395h-4.183v-6.56c0-1.564-.03-3.574-2.178-3.574-2.18 0-2.514 1.7-2.514 3.46v6.668h-4.187V12.61z\" fill=\"#fff\"><\/path><\/svg><\/span><\/a><a aria-label=\"Pinterest\" class=\"heateor_sss_button_pinterest\" href=\"https:\/\/jornalfax.net\/index.php\/wp-json\/wp\/v2\/posts\/4935\" onclick=\"event.preventDefault();javascript:void( (function() {var e=document.createElement('script' );e.setAttribute('type','text\/javascript' );e.setAttribute('charset','UTF-8' );e.setAttribute('src','\/\/assets.pinterest.com\/js\/pinmarklet.js?r='+Math.random()*99999999);document.body.appendChild(e)})());\" title=\"Pinterest\" rel=\"noopener\" style=\"font-size:32px!important;box-shadow:none;display:inline-block;vertical-align:middle\"><span class=\"heateor_sss_svg heateor_sss_s__default heateor_sss_s_pinterest\" style=\"background-color:#cc2329;width:40px;height:40px;margin:0;display:inline-block;opacity:1;float:left;font-size:32px;box-shadow:none;display:inline-block;font-size:16px;padding:0 4px;vertical-align:middle;background-repeat:repeat;overflow:hidden;padding:0;cursor:pointer;box-sizing:content-box\"><svg style=\"display:block;\" focusable=\"false\" aria-hidden=\"true\" xmlns=\"http:\/\/www.w3.org\/2000\/svg\" width=\"100%\" height=\"100%\" viewBox=\"-2 -2 35 35\"><path fill=\"#fff\" d=\"M16.539 4.5c-6.277 0-9.442 4.5-9.442 8.253 0 2.272.86 4.293 2.705 5.046.303.125.574.005.662-.33.061-.231.205-.816.27-1.06.088-.331.053-.447-.191-.736-.532-.627-.873-1.439-.873-2.591 0-3.338 2.498-6.327 6.505-6.327 3.548 0 5.497 2.168 5.497 5.062 0 3.81-1.686 7.025-4.188 7.025-1.382 0-2.416-1.142-2.085-2.545.397-1.674 1.166-3.48 1.166-4.689 0-1.081-.581-1.983-1.782-1.983-1.413 0-2.548 1.462-2.548 3.419 0 1.247.421 2.091.421 2.091l-1.699 7.199c-.505 2.137-.076 4.755-.039 5.019.021.158.223.196.314.077.13-.17 1.813-2.247 2.384-4.324.162-.587.929-3.631.929-3.631.46.876 1.801 1.646 3.227 1.646 4.247 0 7.128-3.871 7.128-9.053.003-3.918-3.317-7.568-8.361-7.568z\"\/><\/svg><\/span><\/a><a aria-label=\"Mastodon\" class=\"heateor_sss_button_mastodon\" href=\"https:\/\/mastodon.social\/share?text=https%3A%2F%2Fjornalfax.net%2Findex.php%2Fwp-json%2Fwp%2Fv2%2Fposts%2F4935&title=%20-%20\" title=\"Mastodon\" rel=\"nofollow noopener\" target=\"_blank\" style=\"font-size:32px!important;box-shadow:none;display:inline-block;vertical-align:middle\"><span class=\"heateor_sss_svg heateor_sss_s__default heateor_sss_s_mastodon\" style=\"background-color:#6364FF;width:40px;height:40px;margin:0;display:inline-block;opacity:1;float:left;font-size:32px;box-shadow:none;display:inline-block;font-size:16px;padding:0 4px;vertical-align:middle;background-repeat:repeat;overflow:hidden;padding:0;cursor:pointer;box-sizing:content-box\"><svg style=\"display:block;\" focusable=\"false\" aria-hidden=\"true\" xmlns=\"http:\/\/www.w3.org\/2000\/svg\" width=\"100%\" height=\"100%\" viewBox=\"-3.5 -3.5 39 39\"><path d=\"M27 12c0-5.12-3.35-6.62-3.35-6.62C22 4.56 19.05 4.23 16 4.21c-3 0-5.92.35-7.61 1.12C8.36 5.33 5 6.83 5 12v4c.12 5 .92 9.93 5.54 11.16a17.67 17.67 0 005.44.6 10.88 10.88 0 004.18-.95l-.09-1.95a13.36 13.36 0 01-4.07.54c-2.12-.07-4.37-.23-4.71-2.84a5.58 5.58 0 01-.05-.73 27.46 27.46 0 004.73.63 26.76 26.76 0 004.68-.28c3-.35 5.53-2.17 5.85-3.83A39.25 39.25 0 0027 12zm-3.95 6.59h-2.46v-6c0-1.27-.53-1.91-1.6-1.91s-1.77.76-1.77 2.27v3.29h-2.44v-3.35c0-1.51-.59-2.27-1.77-2.27s-1.6.64-1.6 1.91v6H9v-6.18a4.49 4.49 0 011-3 3.39 3.39 0 012.63-1.12 3.17 3.17 0 012.84 1.44l.61 1 .61-1a3.17 3.17 0 012.84-1.44 3.39 3.39 0 012.63 1.12 4.49 4.49 0 011 3z\" fill=\"#fff\"><\/path><\/svg><\/span><\/a><a aria-label=\"Mix\" class=\"heateor_sss_button_mix\" href=\"https:\/\/mix.com\/mixit?url=https%3A%2F%2Fjornalfax.net%2Findex.php%2Fwp-json%2Fwp%2Fv2%2Fposts%2F4935\" title=\"Mix\" rel=\"nofollow noopener\" target=\"_blank\" style=\"font-size:32px!important;box-shadow:none;display:inline-block;vertical-align:middle\"><span class=\"heateor_sss_svg heateor_sss_s__default heateor_sss_s_mix\" style=\"background-color:#ff8226;width:40px;height:40px;margin:0;display:inline-block;opacity:1;float:left;font-size:32px;box-shadow:none;display:inline-block;font-size:16px;padding:0 4px;vertical-align:middle;background-repeat:repeat;overflow:hidden;padding:0;cursor:pointer;box-sizing:content-box\"><svg focusable=\"false\" aria-hidden=\"true\" xmlns=\"http:\/\/www.w3.org\/2000\/svg\" width=\"100%\" height=\"100%\" viewBox=\"-7 -8 45 45\"><g fill=\"#fff\"><path opacity=\".8\" d=\"M27.87 4.125c-5.224 0-9.467 4.159-9.467 9.291v2.89c0-1.306 1.074-2.362 2.399-2.362s2.399 1.056 2.399 2.362v1.204c0 1.306 1.074 2.362 2.399 2.362s2.399-1.056 2.399-2.362V4.134c-.036-.009-.082-.009-.129-.009\"\/><path d=\"M4 4.125v12.94c2.566 0 4.668-1.973 4.807-4.465v-2.214c0-.065 0-.12.009-.176.093-1.213 1.13-2.177 2.39-2.177 1.325 0 2.399 1.056 2.399 2.362v9.226c0 1.306 1.074 2.353 2.399 2.353s2.399-1.056 2.399-2.353v-6.206c0-5.132 4.233-9.291 9.467-9.291H4z\"\/><path opacity=\".8\" d=\"M4 17.074v8.438c0 1.306 1.074 2.362 2.399 2.362s2.399-1.056 2.399-2.362V12.61C8.659 15.102 6.566 17.074 4 17.074\"\/><\/g><\/svg><\/span><\/a><a aria-label=\"Whatsapp\" class=\"heateor_sss_whatsapp\" href=\"https:\/\/api.whatsapp.com\/send?text=%20-%20%20https%3A%2F%2Fjornalfax.net%2Findex.php%2Fwp-json%2Fwp%2Fv2%2Fposts%2F4935\" title=\"Whatsapp\" rel=\"nofollow noopener\" target=\"_blank\" style=\"font-size:32px!important;box-shadow:none;display:inline-block;vertical-align:middle\"><span class=\"heateor_sss_svg\" style=\"background-color:#55eb4c;width:40px;height:40px;margin:0;display:inline-block;opacity:1;float:left;font-size:32px;box-shadow:none;display:inline-block;font-size:16px;padding:0 4px;vertical-align:middle;background-repeat:repeat;overflow:hidden;padding:0;cursor:pointer;box-sizing:content-box\"><svg style=\"display:block;\" focusable=\"false\" aria-hidden=\"true\" xmlns=\"http:\/\/www.w3.org\/2000\/svg\" width=\"100%\" height=\"100%\" viewBox=\"-6 -5 40 40\"><path class=\"heateor_sss_svg_stroke heateor_sss_no_fill\" stroke=\"#fff\" stroke-width=\"2\" fill=\"none\" d=\"M 11.579798566743314 24.396926207859085 A 10 10 0 1 0 6.808479557110079 20.73576436351046\"><\/path><path d=\"M 7 19 l -1 6 l 6 -1\" class=\"heateor_sss_no_fill heateor_sss_svg_stroke\" stroke=\"#fff\" stroke-width=\"2\" fill=\"none\"><\/path><path d=\"M 10 10 q -1 8 8 11 c 5 -1 0 -6 -1 -3 q -4 -3 -5 -5 c 4 -2 -1 -5 -1 -4\" fill=\"#fff\"><\/path><\/svg><\/span><\/a><a class=\"heateor_sss_more\" aria-label=\"More\" title=\"More\" rel=\"nofollow noopener\" style=\"font-size: 32px!important;border:0;box-shadow:none;display:inline-block!important;font-size:16px;padding:0 4px;vertical-align: middle;display:inline;\" href=\"https:\/\/jornalfax.net\/index.php\/wp-json\/wp\/v2\/posts\/4935\" onclick=\"event.preventDefault()\"><span class=\"heateor_sss_svg\" style=\"background-color:#ee8e2d;width:40px;height:40px;margin:0;display:inline-block!important;opacity:1;float:left;font-size:32px!important;box-shadow:none;display:inline-block;font-size:16px;padding:0 4px;vertical-align:middle;display:inline;background-repeat:repeat;overflow:hidden;padding:0;cursor:pointer;box-sizing:content-box;\" onclick=\"heateorSssMoreSharingPopup(this, 'https:\/\/jornalfax.net\/index.php\/wp-json\/wp\/v2\/posts\/4935', '%20-%20', '' )\"><svg xmlns=\"http:\/\/www.w3.org\/2000\/svg\" xmlns:xlink=\"http:\/\/www.w3.org\/1999\/xlink\" viewBox=\"-.3 0 32 32\" version=\"1.1\" width=\"100%\" height=\"100%\" style=\"display:block;\" xml:space=\"preserve\"><g><path fill=\"#fff\" d=\"M18 14V8h-4v6H8v4h6v6h4v-6h6v-4h-6z\" fill-rule=\"evenodd\"><\/path><\/g><\/svg><\/span><\/a><\/div><div class=\"heateorSssClear\"><\/div><\/div>","protected":false},"author":1,"featured_media":4936,"comment_status":"closed","ping_status":"closed","sticky":false,"template":"","format":"standard","meta":{"footnotes":""},"categories":[22,23],"tags":[],"class_list":["post-4935","post","type-post","status-publish","format-standard","has-post-thumbnail","hentry","category-actualidade","category-destaque"],"yoast_head":"<!-- This site is optimized with the Yoast SEO plugin v24.3 - https:\/\/yoast.com\/wordpress\/plugins\/seo\/ -->\n<title>O BLOQUEIO POL\u00cdTICO DO TRIBUNAL CONSTITUCIONAL -<\/title>\n<meta name=\"robots\" content=\"index, follow, max-snippet:-1, max-image-preview:large, max-video-preview:-1\" \/>\n<link rel=\"canonical\" href=\"https:\/\/jornalfax.net\/index.php\/2025\/06\/24\/o-bloqueio-politico-do-tribunal-constitucional\/\" \/>\n<meta property=\"og:locale\" content=\"pt_BR\" \/>\n<meta property=\"og:type\" content=\"article\" \/>\n<meta property=\"og:title\" content=\"O BLOQUEIO POL\u00cdTICO DO TRIBUNAL CONSTITUCIONAL -\" \/>\n<meta property=\"og:description\" content=\"Com pompa e muita circunst\u00e2ncia, o Tribunal Constitucional comemorou recentemente o seu 17.\u00ba anivers\u00e1rio. Ao contr\u00e1rio dos tribunais comuns, o Tribunal Constitucional \u00e9 um tribunal essencialmente pol\u00edtico, que trata de assuntos pol\u00edticos. \u00c9 errado avali\u00e1-lo no \u00e2mbito do mero campo jur\u00eddico. O Tribunal Constitucional \u00e9, sobretudo, a v\u00e1lvula de escape do sistema pol\u00edtico, a \u00faltima [&hellip;]\" \/>\n<meta property=\"og:url\" content=\"https:\/\/jornalfax.net\/index.php\/2025\/06\/24\/o-bloqueio-politico-do-tribunal-constitucional\/\" \/>\n<meta property=\"article:published_time\" content=\"2025-06-24T08:38:07+00:00\" \/>\n<meta property=\"article:modified_time\" content=\"2025-06-24T08:38:09+00:00\" \/>\n<meta property=\"og:image\" content=\"https:\/\/jornalfax.net\/wp-content\/uploads\/2025\/06\/6233428_imagem.jpeg\" \/>\n\t<meta property=\"og:image:width\" content=\"683\" \/>\n\t<meta property=\"og:image:height\" content=\"437\" \/>\n\t<meta property=\"og:image:type\" content=\"image\/jpeg\" \/>\n<meta name=\"author\" content=\"jornalfax.net\" \/>\n<meta name=\"twitter:card\" content=\"summary_large_image\" \/>\n<meta name=\"twitter:label1\" content=\"Escrito por\" \/>\n\t<meta name=\"twitter:data1\" content=\"jornalfax.net\" \/>\n\t<meta name=\"twitter:label2\" content=\"Est. tempo de leitura\" \/>\n\t<meta name=\"twitter:data2\" content=\"6 minutos\" \/>\n<script type=\"application\/ld+json\" class=\"yoast-schema-graph\">{\"@context\":\"https:\/\/schema.org\",\"@graph\":[{\"@type\":\"WebPage\",\"@id\":\"https:\/\/jornalfax.net\/index.php\/2025\/06\/24\/o-bloqueio-politico-do-tribunal-constitucional\/\",\"url\":\"https:\/\/jornalfax.net\/index.php\/2025\/06\/24\/o-bloqueio-politico-do-tribunal-constitucional\/\",\"name\":\"O BLOQUEIO POL\u00cdTICO DO TRIBUNAL CONSTITUCIONAL -\",\"isPartOf\":{\"@id\":\"https:\/\/jornalfax.net\/#website\"},\"primaryImageOfPage\":{\"@id\":\"https:\/\/jornalfax.net\/index.php\/2025\/06\/24\/o-bloqueio-politico-do-tribunal-constitucional\/#primaryimage\"},\"image\":{\"@id\":\"https:\/\/jornalfax.net\/index.php\/2025\/06\/24\/o-bloqueio-politico-do-tribunal-constitucional\/#primaryimage\"},\"thumbnailUrl\":\"https:\/\/jornalfax.net\/wp-content\/uploads\/2025\/06\/6233428_imagem.jpeg\",\"datePublished\":\"2025-06-24T08:38:07+00:00\",\"dateModified\":\"2025-06-24T08:38:09+00:00\",\"author\":{\"@id\":\"https:\/\/jornalfax.net\/#\/schema\/person\/ea5b5601e259b5e0c03c9cb7908e9ffd\"},\"breadcrumb\":{\"@id\":\"https:\/\/jornalfax.net\/index.php\/2025\/06\/24\/o-bloqueio-politico-do-tribunal-constitucional\/#breadcrumb\"},\"inLanguage\":\"pt-BR\",\"potentialAction\":[{\"@type\":\"ReadAction\",\"target\":[\"https:\/\/jornalfax.net\/index.php\/2025\/06\/24\/o-bloqueio-politico-do-tribunal-constitucional\/\"]}]},{\"@type\":\"ImageObject\",\"inLanguage\":\"pt-BR\",\"@id\":\"https:\/\/jornalfax.net\/index.php\/2025\/06\/24\/o-bloqueio-politico-do-tribunal-constitucional\/#primaryimage\",\"url\":\"https:\/\/jornalfax.net\/wp-content\/uploads\/2025\/06\/6233428_imagem.jpeg\",\"contentUrl\":\"https:\/\/jornalfax.net\/wp-content\/uploads\/2025\/06\/6233428_imagem.jpeg\",\"width\":683,\"height\":437},{\"@type\":\"BreadcrumbList\",\"@id\":\"https:\/\/jornalfax.net\/index.php\/2025\/06\/24\/o-bloqueio-politico-do-tribunal-constitucional\/#breadcrumb\",\"itemListElement\":[{\"@type\":\"ListItem\",\"position\":1,\"name\":\"In\u00edcio\",\"item\":\"https:\/\/jornalfax.net\/\"},{\"@type\":\"ListItem\",\"position\":2,\"name\":\"O BLOQUEIO POL\u00cdTICO DO TRIBUNAL CONSTITUCIONAL\"}]},{\"@type\":\"WebSite\",\"@id\":\"https:\/\/jornalfax.net\/#website\",\"url\":\"https:\/\/jornalfax.net\/\",\"name\":\"\",\"description\":\"\",\"potentialAction\":[{\"@type\":\"SearchAction\",\"target\":{\"@type\":\"EntryPoint\",\"urlTemplate\":\"https:\/\/jornalfax.net\/?s={search_term_string}\"},\"query-input\":{\"@type\":\"PropertyValueSpecification\",\"valueRequired\":true,\"valueName\":\"search_term_string\"}}],\"inLanguage\":\"pt-BR\"},{\"@type\":\"Person\",\"@id\":\"https:\/\/jornalfax.net\/#\/schema\/person\/ea5b5601e259b5e0c03c9cb7908e9ffd\",\"name\":\"jornalfax.net\",\"sameAs\":[\"http:\/\/jornalfax.net\"],\"url\":\"https:\/\/jornalfax.net\/index.php\/author\/jornalfax-net\/\"}]}<\/script>\n<!-- \/ Yoast SEO plugin. -->","yoast_head_json":{"title":"O BLOQUEIO POL\u00cdTICO DO TRIBUNAL CONSTITUCIONAL -","robots":{"index":"index","follow":"follow","max-snippet":"max-snippet:-1","max-image-preview":"max-image-preview:large","max-video-preview":"max-video-preview:-1"},"canonical":"https:\/\/jornalfax.net\/index.php\/2025\/06\/24\/o-bloqueio-politico-do-tribunal-constitucional\/","og_locale":"pt_BR","og_type":"article","og_title":"O BLOQUEIO POL\u00cdTICO DO TRIBUNAL CONSTITUCIONAL -","og_description":"Com pompa e muita circunst\u00e2ncia, o Tribunal Constitucional comemorou recentemente o seu 17.\u00ba anivers\u00e1rio. Ao contr\u00e1rio dos tribunais comuns, o Tribunal Constitucional \u00e9 um tribunal essencialmente pol\u00edtico, que trata de assuntos pol\u00edticos. \u00c9 errado avali\u00e1-lo no \u00e2mbito do mero campo jur\u00eddico. O Tribunal Constitucional \u00e9, sobretudo, a v\u00e1lvula de escape do sistema pol\u00edtico, a \u00faltima [&hellip;]","og_url":"https:\/\/jornalfax.net\/index.php\/2025\/06\/24\/o-bloqueio-politico-do-tribunal-constitucional\/","article_published_time":"2025-06-24T08:38:07+00:00","article_modified_time":"2025-06-24T08:38:09+00:00","og_image":[{"width":683,"height":437,"url":"https:\/\/jornalfax.net\/wp-content\/uploads\/2025\/06\/6233428_imagem.jpeg","type":"image\/jpeg"}],"author":"jornalfax.net","twitter_card":"summary_large_image","twitter_misc":{"Escrito por":"jornalfax.net","Est. tempo de leitura":"6 minutos"},"schema":{"@context":"https:\/\/schema.org","@graph":[{"@type":"WebPage","@id":"https:\/\/jornalfax.net\/index.php\/2025\/06\/24\/o-bloqueio-politico-do-tribunal-constitucional\/","url":"https:\/\/jornalfax.net\/index.php\/2025\/06\/24\/o-bloqueio-politico-do-tribunal-constitucional\/","name":"O BLOQUEIO POL\u00cdTICO DO TRIBUNAL CONSTITUCIONAL -","isPartOf":{"@id":"https:\/\/jornalfax.net\/#website"},"primaryImageOfPage":{"@id":"https:\/\/jornalfax.net\/index.php\/2025\/06\/24\/o-bloqueio-politico-do-tribunal-constitucional\/#primaryimage"},"image":{"@id":"https:\/\/jornalfax.net\/index.php\/2025\/06\/24\/o-bloqueio-politico-do-tribunal-constitucional\/#primaryimage"},"thumbnailUrl":"https:\/\/jornalfax.net\/wp-content\/uploads\/2025\/06\/6233428_imagem.jpeg","datePublished":"2025-06-24T08:38:07+00:00","dateModified":"2025-06-24T08:38:09+00:00","author":{"@id":"https:\/\/jornalfax.net\/#\/schema\/person\/ea5b5601e259b5e0c03c9cb7908e9ffd"},"breadcrumb":{"@id":"https:\/\/jornalfax.net\/index.php\/2025\/06\/24\/o-bloqueio-politico-do-tribunal-constitucional\/#breadcrumb"},"inLanguage":"pt-BR","potentialAction":[{"@type":"ReadAction","target":["https:\/\/jornalfax.net\/index.php\/2025\/06\/24\/o-bloqueio-politico-do-tribunal-constitucional\/"]}]},{"@type":"ImageObject","inLanguage":"pt-BR","@id":"https:\/\/jornalfax.net\/index.php\/2025\/06\/24\/o-bloqueio-politico-do-tribunal-constitucional\/#primaryimage","url":"https:\/\/jornalfax.net\/wp-content\/uploads\/2025\/06\/6233428_imagem.jpeg","contentUrl":"https:\/\/jornalfax.net\/wp-content\/uploads\/2025\/06\/6233428_imagem.jpeg","width":683,"height":437},{"@type":"BreadcrumbList","@id":"https:\/\/jornalfax.net\/index.php\/2025\/06\/24\/o-bloqueio-politico-do-tribunal-constitucional\/#breadcrumb","itemListElement":[{"@type":"ListItem","position":1,"name":"In\u00edcio","item":"https:\/\/jornalfax.net\/"},{"@type":"ListItem","position":2,"name":"O BLOQUEIO POL\u00cdTICO DO TRIBUNAL CONSTITUCIONAL"}]},{"@type":"WebSite","@id":"https:\/\/jornalfax.net\/#website","url":"https:\/\/jornalfax.net\/","name":"","description":"","potentialAction":[{"@type":"SearchAction","target":{"@type":"EntryPoint","urlTemplate":"https:\/\/jornalfax.net\/?s={search_term_string}"},"query-input":{"@type":"PropertyValueSpecification","valueRequired":true,"valueName":"search_term_string"}}],"inLanguage":"pt-BR"},{"@type":"Person","@id":"https:\/\/jornalfax.net\/#\/schema\/person\/ea5b5601e259b5e0c03c9cb7908e9ffd","name":"jornalfax.net","sameAs":["http:\/\/jornalfax.net"],"url":"https:\/\/jornalfax.net\/index.php\/author\/jornalfax-net\/"}]}},"_links":{"self":[{"href":"https:\/\/jornalfax.net\/index.php\/wp-json\/wp\/v2\/posts\/4935","targetHints":{"allow":["GET"]}}],"collection":[{"href":"https:\/\/jornalfax.net\/index.php\/wp-json\/wp\/v2\/posts"}],"about":[{"href":"https:\/\/jornalfax.net\/index.php\/wp-json\/wp\/v2\/types\/post"}],"author":[{"embeddable":true,"href":"https:\/\/jornalfax.net\/index.php\/wp-json\/wp\/v2\/users\/1"}],"replies":[{"embeddable":true,"href":"https:\/\/jornalfax.net\/index.php\/wp-json\/wp\/v2\/comments?post=4935"}],"version-history":[{"count":1,"href":"https:\/\/jornalfax.net\/index.php\/wp-json\/wp\/v2\/posts\/4935\/revisions"}],"predecessor-version":[{"id":4937,"href":"https:\/\/jornalfax.net\/index.php\/wp-json\/wp\/v2\/posts\/4935\/revisions\/4937"}],"wp:featuredmedia":[{"embeddable":true,"href":"https:\/\/jornalfax.net\/index.php\/wp-json\/wp\/v2\/media\/4936"}],"wp:attachment":[{"href":"https:\/\/jornalfax.net\/index.php\/wp-json\/wp\/v2\/media?parent=4935"}],"wp:term":[{"taxonomy":"category","embeddable":true,"href":"https:\/\/jornalfax.net\/index.php\/wp-json\/wp\/v2\/categories?post=4935"},{"taxonomy":"post_tag","embeddable":true,"href":"https:\/\/jornalfax.net\/index.php\/wp-json\/wp\/v2\/tags?post=4935"}],"curies":[{"name":"wp","href":"https:\/\/api.w.org\/{rel}","templated":true}]}}