{"id":3704,"date":"2024-10-05T18:51:26","date_gmt":"2024-10-05T21:51:26","guid":{"rendered":"https:\/\/jornalfax.net\/?p=3704"},"modified":"2024-10-05T18:51:27","modified_gmt":"2024-10-05T21:51:27","slug":"mpla-leva-angola-para-a-francofonia","status":"publish","type":"post","link":"https:\/\/jornalfax.net\/index.php\/2024\/10\/05\/mpla-leva-angola-para-a-francofonia\/","title":{"rendered":"MPLA LEVA ANGOLA PARA A FRANCOFONIA"},"content":{"rendered":"\n<p>A ades\u00e3o oficial de Angola enquanto membro observador da Organiza\u00e7\u00e3o Internacional da Francofonia (OIF) foi hoje formalizada em Paris, durante a 19\u00aa Cimeira dos pa\u00edses membros, ap\u00f3s cinco anos da sua candidatura \u00e0 francofonia.<\/p>\n\n\n\n<p>Segundo um comunicado de imprensa da Embaixada de Angola em Fran\u00e7a, \u201cEsta candidatura reflecte o compromisso de Angola com o refor\u00e7o da coopera\u00e7\u00e3o internacional e o desejo de participar mais activamente nas iniciativas de promo\u00e7\u00e3o da l\u00edngua e da cultura francesa, fundamentais para o desenvolvimento global da educa\u00e7\u00e3o e da diplomacia cultural\u201d.<\/p>\n\n\n\n<p>A Cimeira da Francofonia \u201crefor\u00e7a os la\u00e7os entre os pa\u00edses membros e candidatos, como Angola, e destaca a import\u00e2ncia da l\u00edngua e cultura franc\u00f3fonas no cen\u00e1rio global, sendo tamb\u00e9m uma plataforma importante para o di\u00e1logo, coopera\u00e7\u00e3o e interc\u00e2mbio em v\u00e1rias \u00e1reas, como a educa\u00e7\u00e3o, o desenvolvimento sustent\u00e1vel e os direitos humanos\u201d.<\/p>\n\n\n\n<p>Na sexta-feira, a delega\u00e7\u00e3o angolana, liderada pela ministra de Estado para a \u00c1rea Social, Maria do Ros\u00e1rio Bragan\u00e7a, participou na cerim\u00f3nia de abertura da cimeira na Cidade Internacional da L\u00edngua Francesa em Villers-Cotter\u00eats, 60 quil\u00f3metros a norte de Paris, acompanhada pela embaixadora de Angola em Fran\u00e7a, Guilhermina Prata.<\/p>\n\n\n\n<p>A OIF, que realiza a cimeira pela primeira vez em 33 anos em Fran\u00e7a, \u00e9 um organismo de defesa e promo\u00e7\u00e3o da democracia e do Estado de Direito, inclui uma grande parte dos pa\u00edses da \u00c1frica Ocidental e Central, antigas col\u00f3nias francesas.<\/p>\n\n\n\n<p>A francofonia agrupava at\u00e9 agora 88 pa\u00edses, como a Rep\u00fablica Centro-Africana, o Senegal e a Rep\u00fablica Democr\u00e1tica do Congo, com a qual Angola partilha mais de 2.500 quil\u00f3metros de fronteira. Entretanto, tr\u00eas pa\u00edses foram suspensos devido a golpes de Estado que conduziram a regimes militares: Mali, Burkina Faso e N\u00edger.<\/p>\n\n\n\n<p>Como o Gana e o Chipre, membros associados, passaram a membros oficiais, o n\u00famero total de pa\u00edses da OIF aumentou para 93 com a ades\u00e3o de Angola e mais quatro novos membros observadores: Polin\u00e9sia Francesa, Chile, Sarre (Alemanha) e Nova Esc\u00f3cia (Canad\u00e1).<\/p>\n\n\n\n<p>Angola, que se junta como membro observador numa cerim\u00f3nia no Grand Palais, em Paris, era o \u00fanico pa\u00eds lus\u00f3fono em \u00c1frica que n\u00e3o era membro, uma vez que Cabo Verde, Guin\u00e9-Bissau e S\u00e3o Tom\u00e9 e Pr\u00edncipe s\u00e3o membros de pleno direito da OIF.<\/p>\n\n\n\n<p>J\u00e1 Mo\u00e7ambique, membro observador, faz tamb\u00e9m parte da Commonwealth, comunidade constitu\u00edda por 56 pa\u00edses, a maioria antigos territ\u00f3rios do Imp\u00e9rio Brit\u00e2nico.<\/p>\n\n\n\n<p>O Executivo angolano tinha oficializado no dia 17 de Maio de 2019, em Paris, a candidatura do pa\u00eds a membro observador da OIF, um ano ap\u00f3s o Presidente angolano \u2013 n\u00e3o nominalmente eleito \u2013 general Jo\u00e3o Louren\u00e7o (igualmente Presidente do MPLA \u2013 no Poder h\u00e1 49 anos \u2013 e Titular do Poder Executivo), manifestar a inten\u00e7\u00e3o ao seu hom\u00f3logo franc\u00eas, Emmanuel Macron, durante uma visita oficial a Paris.<\/p>\n\n\n\n<p>Na altura, o ministro angolano das Rela\u00e7\u00f5es Exteriores, Manuel Augusto, explicou que a inten\u00e7\u00e3o se baseia no facto de Angola ter rela\u00e7\u00f5es privilegiadas com pa\u00edses franc\u00f3fonos e pretender refor\u00e7ar a integra\u00e7\u00e3o com a comunidade franc\u00f3fona.<\/p>\n\n\n\n<p>Como povo poliglota, sobretudo porque gra\u00e7as a um sistema escolar implantado pelo MPLA ao longo de 49 anos, falamos todas as l\u00ednguas at\u00e9 mesmo quase o portugu\u00eas, consta que Angola tem 4,5 milh\u00f5es de falantes de franc\u00eas, sendo por isso o pa\u00eds lus\u00f3fono mais franc\u00f3fono de \u00c1frica.<\/p>\n\n\n\n<p>Em Maio de 2018, durante a visita oficial a Fran\u00e7a, o presidente Jo\u00e3o Louren\u00e7o manifestou o interesse de Angola em ser membro da Organiza\u00e7\u00e3o Internacional da Francofonia, considerando que Paris \u00e9 para o MPLA a porta de entrada na Europa. N\u00e3o poderia ter sido mais claro.<\/p>\n\n\n\n<p>Jo\u00e3o Louren\u00e7o d\u00e1 (quer dar) um xeque-mate \u00e0 CPLP e, n\u00e3o satisfeito por ver Portugal de c\u00f3coras, quer mesmo enxovalhar ao m\u00e1ximo o velho colonizador.<\/p>\n\n\n\n<p>Portugal come\u00e7a j\u00e1, ali\u00e1s, a ter saudades de Jos\u00e9 Eduardo dos Santos. Revelando um enorme complexo de inferioridade, Jo\u00e3o Louren\u00e7o quer a todo o custo banir da sociedade angolana aquilo que, de facto, s\u00f3 existe na torpe mentalidade de alguns dirigentes do MPLA \u2013 a S\u00edndrome de Estocolmo.<\/p>\n\n\n\n<p>Jo\u00e3o Louren\u00e7o quando olha ao espelho arrepia-se. Sofre (mas n\u00e3o o admite) de um estado psicol\u00f3gico em que a submiss\u00e3o durante muito tempo a um processo de intimida\u00e7\u00e3o o leva a querer matar o \u201cpai\u201d e assim erradicar a simpatia e at\u00e9 mesmo sentimento de amor ou amizade que sente pelo seu suposto agressor.<\/p>\n\n\n\n<p>Quanto \u00e0 entrada para a Francofonia, como j\u00e1 fez Mo\u00e7ambique, Jo\u00e3o Louren\u00e7o tem raz\u00e3o. Portugal est\u00e1 a come\u00e7ar a pagar os juros da sua in\u00e9pcia. Durante muito tempo, durante sempre, Portugal olhou s\u00f3 para a Europa e a Fran\u00e7a, sem esquecer o velho continente, olhou para o mundo inteiro.<\/p>\n\n\n\n<p>Portugal est\u00e1 h\u00e1 muito tempo (h\u00e1 demasiado tempo) adormecido com o sonho europeu, esquecendo que a sua Hist\u00f3ria est\u00e1 tamb\u00e9m e sobretudo em \u00c1frica. Ou seja, o presente (j\u00e1 com cheiro a passado) \u00e9 em Bruxelas mas o futuro ser\u00e1 (ou deveria ter sido) certamente em Luanda ou Maputo.<\/p>\n\n\n\n<p>Quando acordar vai ter um enorme pesadelo. De uma forma geral, Portugal continua a valorizar o acess\u00f3rio e a subestimar o essencial, seja qual for o governo. Por isso, julga que o idioma (preferimos falar da l\u00edngua) \u00e9 algo que n\u00e3o precisa de ser alimentado, que n\u00e3o precisa de ser valorizado.<\/p>\n\n\n\n<p>\u00c9 pena. Por este andar, n\u00e3o tardar\u00e1 muito que a Lusofonia d\u00ea lugar \u00e0 francofonia ou a outra fonia qualquer. \u00c9 isso que Jo\u00e3o Louren\u00e7o quer, n\u00e3o tanto por raz\u00f5es estrat\u00e9gicas mas apenas para mostrar que j\u00e1 ultrapassou o complexo do colonizado.<\/p>\n\n\n\n<p>Em vez de se potenciar a l\u00edngua como o principal elo de liga\u00e7\u00e3o, como factor decisivo de todas as outras vertentes da sociedade globalizada, Portugal pensou \u2013 adoptando uma m\u00e1xima do MPLA \u2013 a que vit\u00f3ria n\u00e3o s\u00f3 era certa como era eterna. E n\u00e3o \u00e9.<\/p>\n\n\n\n<p>No seio da Europa, Portugal apenas est\u00e1 a aguentar-se. Provavelmente a certid\u00e3o de \u00f3bito j\u00e1 est\u00e1 passada. Apenas isso. E at\u00e9 mesmo em mat\u00e9ria cultural poderia dar, ou voltar a dar, luz ao mundo. No entanto continua a olhar para o umbigo.<\/p>\n\n\n\n<p>Nas comunidades de origem portuguesa, as novas gera\u00e7\u00f5es pouco ou nada falam portugu\u00eas. Nos PALOP (Pa\u00edses Africanos de L\u00edngua Oficial Portuguesa) assiste-se ao leg\u00edtimo proliferar dos dialectos locais e ao galopante \u00eaxito do ingl\u00eas. O Portugu\u00eas tender\u00e1 (se nada for feito, se tudo continuar na mesma) a ser apenas uma l\u00edngua residual.<\/p>\n\n\n\n<p>Ao contr\u00e1rio do que fazem franceses e ingleses, os portugueses t\u00eam por h\u00e1bito deixar para amanh\u00e3 o que deveriam ter feito anteontem.<\/p>\n\n\n\n<p>N\u00e3o existe, na l\u00edngua como noutros sectores, uma conjuga\u00e7\u00e3o estrat\u00e9gica de objectivos. Cada um rema para o seu lado e, \u00e9 claro, assim o barco comum (a Lusofonia) n\u00e3o chega a nenhum porto. Em muitos casos nem chegou a sair do porto\u2026 de abrigo. H\u00e1 projectos sobrepostos, e muitas \u00e1reas onde ningu\u00e9m chega. Ningu\u00e9m n\u00e3o \u00e9 verdade. Chegam os ingleses, os franceses, os norte-americanos e at\u00e9 os chineses.<\/p>\n\n\n\n<p>A CPLP (Comunidade dos Pa\u00edses de L\u00edngua Portuguesa) deveria ser o organismo que, por excel\u00eancia, poderia divulgar a l\u00edngua. Est\u00e1, contudo, adormecida. Quando acordar ver\u00e1 que a Lusofonia j\u00e1 morreu\u2026<\/p>\n\n\n\n<p>\u00c9 claro que o futuro de Portugal passa necessariamente por \u00c1frica. Mas o futuro dos PALOP n\u00e3o passa obrigatoriamente por Portugal. Ao contr\u00e1rio de outros tempos, Lisboa n\u00e3o est\u00e1 interessada em dar luz ao mundo. Ao contr\u00e1rio de muitos outros pa\u00edses que est\u00e3o na UE mas tamb\u00e9m em \u00c1frica. Mas n\u00e3o s\u00f3.<\/p>\n\n\n\n<p>Ou seja, a China, por exemplo, est\u00e1 a preparar muitos dos seus melhores quadros para que dominem a l\u00edngua portuguesa. Fazem-no para conquistar os mercados lus\u00f3fonos. Nada mais do que isso.<\/p>\n\n\n\n<p>De uma forma geral, todos (mais uns do que outros, importa diz\u00ea-lo) continuam \u00e0 espera que o burro aprenda a viver sem comer. Mas, quando olharem para o lado, v\u00e3o ver que quando o burro estava quase a saber viver sem comer\u2026 morreu.<\/p>\n\n\n\n<p>Acresce que Portugal ainda n\u00e3o percebeu que foi o \u00abpai\u00bb mas que os \u00abfilhos\u00bb j\u00e1 s\u00e3o independentes. Os pa\u00edses africanos ainda n\u00e3o compreenderam que o \u00abpai\u00bb errou em muitas coisas mas que n\u00e3o \u00e9 por isso que deixou de ser \u00abpai\u00bb.<\/p>\n\n\n\n<p>A Lusofonia, essa realidade que em muito ultrapassa os 280 milh\u00f5es de cidad\u00e3os em todos os cantos do planeta, parece condenada a ser ultrapassada, ou at\u00e9 mesmo aniquilada. Parafraseando Lu\u00eds de Cam\u00f5es, em portugu\u00eas se canta o peito ilustre lusitano e, na pr\u00e1tica, importa recordar que a ele obedeceram Neptuno e Marte. Al\u00e9m disso, importa diz\u00ea-lo, manda cessar (se para tal todos os lus\u00f3fonos tiverem engenho e arte) \u00abtudo o que a Musa antiga canta\u00bb.<\/p>\n\n\n\n<p>Quando ser\u00e1 que, de forma consciente e consistente, Portugal entender\u00e1 que \u00aboutro valor mais alto se alevanta\u00bb? Por culpa (mesmo que inconsciente) dos poucos que n\u00e3o vivem para servir e que, por isso, n\u00e3o servem para viver, continuam os milh\u00f5es que se entendem em portugu\u00eas a comer e a calar, amorda\u00e7ados pela mesquinhez dos que se julgam detentores da verdade.<\/p>\n\n\n\n<p>\u00c9 claro que, como em tudo na vida, n\u00e3o faltar\u00e3o os que dir\u00e3o que n\u00e3o \u00e9 poss\u00edvel entregar a carta a Garcia. Dir\u00e3o isso e, ao mesmo tempo, apontar\u00e3o a valeta mais pr\u00f3xima.<\/p>\n\n\n\n<p>A Hist\u00f3ria do Mundo desmente-os. A Hist\u00f3ria de Portugal desmente-os. Al\u00e9m disso, n\u00e3o custa tentar o imposs\u00edvel, desde logo porque o poss\u00edvel fazemos n\u00f3s todos os dias. Mas n\u00e3o ser\u00e1 com esses que se far\u00e1 a Hist\u00f3ria da Lusofonia apesar de, reconhe\u00e7a-se, muitos deles teimarem em flutuar ao sabor de interesses mesquinhos e de causas que s\u00f3 se conjugam na primeira pessoa do singular.<\/p>\n\n\n\n<p>Para n\u00f3s, a Lusofonia deveria ser um des\u00edgnio de todos. Defender esta tese \u00e9, provavelmente, pregar para os peixes. Mas vale a pena continuar a lutar. Lutar sempre, apesar da indiferen\u00e7a de (quase) todos os que podiam, e deviam, ajudar a Lusofonia.<\/p>\n\n\n\n<p>Folha 8 com Lusa<\/p>\n","protected":false},"excerpt":{"rendered":"<p>A ades\u00e3o oficial de Angola enquanto membro observador da Organiza\u00e7\u00e3o Internacional da Francofonia (OIF) foi hoje formalizada em Paris, durante a 19\u00aa Cimeira dos pa\u00edses membros, ap\u00f3s cinco anos da sua candidatura \u00e0 francofonia. Segundo um comunicado de imprensa da Embaixada de Angola em Fran\u00e7a, \u201cEsta candidatura reflecte o compromisso de Angola com o refor\u00e7o [&hellip;]<\/p>\n<div class='heateor_sss_sharing_container heateor_sss_vertical_sharing heateor_sss_bottom_sharing' style='width:44px;left: -10px;top: 100px;-webkit-box-shadow:none;box-shadow:none;' data-heateor-sss-href='https:\/\/jornalfax.net\/index.php\/wp-json\/wp\/v2\/posts\/3704'><div class=\"heateor_sss_sharing_ul\"><a aria-label=\"Facebook\" class=\"heateor_sss_facebook\" href=\"https:\/\/www.facebook.com\/sharer\/sharer.php?u=https%3A%2F%2Fjornalfax.net%2Findex.php%2Fwp-json%2Fwp%2Fv2%2Fposts%2F3704\" title=\"Facebook\" rel=\"nofollow noopener\" target=\"_blank\" style=\"font-size:32px!important;box-shadow:none;display:inline-block;vertical-align:middle\"><span class=\"heateor_sss_svg\" style=\"background-color:#0765FE;width:40px;height:40px;margin:0;display:inline-block;opacity:1;float:left;font-size:32px;box-shadow:none;display:inline-block;font-size:16px;padding:0 4px;vertical-align:middle;background-repeat:repeat;overflow:hidden;padding:0;cursor:pointer;box-sizing:content-box\"><svg style=\"display:block;\" focusable=\"false\" aria-hidden=\"true\" xmlns=\"http:\/\/www.w3.org\/2000\/svg\" width=\"100%\" height=\"100%\" viewBox=\"0 0 32 32\"><path fill=\"#fff\" d=\"M28 16c0-6.627-5.373-12-12-12S4 9.373 4 16c0 5.628 3.875 10.35 9.101 11.647v-7.98h-2.474V16H13.1v-1.58c0-4.085 1.849-5.978 5.859-5.978.76 0 2.072.15 2.608.298v3.325c-.283-.03-.775-.045-1.386-.045-1.967 0-2.728.745-2.728 2.683V16h3.92l-.673 3.667h-3.247v8.245C23.395 27.195 28 22.135 28 16Z\"><\/path><\/svg><\/span><\/a><a aria-label=\"X\" class=\"heateor_sss_button_x\" href=\"https:\/\/twitter.com\/intent\/tweet?text=%20-%20&url=https%3A%2F%2Fjornalfax.net%2Findex.php%2Fwp-json%2Fwp%2Fv2%2Fposts%2F3704\" title=\"X\" rel=\"nofollow noopener\" target=\"_blank\" style=\"font-size:32px!important;box-shadow:none;display:inline-block;vertical-align:middle\"><span class=\"heateor_sss_svg heateor_sss_s__default heateor_sss_s_x\" style=\"background-color:#2a2a2a;width:40px;height:40px;margin:0;display:inline-block;opacity:1;float:left;font-size:32px;box-shadow:none;display:inline-block;font-size:16px;padding:0 4px;vertical-align:middle;background-repeat:repeat;overflow:hidden;padding:0;cursor:pointer;box-sizing:content-box\"><svg width=\"100%\" height=\"100%\" style=\"display:block;\" focusable=\"false\" aria-hidden=\"true\" xmlns=\"http:\/\/www.w3.org\/2000\/svg\" viewBox=\"0 0 32 32\"><path fill=\"#fff\" d=\"M21.751 7h3.067l-6.7 7.658L26 25.078h-6.172l-4.833-6.32-5.531 6.32h-3.07l7.167-8.19L6 7h6.328l4.37 5.777L21.75 7Zm-1.076 16.242h1.7L11.404 8.74H9.58l11.094 14.503Z\"><\/path><\/svg><\/span><\/a><a aria-label=\"Reddit\" class=\"heateor_sss_button_reddit\" href=\"http:\/\/reddit.com\/submit?url=https%3A%2F%2Fjornalfax.net%2Findex.php%2Fwp-json%2Fwp%2Fv2%2Fposts%2F3704&title=%20-%20\" title=\"Reddit\" rel=\"nofollow noopener\" target=\"_blank\" style=\"font-size:32px!important;box-shadow:none;display:inline-block;vertical-align:middle\"><span class=\"heateor_sss_svg heateor_sss_s__default heateor_sss_s_reddit\" style=\"background-color:#ff5700;width:40px;height:40px;margin:0;display:inline-block;opacity:1;float:left;font-size:32px;box-shadow:none;display:inline-block;font-size:16px;padding:0 4px;vertical-align:middle;background-repeat:repeat;overflow:hidden;padding:0;cursor:pointer;box-sizing:content-box\"><svg style=\"display:block;\" focusable=\"false\" aria-hidden=\"true\" xmlns=\"http:\/\/www.w3.org\/2000\/svg\" width=\"100%\" height=\"100%\" viewBox=\"-3.5 -3.5 39 39\"><path d=\"M28.543 15.774a2.953 2.953 0 0 0-2.951-2.949 2.882 2.882 0 0 0-1.9.713 14.075 14.075 0 0 0-6.85-2.044l1.38-4.349 3.768.884a2.452 2.452 0 1 0 .24-1.176l-4.274-1a.6.6 0 0 0-.709.4l-1.659 5.224a14.314 14.314 0 0 0-7.316 2.029 2.908 2.908 0 0 0-1.872-.681 2.942 2.942 0 0 0-1.618 5.4 5.109 5.109 0 0 0-.062.765c0 4.158 5.037 7.541 11.229 7.541s11.22-3.383 11.22-7.541a5.2 5.2 0 0 0-.053-.706 2.963 2.963 0 0 0 1.427-2.51zm-18.008 1.88a1.753 1.753 0 0 1 1.73-1.74 1.73 1.73 0 0 1 1.709 1.74 1.709 1.709 0 0 1-1.709 1.711 1.733 1.733 0 0 1-1.73-1.711zm9.565 4.968a5.573 5.573 0 0 1-4.081 1.272h-.032a5.576 5.576 0 0 1-4.087-1.272.6.6 0 0 1 .844-.854 4.5 4.5 0 0 0 3.238.927h.032a4.5 4.5 0 0 0 3.237-.927.6.6 0 1 1 .844.854zm-.331-3.256a1.726 1.726 0 1 1 1.709-1.712 1.717 1.717 0 0 1-1.712 1.712z\" fill=\"#fff\"\/><\/svg><\/span><\/a><a aria-label=\"Linkedin\" class=\"heateor_sss_button_linkedin\" href=\"https:\/\/www.linkedin.com\/sharing\/share-offsite\/?url=https%3A%2F%2Fjornalfax.net%2Findex.php%2Fwp-json%2Fwp%2Fv2%2Fposts%2F3704\" title=\"Linkedin\" rel=\"nofollow noopener\" target=\"_blank\" style=\"font-size:32px!important;box-shadow:none;display:inline-block;vertical-align:middle\"><span class=\"heateor_sss_svg heateor_sss_s__default heateor_sss_s_linkedin\" style=\"background-color:#0077b5;width:40px;height:40px;margin:0;display:inline-block;opacity:1;float:left;font-size:32px;box-shadow:none;display:inline-block;font-size:16px;padding:0 4px;vertical-align:middle;background-repeat:repeat;overflow:hidden;padding:0;cursor:pointer;box-sizing:content-box\"><svg style=\"display:block;\" focusable=\"false\" aria-hidden=\"true\" xmlns=\"http:\/\/www.w3.org\/2000\/svg\" width=\"100%\" height=\"100%\" viewBox=\"0 0 32 32\"><path d=\"M6.227 12.61h4.19v13.48h-4.19V12.61zm2.095-6.7a2.43 2.43 0 0 1 0 4.86c-1.344 0-2.428-1.09-2.428-2.43s1.084-2.43 2.428-2.43m4.72 6.7h4.02v1.84h.058c.56-1.058 1.927-2.176 3.965-2.176 4.238 0 5.02 2.792 5.02 6.42v7.395h-4.183v-6.56c0-1.564-.03-3.574-2.178-3.574-2.18 0-2.514 1.7-2.514 3.46v6.668h-4.187V12.61z\" fill=\"#fff\"><\/path><\/svg><\/span><\/a><a aria-label=\"Pinterest\" class=\"heateor_sss_button_pinterest\" href=\"https:\/\/jornalfax.net\/index.php\/wp-json\/wp\/v2\/posts\/3704\" onclick=\"event.preventDefault();javascript:void( (function() {var e=document.createElement('script' );e.setAttribute('type','text\/javascript' );e.setAttribute('charset','UTF-8' );e.setAttribute('src','\/\/assets.pinterest.com\/js\/pinmarklet.js?r='+Math.random()*99999999);document.body.appendChild(e)})());\" title=\"Pinterest\" rel=\"noopener\" style=\"font-size:32px!important;box-shadow:none;display:inline-block;vertical-align:middle\"><span class=\"heateor_sss_svg heateor_sss_s__default heateor_sss_s_pinterest\" style=\"background-color:#cc2329;width:40px;height:40px;margin:0;display:inline-block;opacity:1;float:left;font-size:32px;box-shadow:none;display:inline-block;font-size:16px;padding:0 4px;vertical-align:middle;background-repeat:repeat;overflow:hidden;padding:0;cursor:pointer;box-sizing:content-box\"><svg style=\"display:block;\" focusable=\"false\" aria-hidden=\"true\" xmlns=\"http:\/\/www.w3.org\/2000\/svg\" width=\"100%\" height=\"100%\" viewBox=\"-2 -2 35 35\"><path fill=\"#fff\" d=\"M16.539 4.5c-6.277 0-9.442 4.5-9.442 8.253 0 2.272.86 4.293 2.705 5.046.303.125.574.005.662-.33.061-.231.205-.816.27-1.06.088-.331.053-.447-.191-.736-.532-.627-.873-1.439-.873-2.591 0-3.338 2.498-6.327 6.505-6.327 3.548 0 5.497 2.168 5.497 5.062 0 3.81-1.686 7.025-4.188 7.025-1.382 0-2.416-1.142-2.085-2.545.397-1.674 1.166-3.48 1.166-4.689 0-1.081-.581-1.983-1.782-1.983-1.413 0-2.548 1.462-2.548 3.419 0 1.247.421 2.091.421 2.091l-1.699 7.199c-.505 2.137-.076 4.755-.039 5.019.021.158.223.196.314.077.13-.17 1.813-2.247 2.384-4.324.162-.587.929-3.631.929-3.631.46.876 1.801 1.646 3.227 1.646 4.247 0 7.128-3.871 7.128-9.053.003-3.918-3.317-7.568-8.361-7.568z\"\/><\/svg><\/span><\/a><a aria-label=\"Mastodon\" class=\"heateor_sss_button_mastodon\" href=\"https:\/\/mastodon.social\/share?text=https%3A%2F%2Fjornalfax.net%2Findex.php%2Fwp-json%2Fwp%2Fv2%2Fposts%2F3704&title=%20-%20\" title=\"Mastodon\" rel=\"nofollow noopener\" target=\"_blank\" style=\"font-size:32px!important;box-shadow:none;display:inline-block;vertical-align:middle\"><span class=\"heateor_sss_svg heateor_sss_s__default heateor_sss_s_mastodon\" style=\"background-color:#6364FF;width:40px;height:40px;margin:0;display:inline-block;opacity:1;float:left;font-size:32px;box-shadow:none;display:inline-block;font-size:16px;padding:0 4px;vertical-align:middle;background-repeat:repeat;overflow:hidden;padding:0;cursor:pointer;box-sizing:content-box\"><svg style=\"display:block;\" focusable=\"false\" aria-hidden=\"true\" xmlns=\"http:\/\/www.w3.org\/2000\/svg\" width=\"100%\" height=\"100%\" viewBox=\"-3.5 -3.5 39 39\"><path d=\"M27 12c0-5.12-3.35-6.62-3.35-6.62C22 4.56 19.05 4.23 16 4.21c-3 0-5.92.35-7.61 1.12C8.36 5.33 5 6.83 5 12v4c.12 5 .92 9.93 5.54 11.16a17.67 17.67 0 005.44.6 10.88 10.88 0 004.18-.95l-.09-1.95a13.36 13.36 0 01-4.07.54c-2.12-.07-4.37-.23-4.71-2.84a5.58 5.58 0 01-.05-.73 27.46 27.46 0 004.73.63 26.76 26.76 0 004.68-.28c3-.35 5.53-2.17 5.85-3.83A39.25 39.25 0 0027 12zm-3.95 6.59h-2.46v-6c0-1.27-.53-1.91-1.6-1.91s-1.77.76-1.77 2.27v3.29h-2.44v-3.35c0-1.51-.59-2.27-1.77-2.27s-1.6.64-1.6 1.91v6H9v-6.18a4.49 4.49 0 011-3 3.39 3.39 0 012.63-1.12 3.17 3.17 0 012.84 1.44l.61 1 .61-1a3.17 3.17 0 012.84-1.44 3.39 3.39 0 012.63 1.12 4.49 4.49 0 011 3z\" fill=\"#fff\"><\/path><\/svg><\/span><\/a><a aria-label=\"Mix\" class=\"heateor_sss_button_mix\" href=\"https:\/\/mix.com\/mixit?url=https%3A%2F%2Fjornalfax.net%2Findex.php%2Fwp-json%2Fwp%2Fv2%2Fposts%2F3704\" title=\"Mix\" rel=\"nofollow noopener\" target=\"_blank\" style=\"font-size:32px!important;box-shadow:none;display:inline-block;vertical-align:middle\"><span class=\"heateor_sss_svg heateor_sss_s__default heateor_sss_s_mix\" style=\"background-color:#ff8226;width:40px;height:40px;margin:0;display:inline-block;opacity:1;float:left;font-size:32px;box-shadow:none;display:inline-block;font-size:16px;padding:0 4px;vertical-align:middle;background-repeat:repeat;overflow:hidden;padding:0;cursor:pointer;box-sizing:content-box\"><svg focusable=\"false\" aria-hidden=\"true\" xmlns=\"http:\/\/www.w3.org\/2000\/svg\" width=\"100%\" height=\"100%\" viewBox=\"-7 -8 45 45\"><g fill=\"#fff\"><path opacity=\".8\" d=\"M27.87 4.125c-5.224 0-9.467 4.159-9.467 9.291v2.89c0-1.306 1.074-2.362 2.399-2.362s2.399 1.056 2.399 2.362v1.204c0 1.306 1.074 2.362 2.399 2.362s2.399-1.056 2.399-2.362V4.134c-.036-.009-.082-.009-.129-.009\"\/><path d=\"M4 4.125v12.94c2.566 0 4.668-1.973 4.807-4.465v-2.214c0-.065 0-.12.009-.176.093-1.213 1.13-2.177 2.39-2.177 1.325 0 2.399 1.056 2.399 2.362v9.226c0 1.306 1.074 2.353 2.399 2.353s2.399-1.056 2.399-2.353v-6.206c0-5.132 4.233-9.291 9.467-9.291H4z\"\/><path opacity=\".8\" d=\"M4 17.074v8.438c0 1.306 1.074 2.362 2.399 2.362s2.399-1.056 2.399-2.362V12.61C8.659 15.102 6.566 17.074 4 17.074\"\/><\/g><\/svg><\/span><\/a><a aria-label=\"Whatsapp\" class=\"heateor_sss_whatsapp\" href=\"https:\/\/api.whatsapp.com\/send?text=%20-%20%20https%3A%2F%2Fjornalfax.net%2Findex.php%2Fwp-json%2Fwp%2Fv2%2Fposts%2F3704\" title=\"Whatsapp\" rel=\"nofollow noopener\" target=\"_blank\" style=\"font-size:32px!important;box-shadow:none;display:inline-block;vertical-align:middle\"><span class=\"heateor_sss_svg\" style=\"background-color:#55eb4c;width:40px;height:40px;margin:0;display:inline-block;opacity:1;float:left;font-size:32px;box-shadow:none;display:inline-block;font-size:16px;padding:0 4px;vertical-align:middle;background-repeat:repeat;overflow:hidden;padding:0;cursor:pointer;box-sizing:content-box\"><svg style=\"display:block;\" focusable=\"false\" aria-hidden=\"true\" xmlns=\"http:\/\/www.w3.org\/2000\/svg\" width=\"100%\" height=\"100%\" viewBox=\"-6 -5 40 40\"><path class=\"heateor_sss_svg_stroke heateor_sss_no_fill\" stroke=\"#fff\" stroke-width=\"2\" fill=\"none\" d=\"M 11.579798566743314 24.396926207859085 A 10 10 0 1 0 6.808479557110079 20.73576436351046\"><\/path><path d=\"M 7 19 l -1 6 l 6 -1\" class=\"heateor_sss_no_fill heateor_sss_svg_stroke\" stroke=\"#fff\" stroke-width=\"2\" fill=\"none\"><\/path><path d=\"M 10 10 q -1 8 8 11 c 5 -1 0 -6 -1 -3 q -4 -3 -5 -5 c 4 -2 -1 -5 -1 -4\" fill=\"#fff\"><\/path><\/svg><\/span><\/a><a class=\"heateor_sss_more\" aria-label=\"More\" title=\"More\" rel=\"nofollow noopener\" style=\"font-size: 32px!important;border:0;box-shadow:none;display:inline-block!important;font-size:16px;padding:0 4px;vertical-align: middle;display:inline;\" href=\"https:\/\/jornalfax.net\/index.php\/wp-json\/wp\/v2\/posts\/3704\" onclick=\"event.preventDefault()\"><span class=\"heateor_sss_svg\" style=\"background-color:#ee8e2d;width:40px;height:40px;margin:0;display:inline-block!important;opacity:1;float:left;font-size:32px!important;box-shadow:none;display:inline-block;font-size:16px;padding:0 4px;vertical-align:middle;display:inline;background-repeat:repeat;overflow:hidden;padding:0;cursor:pointer;box-sizing:content-box;\" onclick=\"heateorSssMoreSharingPopup(this, 'https:\/\/jornalfax.net\/index.php\/wp-json\/wp\/v2\/posts\/3704', '%20-%20', '' )\"><svg xmlns=\"http:\/\/www.w3.org\/2000\/svg\" xmlns:xlink=\"http:\/\/www.w3.org\/1999\/xlink\" viewBox=\"-.3 0 32 32\" version=\"1.1\" width=\"100%\" height=\"100%\" style=\"display:block;\" xml:space=\"preserve\"><g><path fill=\"#fff\" d=\"M18 14V8h-4v6H8v4h6v6h4v-6h6v-4h-6z\" fill-rule=\"evenodd\"><\/path><\/g><\/svg><\/span><\/a><\/div><div class=\"heateorSssClear\"><\/div><\/div>","protected":false},"author":1,"featured_media":3705,"comment_status":"closed","ping_status":"closed","sticky":false,"template":"","format":"standard","meta":{"footnotes":""},"categories":[23,26],"tags":[],"class_list":["post-3704","post","type-post","status-publish","format-standard","has-post-thumbnail","hentry","category-destaque","category-politica"],"yoast_head":"<!-- This site is optimized with the Yoast SEO plugin v24.3 - https:\/\/yoast.com\/wordpress\/plugins\/seo\/ -->\n<title>MPLA LEVA ANGOLA PARA A FRANCOFONIA -<\/title>\n<meta name=\"robots\" content=\"index, follow, max-snippet:-1, max-image-preview:large, max-video-preview:-1\" \/>\n<link rel=\"canonical\" href=\"https:\/\/jornalfax.net\/index.php\/2024\/10\/05\/mpla-leva-angola-para-a-francofonia\/\" \/>\n<meta property=\"og:locale\" content=\"pt_BR\" \/>\n<meta property=\"og:type\" content=\"article\" \/>\n<meta property=\"og:title\" content=\"MPLA LEVA ANGOLA PARA A FRANCOFONIA -\" \/>\n<meta property=\"og:description\" content=\"A ades\u00e3o oficial de Angola enquanto membro observador da Organiza\u00e7\u00e3o Internacional da Francofonia (OIF) foi hoje formalizada em Paris, durante a 19\u00aa Cimeira dos pa\u00edses membros, ap\u00f3s cinco anos da sua candidatura \u00e0 francofonia. Segundo um comunicado de imprensa da Embaixada de Angola em Fran\u00e7a, \u201cEsta candidatura reflecte o compromisso de Angola com o refor\u00e7o [&hellip;]\" \/>\n<meta property=\"og:url\" content=\"https:\/\/jornalfax.net\/index.php\/2024\/10\/05\/mpla-leva-angola-para-a-francofonia\/\" \/>\n<meta property=\"article:published_time\" content=\"2024-10-05T21:51:26+00:00\" \/>\n<meta property=\"article:modified_time\" content=\"2024-10-05T21:51:27+00:00\" \/>\n<meta property=\"og:image\" content=\"http:\/\/jornalfax.net\/wp-content\/uploads\/2024\/10\/transferir-60.jpeg\" \/>\n\t<meta property=\"og:image:width\" content=\"275\" \/>\n\t<meta property=\"og:image:height\" content=\"183\" \/>\n\t<meta property=\"og:image:type\" content=\"image\/jpeg\" \/>\n<meta name=\"author\" content=\"jornalfax.net\" \/>\n<meta name=\"twitter:card\" content=\"summary_large_image\" \/>\n<meta name=\"twitter:label1\" content=\"Escrito por\" \/>\n\t<meta name=\"twitter:data1\" content=\"jornalfax.net\" \/>\n\t<meta name=\"twitter:label2\" content=\"Est. tempo de leitura\" \/>\n\t<meta name=\"twitter:data2\" content=\"10 minutos\" \/>\n<script type=\"application\/ld+json\" class=\"yoast-schema-graph\">{\"@context\":\"https:\/\/schema.org\",\"@graph\":[{\"@type\":\"WebPage\",\"@id\":\"https:\/\/jornalfax.net\/index.php\/2024\/10\/05\/mpla-leva-angola-para-a-francofonia\/\",\"url\":\"https:\/\/jornalfax.net\/index.php\/2024\/10\/05\/mpla-leva-angola-para-a-francofonia\/\",\"name\":\"MPLA LEVA ANGOLA PARA A FRANCOFONIA -\",\"isPartOf\":{\"@id\":\"https:\/\/jornalfax.net\/#website\"},\"primaryImageOfPage\":{\"@id\":\"https:\/\/jornalfax.net\/index.php\/2024\/10\/05\/mpla-leva-angola-para-a-francofonia\/#primaryimage\"},\"image\":{\"@id\":\"https:\/\/jornalfax.net\/index.php\/2024\/10\/05\/mpla-leva-angola-para-a-francofonia\/#primaryimage\"},\"thumbnailUrl\":\"https:\/\/jornalfax.net\/wp-content\/uploads\/2024\/10\/transferir-60.jpeg\",\"datePublished\":\"2024-10-05T21:51:26+00:00\",\"dateModified\":\"2024-10-05T21:51:27+00:00\",\"author\":{\"@id\":\"https:\/\/jornalfax.net\/#\/schema\/person\/ea5b5601e259b5e0c03c9cb7908e9ffd\"},\"breadcrumb\":{\"@id\":\"https:\/\/jornalfax.net\/index.php\/2024\/10\/05\/mpla-leva-angola-para-a-francofonia\/#breadcrumb\"},\"inLanguage\":\"pt-BR\",\"potentialAction\":[{\"@type\":\"ReadAction\",\"target\":[\"https:\/\/jornalfax.net\/index.php\/2024\/10\/05\/mpla-leva-angola-para-a-francofonia\/\"]}]},{\"@type\":\"ImageObject\",\"inLanguage\":\"pt-BR\",\"@id\":\"https:\/\/jornalfax.net\/index.php\/2024\/10\/05\/mpla-leva-angola-para-a-francofonia\/#primaryimage\",\"url\":\"https:\/\/jornalfax.net\/wp-content\/uploads\/2024\/10\/transferir-60.jpeg\",\"contentUrl\":\"https:\/\/jornalfax.net\/wp-content\/uploads\/2024\/10\/transferir-60.jpeg\",\"width\":275,\"height\":183},{\"@type\":\"BreadcrumbList\",\"@id\":\"https:\/\/jornalfax.net\/index.php\/2024\/10\/05\/mpla-leva-angola-para-a-francofonia\/#breadcrumb\",\"itemListElement\":[{\"@type\":\"ListItem\",\"position\":1,\"name\":\"In\u00edcio\",\"item\":\"https:\/\/jornalfax.net\/\"},{\"@type\":\"ListItem\",\"position\":2,\"name\":\"MPLA LEVA ANGOLA PARA A FRANCOFONIA\"}]},{\"@type\":\"WebSite\",\"@id\":\"https:\/\/jornalfax.net\/#website\",\"url\":\"https:\/\/jornalfax.net\/\",\"name\":\"\",\"description\":\"\",\"potentialAction\":[{\"@type\":\"SearchAction\",\"target\":{\"@type\":\"EntryPoint\",\"urlTemplate\":\"https:\/\/jornalfax.net\/?s={search_term_string}\"},\"query-input\":{\"@type\":\"PropertyValueSpecification\",\"valueRequired\":true,\"valueName\":\"search_term_string\"}}],\"inLanguage\":\"pt-BR\"},{\"@type\":\"Person\",\"@id\":\"https:\/\/jornalfax.net\/#\/schema\/person\/ea5b5601e259b5e0c03c9cb7908e9ffd\",\"name\":\"jornalfax.net\",\"sameAs\":[\"http:\/\/jornalfax.net\"],\"url\":\"https:\/\/jornalfax.net\/index.php\/author\/jornalfax-net\/\"}]}<\/script>\n<!-- \/ Yoast SEO plugin. -->","yoast_head_json":{"title":"MPLA LEVA ANGOLA PARA A FRANCOFONIA -","robots":{"index":"index","follow":"follow","max-snippet":"max-snippet:-1","max-image-preview":"max-image-preview:large","max-video-preview":"max-video-preview:-1"},"canonical":"https:\/\/jornalfax.net\/index.php\/2024\/10\/05\/mpla-leva-angola-para-a-francofonia\/","og_locale":"pt_BR","og_type":"article","og_title":"MPLA LEVA ANGOLA PARA A FRANCOFONIA -","og_description":"A ades\u00e3o oficial de Angola enquanto membro observador da Organiza\u00e7\u00e3o Internacional da Francofonia (OIF) foi hoje formalizada em Paris, durante a 19\u00aa Cimeira dos pa\u00edses membros, ap\u00f3s cinco anos da sua candidatura \u00e0 francofonia. Segundo um comunicado de imprensa da Embaixada de Angola em Fran\u00e7a, \u201cEsta candidatura reflecte o compromisso de Angola com o refor\u00e7o [&hellip;]","og_url":"https:\/\/jornalfax.net\/index.php\/2024\/10\/05\/mpla-leva-angola-para-a-francofonia\/","article_published_time":"2024-10-05T21:51:26+00:00","article_modified_time":"2024-10-05T21:51:27+00:00","og_image":[{"width":275,"height":183,"url":"http:\/\/jornalfax.net\/wp-content\/uploads\/2024\/10\/transferir-60.jpeg","type":"image\/jpeg"}],"author":"jornalfax.net","twitter_card":"summary_large_image","twitter_misc":{"Escrito por":"jornalfax.net","Est. tempo de leitura":"10 minutos"},"schema":{"@context":"https:\/\/schema.org","@graph":[{"@type":"WebPage","@id":"https:\/\/jornalfax.net\/index.php\/2024\/10\/05\/mpla-leva-angola-para-a-francofonia\/","url":"https:\/\/jornalfax.net\/index.php\/2024\/10\/05\/mpla-leva-angola-para-a-francofonia\/","name":"MPLA LEVA ANGOLA PARA A FRANCOFONIA -","isPartOf":{"@id":"https:\/\/jornalfax.net\/#website"},"primaryImageOfPage":{"@id":"https:\/\/jornalfax.net\/index.php\/2024\/10\/05\/mpla-leva-angola-para-a-francofonia\/#primaryimage"},"image":{"@id":"https:\/\/jornalfax.net\/index.php\/2024\/10\/05\/mpla-leva-angola-para-a-francofonia\/#primaryimage"},"thumbnailUrl":"https:\/\/jornalfax.net\/wp-content\/uploads\/2024\/10\/transferir-60.jpeg","datePublished":"2024-10-05T21:51:26+00:00","dateModified":"2024-10-05T21:51:27+00:00","author":{"@id":"https:\/\/jornalfax.net\/#\/schema\/person\/ea5b5601e259b5e0c03c9cb7908e9ffd"},"breadcrumb":{"@id":"https:\/\/jornalfax.net\/index.php\/2024\/10\/05\/mpla-leva-angola-para-a-francofonia\/#breadcrumb"},"inLanguage":"pt-BR","potentialAction":[{"@type":"ReadAction","target":["https:\/\/jornalfax.net\/index.php\/2024\/10\/05\/mpla-leva-angola-para-a-francofonia\/"]}]},{"@type":"ImageObject","inLanguage":"pt-BR","@id":"https:\/\/jornalfax.net\/index.php\/2024\/10\/05\/mpla-leva-angola-para-a-francofonia\/#primaryimage","url":"https:\/\/jornalfax.net\/wp-content\/uploads\/2024\/10\/transferir-60.jpeg","contentUrl":"https:\/\/jornalfax.net\/wp-content\/uploads\/2024\/10\/transferir-60.jpeg","width":275,"height":183},{"@type":"BreadcrumbList","@id":"https:\/\/jornalfax.net\/index.php\/2024\/10\/05\/mpla-leva-angola-para-a-francofonia\/#breadcrumb","itemListElement":[{"@type":"ListItem","position":1,"name":"In\u00edcio","item":"https:\/\/jornalfax.net\/"},{"@type":"ListItem","position":2,"name":"MPLA LEVA ANGOLA PARA A FRANCOFONIA"}]},{"@type":"WebSite","@id":"https:\/\/jornalfax.net\/#website","url":"https:\/\/jornalfax.net\/","name":"","description":"","potentialAction":[{"@type":"SearchAction","target":{"@type":"EntryPoint","urlTemplate":"https:\/\/jornalfax.net\/?s={search_term_string}"},"query-input":{"@type":"PropertyValueSpecification","valueRequired":true,"valueName":"search_term_string"}}],"inLanguage":"pt-BR"},{"@type":"Person","@id":"https:\/\/jornalfax.net\/#\/schema\/person\/ea5b5601e259b5e0c03c9cb7908e9ffd","name":"jornalfax.net","sameAs":["http:\/\/jornalfax.net"],"url":"https:\/\/jornalfax.net\/index.php\/author\/jornalfax-net\/"}]}},"_links":{"self":[{"href":"https:\/\/jornalfax.net\/index.php\/wp-json\/wp\/v2\/posts\/3704","targetHints":{"allow":["GET"]}}],"collection":[{"href":"https:\/\/jornalfax.net\/index.php\/wp-json\/wp\/v2\/posts"}],"about":[{"href":"https:\/\/jornalfax.net\/index.php\/wp-json\/wp\/v2\/types\/post"}],"author":[{"embeddable":true,"href":"https:\/\/jornalfax.net\/index.php\/wp-json\/wp\/v2\/users\/1"}],"replies":[{"embeddable":true,"href":"https:\/\/jornalfax.net\/index.php\/wp-json\/wp\/v2\/comments?post=3704"}],"version-history":[{"count":1,"href":"https:\/\/jornalfax.net\/index.php\/wp-json\/wp\/v2\/posts\/3704\/revisions"}],"predecessor-version":[{"id":3706,"href":"https:\/\/jornalfax.net\/index.php\/wp-json\/wp\/v2\/posts\/3704\/revisions\/3706"}],"wp:featuredmedia":[{"embeddable":true,"href":"https:\/\/jornalfax.net\/index.php\/wp-json\/wp\/v2\/media\/3705"}],"wp:attachment":[{"href":"https:\/\/jornalfax.net\/index.php\/wp-json\/wp\/v2\/media?parent=3704"}],"wp:term":[{"taxonomy":"category","embeddable":true,"href":"https:\/\/jornalfax.net\/index.php\/wp-json\/wp\/v2\/categories?post=3704"},{"taxonomy":"post_tag","embeddable":true,"href":"https:\/\/jornalfax.net\/index.php\/wp-json\/wp\/v2\/tags?post=3704"}],"curies":[{"name":"wp","href":"https:\/\/api.w.org\/{rel}","templated":true}]}}