{"id":3368,"date":"2024-08-15T15:46:08","date_gmt":"2024-08-15T18:46:08","guid":{"rendered":"https:\/\/jornalfax.net\/?p=3368"},"modified":"2024-08-15T15:46:10","modified_gmt":"2024-08-15T18:46:10","slug":"discurso-da-presidente-da-assembleia-nacional-carolina-cerqueira-na-reuniao-solene-de-encerramento-da-ii-sessao-legislativa-da-v-legislatura","status":"publish","type":"post","link":"https:\/\/jornalfax.net\/index.php\/2024\/08\/15\/discurso-da-presidente-da-assembleia-nacional-carolina-cerqueira-na-reuniao-solene-de-encerramento-da-ii-sessao-legislativa-da-v-legislatura\/","title":{"rendered":"DISCURSO DA PRESIDENTE DA ASSEMBLEIA NACIONAL, CAROLINA CERQUEIRA, NA REUNI\u00c3O SOLENE DE ENCERRAMENTO DA II SESS\u00c3O LEGISLATIVA DA V LEGISLATURA"},"content":{"rendered":"\n<p>&#8211; Excel\u00eancia 1.\u00ba Vice-Presidente da Assembleia Nacional,<\/p>\n\n\n\n<p>Deputado Am\u00e9rico Ant\u00f3nio Cuononoca;<\/p>\n\n\n\n<p>&#8211; Excel\u00eancia 2.\u00aa Vice-Presidente da Assembleia Nacional,<\/p>\n\n\n\n<p>Deputada Arlete Leona Chimbinda;<\/p>\n\n\n\n<p>&#8211; Excel\u00eancia 1.\u00ba Secret\u00e1rio da Mesa da Assembleia Nacional,<\/p>\n\n\n\n<p>Deputado Manuel Lopes Dembo;<\/p>\n\n\n\n<p>&#8211; Excel\u00eancia 2.\u00aa Secret\u00e1ria da Mesa da Assembleia Nacional,<\/p>\n\n\n\n<p>Deputada Am\u00e9lia Judith Ernesto, que partilharam comigo a Mesa da Assembleia Nacional durante esta Segunda Sess\u00e3o Legislativa da V Legislatura;<\/p>\n\n\n\n<p>&#8211; Distintos Deputados;<\/p>\n\n\n\n<p>&#8211; Excelent\u00edssimo Senhor Secret\u00e1rio do Presidente da Rep\u00fablica Para os Assuntos Pol\u00edticos e Parlamentares;<\/p>\n\n\n\n<p>&#8211; Digno Senhor Secret\u00e1rio-Geral da Assembleia Nacional;<\/p>\n\n\n\n<p>&#8211; Funcion\u00e1rios e Agentes Parlamentares;<\/p>\n\n\n\n<p>&#8211; Minhas Senhoras e Meus Senhores.<\/p>\n\n\n\n<p>&#8211; Amado Povo Angolano.<\/p>\n\n\n\n<p>No final de mais um ano legislativo, gostaria de agradecer a todos em geral pelo esfor\u00e7o, dedica\u00e7\u00e3o, sacrif\u00edcio e grande esp\u00edrito de miss\u00e3o e de resili\u00eancia que nos permitiu caminhar sem vacilar no cumprimento dos nossos prop\u00f3sitos e das nossas leg\u00edtimas aspira\u00e7\u00f5es ao servi\u00e7o das fam\u00edlias e do povo angolano em geral.<\/p>\n\n\n\n<p>O ciclo pol\u00edtico que encerramos hoje ficou marcado pela saud\u00e1vel din\u00e2mica do debate pol\u00edtico democr\u00e1tico, apesar dos antagonismos e posi\u00e7\u00f5es ideol\u00f3gicas diferentes, tendo as diferen\u00e7as pol\u00edticas suscitado algumas vezes acesos debates numa dial\u00e9tica por vezes mais extremada, mas, na maior parte dos casos no \u00e2mbito dos c\u00e2nones regulamentares e da \u00e9tica que esta Assembleia exige.<\/p>\n\n\n\n<p>No \u00e2mbito institucional, a Assembleia Nacional garantiu sempre uma impec\u00e1vel coopera\u00e7\u00e3o institucional com todos os outros \u00d3rg\u00e3os de soberania, mesmo nos momentos mais exacerbados do debate pol\u00edtico, nesta sess\u00e3o que hoje termina.<\/p>\n\n\n\n<p>A Assembleia Nacional exerceu a sua fun\u00e7\u00e3o primordial de conter em si o debate mais aceso e de garantir um reflexo externo de respeito pela \u00e9tica republicana que deve conformar o nosso regime pol\u00edtico e o estado democr\u00e1tico de direito.<\/p>\n\n\n\n<p>O fim de cada sess\u00e3o legislativa \u00e9 uma \u00e9poca de reflex\u00e3o, de recupera\u00e7\u00e3o de energias e de recomposi\u00e7\u00e3o do espa\u00e7o de cultivo, vislumbrando um novo per\u00edodo para concretiza\u00e7\u00e3o de programas, atrav\u00e9s da aprova\u00e7\u00e3o de leis e fiscaliza\u00e7\u00e3o da sua boa execu\u00e7\u00e3o.<\/p>\n\n\n\n<p>Chegamos ao t\u00e9rmino da II Sess\u00e3o Legislativa da V Legislatura e apraz-me agradecer \u00e0s senhoras e senhores deputados, funcion\u00e1rios e agentes parlamentares pelo contributo e dedica\u00e7\u00e3o de todos e de cada um voc\u00eas, no cumprimento da miss\u00e3o que nos foi incumbida pelo povo angolano no estrito cumprimento da Constitui\u00e7\u00e3o.<\/p>\n\n\n\n<p>Como representantes dos cidad\u00e3os, for\u00e7as pol\u00edticas e de toda a sociedade angolana, trabalhamos a favor da estabilidade, da dignidade, da liberdade, do desenvolvimento e da edifica\u00e7\u00e3o de um Pa\u00eds moderno e socialmente justo como reza a nossa Magna carta.<\/p>\n\n\n\n<p>A nossa Constitui\u00e7\u00e3o atesta que a democracia representativa e participativa \u00e9 o principal alicerce do Estado angolano, cabendo-nos, como representantes do povo, elevar com sabedoria, toler\u00e2ncia, \u00e9tica e sentido de Estado o juramento que prestamos nesta Casa das Leis perante o povo angolano, para que possamos deixar um legado \u00e0s futuras gera\u00e7\u00f5es com li\u00e7\u00f5es indel\u00e9veis sobre o valor da unidade na diversidade para constru\u00e7\u00e3o de uma P\u00e1tria una, pr\u00f3spera e solid\u00e1ria.<\/p>\n\n\n\n<p><strong>EXCEL\u00caNCIAS SENHORAS E SENHORES DEPUTADOS,<\/strong><\/p>\n\n\n\n<p>O funcionamento regular desta Casa consentiu, em nome e em representa\u00e7\u00e3o dos interesses dos angolanos, a audi\u00e7\u00e3o aos Auxiliares do Titular do Poder Executivo sobre assuntos diversos da governa\u00e7\u00e3o e impactantes no desenvolvimento da sociedade, nomeadamente as audi\u00e7\u00f5es \u00e0s Ministras da Sa\u00fade, do Ensino Superior, Ci\u00eancia e Tecnologia e aos Ministros das Obras P\u00fablicas, Urbanismo e Habita\u00e7\u00e3o, dos Transportes e dos Recursos Minerais, Petr\u00f3leo e G\u00e1s.<\/p>\n\n\n\n<p>Estas mat\u00e9rias, entre outras, tamb\u00e9m por iniciativa da Assembleia Nacional foram objecto de reflex\u00f5es abrangentes com organiza\u00e7\u00f5es da sociedade civil por forma a gerar o conhecimento geral dos principais desafios da governa\u00e7\u00e3o e prop\u00f4r aos \u00f3rg\u00e3os competentes solu\u00e7\u00f5es concretas mais amplas e transversais.<\/p>\n\n\n\n<p>Por outro lado, durante o presente exerc\u00edcio, o processo legislativo continuou a ser notabilizado pelo procedimento de consultas regulares a especialistas e ausculta\u00e7\u00e3o de diversas camadas da nossa sociedade dando, deste modo, mais espa\u00e7o a promo\u00e7\u00e3o da interven\u00e7\u00e3o participativa e inclusiva dos cidad\u00e3os, e das organiza\u00e7\u00f5es da sociedade civil e religiosa na actividade legislativa.<\/p>\n\n\n\n<p>Mostrou-se bastante prof\u00edcua esta participa\u00e7\u00e3o dos cidad\u00e3os no processo legislativo, atrav\u00e9s de peti\u00e7\u00f5es e requisi\u00e7\u00f5es, bem como na participa\u00e7\u00e3o em workshops, col\u00f3quios, semin\u00e1rios, outras reuni\u00f5es onde a interac\u00e7\u00e3o entre o povo soberano e os seus representantes permitiu encontrar solu\u00e7\u00f5es mais pr\u00f3ximas \u00e0 realidade das nossas popula\u00e7\u00f5es.<\/p>\n\n\n\n<p>Durante a Segunda Sess\u00e3o Legislativa foram aprovadas e publicadas em Di\u00e1rio da Rep\u00fablica 18 (dezoito) leis o que representou um aumento de 3 leis comparativamente ao 1.\u00ba Ano Legislativo, em redac\u00e7\u00e3o final est\u00e3o 6 (seis) diplomas e foram aprovadas na generalidade e em tratamento na especialidade 7 (sete) propostas de leis.<\/p>\n\n\n\n<p>No mesmo sentido, foram aprovadas 41 (quarenta e uma) resolu\u00e7\u00f5es, mais 5 (cinco) em rela\u00e7\u00e3o ao ano parlamentar de 2022-2023.<\/p>\n\n\n\n<p>No \u00e2mbito do controlo e fiscaliza\u00e7\u00e3o foram realizadas pelas Comiss\u00f5es de Trabalho Especializadas e pelos Grupos de Deputados Residentes visitas para constata\u00e7\u00e3o do grau de execu\u00e7\u00e3o f\u00edsica e financeira dos v\u00e1rios projectos em curso nos distintos munic\u00edpios do Pa\u00eds, enquadrados nos programas gizados pelo Executivo, tendo-se verificado um grau de cumprimento das actividades planificadas na ordem dos 59,4%.<\/p>\n\n\n\n<p>Igualmente no exterior, delega\u00e7\u00f5es parlamentares fizeram visitas e conviveram com compatriotas na di\u00e1spora onde auscultaram as suas principais preocupa\u00e7\u00f5es que foram encaminhadas aos \u00f3rg\u00e3os competentes.<\/p>\n\n\n\n<p>No in\u00edcio desta Legislatura tivemos a oportunidade de testemunhar, pela primeira vez, a cria\u00e7\u00e3o de um Grupo Parlamentar Misto, refiro-me ao Grupo Parlamentar PRS\/FNLA, que no per\u00edodo da Segunda Sess\u00e3o Legislativa, conheceu a sua dissolu\u00e7\u00e3o, alterando o n\u00famero de grupos parlamentares da Assembleia Nacional para dois (2) designadamente do MPLA e da UNITA e tr\u00eas representa\u00e7\u00f5es de partidos pol\u00edticos, conforme disp\u00f5e o artigo 30.\u00ba do Regimento da Assembleia Nacional.<\/p>\n\n\n\n<p>No dom\u00ednio da organiza\u00e7\u00e3o administrativa enquanto mecanismo de apoio essencial para o desenvolvimento da actividade parlamentar, apesar das limita\u00e7\u00f5es de ordem financeira, foram conhecidos avan\u00e7os significativos no que concerne ao apetrechamento dos Servi\u00e7os Cl\u00ednicos da Assembleia Nacional, para um eficiente atendimento aos Deputados e aos funcion\u00e1rios parlamentares.<\/p>\n\n\n\n<p>Aproveito ainda para real\u00e7ar que as visitas realizadas \u00e0s prov\u00edncias de Benguela, CuanzaSul, Cabinda e Hu\u00edla permitiram o contacto directo com a realidade local e constatar os n\u00edveis de execu\u00e7\u00e3o das obras de manuten\u00e7\u00e3o e apetrechamento dos gabinetes locais, e no mesmo sentido promovemos benfeitorias necess\u00e1rias que ainda est\u00e3o em curso no edif\u00edcio sede da Assembleia Nacional, estando j\u00e1 planificadas visitas aos demais gabinetes locais.<\/p>\n\n\n\n<p>Ao longo do ano legislativo, que hoje encerramos, verificaram-se significativos progressos na normaliza\u00e7\u00e3o dos servi\u00e7os administrativos da Assembleia Nacional, e estamos certos que este quadro ir\u00e1 melhorar ainda mais com a recente aprova\u00e7\u00e3o da Lei Org\u00e2nica do Funcionamento dos Servi\u00e7os da Assembleia Nacional.<\/p>\n\n\n\n<p>Fica, neste momento, o nosso desafio de no pr\u00f3ximo ano parlamentar apostarmos no aperfei\u00e7oamento das estruturas log\u00edsticas e dos servi\u00e7os de apoio ao trabalho parlamentar, assegurados pelos funcion\u00e1rios e agentes parlamentares, que s\u00e3o o esteio, que com o seu laborioso trabalho dedicado permitem que as senhoras e os senhores Deputados tenham condi\u00e7\u00f5es condignas de trabalho.<\/p>\n\n\n\n<p>Estamos convencidos que \u00e0 luz da lei da reforma da actividade parlamentar para os pr\u00f3ximos anos, passaremos a contar com uma Academia de Forma\u00e7\u00e3o, canais de r\u00e1dio e televis\u00e3o, Direc\u00e7\u00e3o dos Servi\u00e7os de Sa\u00fade, Higiene e Seguran\u00e7a no Trabalho, Gabinete de Controlo e Procedimento, Gabinete de Apoio ao Or\u00e7amento e uma estrutura administrativa avan\u00e7ada com recurso aos mais modernos meios tecnol\u00f3gicos e especializados em \u00e1reas como sistemas de intelig\u00eancia artificial para Parlamentos, aspectos que t\u00eam contribu\u00eddo para o processo de desmaterializa\u00e7\u00e3o dos servi\u00e7os desta nossa Casa.<\/p>\n\n\n\n<p>Foram, igualmente, refor\u00e7ados os mecanismos de aproxima\u00e7\u00e3o dos servi\u00e7os dos gabinetes locais, para melhorar o acompanhamento das quest\u00f5es mais cr\u00edticas, embora seja necess\u00e1rio aperfei\u00e7oar as formas de interven\u00e7\u00e3o para resolver alguns dos problemas que nos foram colocados ontem durante a an\u00e1lise do tecto or\u00e7amental da Assembleia Nacional para o pr\u00f3ximo ano, e que nos deram algumas pistas sobre as prioridades a ter em conta no futuro.<\/p>\n\n\n\n<p>Muito obrigado, Senhores Deputados, por apresentarem estas defici\u00eancias.<\/p>\n\n\n\n<p>Continuamos a investir no capital humano da Assembleia Nacional por via de um conjunto de ac\u00e7\u00f5es de capacita\u00e7\u00e3o t\u00e9cnica dos funcion\u00e1rios e agentes parlamentares.<\/p>\n\n\n\n<p>Durante esta Sess\u00e3o concedi cinquenta e quatro audi\u00eancias em que entre muitos assuntos foram afloradas quest\u00f5es relacionadas com o refor\u00e7o da coopera\u00e7\u00e3o e intercambio parlamentar.<\/p>\n\n\n\n<p>Nesta Casa das Leis, os Deputados, de forma reiterada, demonstraram um compromisso inabal\u00e1vel em defesa da paz, da estabilidade Constitucional e da inclus\u00e3o social, visando o desenvolvimento sustent\u00e1vel capaz de promover uma verdadeira inclus\u00e3o social.<\/p>\n\n\n\n<p>&nbsp;Continuaremos a advogar para uma educa\u00e7\u00e3o de qualidade, sa\u00fade para todos, e a promo\u00e7\u00e3o dos direitos dos mais vulner\u00e1veis, buscando o fortalecimento permanente da nossa Democracia e dos Direitos Humanos.<\/p>\n\n\n\n<p>Com orgulho, podemos afirmar que na nossa agenda parlamentar, a defesa dos interesses, direitos e a promo\u00e7\u00e3o da mulher, em todos os dom\u00ednios, t\u00eam sido uma prioridade constante.<\/p>\n\n\n\n<p>Temos tamb\u00e9m nos focados na defesa e protec\u00e7\u00e3o dos direitos das crian\u00e7as, combatendo todas as formas de viol\u00eancia, atrav\u00e9s de iniciativas legislativas de preven\u00e7\u00e3o e educa\u00e7\u00e3o, voltadas para a defesa dos direitos daqueles que se encontram em situa\u00e7\u00f5es de maior vulnerabilidade.<\/p>\n\n\n\n<p>Desde o in\u00edcio desta legislatura, identificamos a necessidade urgente de agravar as penas para crimes de viol\u00eancia, sejam f\u00edsicas, sexuais ou de qualquer outra natureza. Aplaudimos, por isso, o esfor\u00e7o do Executivo, em particular atrav\u00e9s do Minist\u00e9rio da Ac\u00e7\u00e3o Social, Fam\u00edlia e Promo\u00e7\u00e3o da Mulher, na realiza\u00e7\u00e3o de consultas p\u00fablicas nas 18 prov\u00edncias do Pa\u00eds, visando obter respostas reais e identificar as principais causas dos crimes, para podermos combater as suas consequ\u00eancias, e prevenir que ocorram com frequ\u00eancia, bem como, para podermos legislar de forma eficaz e realiz\u00e1vel.<\/p>\n\n\n\n<p>Esperamos que essa seja uma das mat\u00e9rias priorit\u00e1rias a serem tratadas pelos Senhores Deputados no pr\u00f3ximo ano legislativo.<\/p>\n\n\n\n<p>As quest\u00f5es ambientais, cada vez mais urgentes, agora s\u00e3o abordadas sob a \u00f3ptica dos direitos humanos, e a sua inclus\u00e3o na D\u00e9cima Comiss\u00e3o Parlamentar comprova o nosso compromisso com o tratamento das quest\u00f5es ambientais e das mudan\u00e7as clim\u00e1ticas de forma global e priorit\u00e1ria, conscientes que a crise clim\u00e1tica desencadeia a crise alimentar, a crise ambiental, a crise de seguran\u00e7a e a crise energ\u00e9tica cujas consequ\u00eancias s\u00e3o imprevis\u00edveis.<\/p>\n\n\n\n<p>No entanto, ao olharmos para o futuro, n\u00e3o podemos ignorar o impacto crescente da intelig\u00eancia artificial na nossa sociedade. Como legisladores, temos o dever de reflectir sobre os avan\u00e7os da intelig\u00eancia artificial e das novas tecnologias em geral e como as mesmas podem ser integradas de forma respons\u00e1vel nas nossas pol\u00edticas p\u00fablicas.<\/p>\n\n\n\n<p>Estas quest\u00f5es s\u00e3o desafios reais que precisamos de enfrentar para garantir que a revolu\u00e7\u00e3o tecnol\u00f3gica beneficie a todos, sem deixar ningu\u00e9m para tr\u00e1s.<\/p>\n\n\n\n<p><strong>EXCEL\u00caNCIAS, SENHORES DEPUTADOS E SENHORAS DEPUTADAS,<\/strong><\/p>\n\n\n\n<p><strong>MINHAS SENHORAS E MEUS SENHORES,<\/strong><strong><\/strong><\/p>\n\n\n\n<p>Houve uma din\u00e2mica nos trabalhos parlamentares, onde todos os partidos com assento nesta Casa estiveram activamente envolvidos, assegurando, assim, uma representatividade prof\u00edcua da sociedade angolana, fruto da confian\u00e7a depositada pelos cidad\u00e3os nas \u00faltimas elei\u00e7\u00f5es.<\/p>\n\n\n\n<p>Esta colabora\u00e7\u00e3o foi essencial para manter a integridade e a vitalidade do nosso sistema democr\u00e1tico.<\/p>\n\n\n\n<p>Os resultados obtidos demonstram, de forma estat\u00edstica, a vitalidade da Assembleia Nacional, refor\u00e7ando o nosso papel de presta\u00e7\u00e3o de contas ao povo angolano.<\/p>\n\n\n\n<p>Em rela\u00e7\u00e3o \u00e0s iniciativas de paz e seguran\u00e7a regional e mundial, a Assembleia Nacional tem desempenhado um papel crucial, atrav\u00e9s da diplomacia parlamentar, enviando delega\u00e7\u00f5es de deputados para miss\u00f5es de observa\u00e7\u00e3o eleitoral, visitando campos de refugiados para participar em iniciativas parlamentares de di\u00e1logo para a preserva\u00e7\u00e3o e promo\u00e7\u00e3o da paz com associa\u00e7\u00f5es da sociedade civil nacionais e estrangeiras e institui\u00e7\u00f5es religiosas e outras no \u00e2mbito da diplomacia popular que constitui a express\u00e3o da vontade dos povos atrav\u00e9s de mecanismos n\u00e3o institucionais.<\/p>\n\n\n\n<p>Estas miss\u00f5es, al\u00e9m de cumprirem um dever internacional, destacam o car\u00e1cter humano que define a actua\u00e7\u00e3o desta Casa.<\/p>\n\n\n\n<p>\u00c9 fundamental que, como legisladores, continuemos a intervir em f\u00f3runs e encontros globais, promovendo a paz, a seguran\u00e7a e a solidariedade entre as na\u00e7\u00f5es exaltando o exerc\u00edcio de uma cidadania interventiva de todos os povos.<\/p>\n\n\n\n<p>A quest\u00e3o da viol\u00eancia, a que eu vou me referir de novo, em suas m\u00faltiplas formas, psicol\u00f3gica, f\u00edsica e sexual, temas sobre o empoderamento das mulheres e bem estar das fam\u00edlias t\u00eam sido abordados com a seriedade que merece e gostaria de saudar o Grupo de Mulheres Parlamentares que atrav\u00e9s de v\u00e1rias iniciativas tem sabido abordar quest\u00f5es actuais e em particular as que ferem a estabilidade das pessoas, das fam\u00edlias e da sociedade em geral pelas consequ\u00eancias que acarretam \u00e0s v\u00edtimas das mesmas.<\/p>\n\n\n\n<p>Temos trabalhado na cria\u00e7\u00e3o e no fortalecimento de leis que protejam a dignidade da pessoa humana, mas temos que continuar para que elevem o car\u00e1cter humano do Estado angolano.<\/p>\n\n\n\n<p>A Assembleia Nacional acompanhou com especial aten\u00e7\u00e3o o desenrolar da situa\u00e7\u00e3o social e econ\u00f3mica nacional, debatendo os seus ciclos e auscultando as for\u00e7as vivas da sociedade, em plena coopera\u00e7\u00e3o institucional com o Poder Executivo.<\/p>\n\n\n\n<p>Estamos cientes dos deveres patri\u00f3ticos e constitucionais a que estamos vinculados, e o ambiente de coopera\u00e7\u00e3o patente nas reuni\u00f5es da Mesa, das confer\u00eancias de l\u00edderes e reuni\u00f5es dos presidentes das comiss\u00f5es especializadas em que o consenso tem vindo a ser a t\u00f3nica principal demonstrando que o que nos une \u00e9 mais forte do que aquilo que nos divide.<\/p>\n\n\n\n<p>Apesar dos debates acesos, tantas vezes exacerbados, no plano interno, registarmos um ambiente de respeito institucional e coopera\u00e7\u00e3o construtiva, que continua a fortalecer a democracia em Angola.<\/p>\n\n\n\n<p><strong>MINHAS SENHORAS E MEUS SENHORES,<\/strong><\/p>\n\n\n\n<p><strong>DIGNOS DEPUTADOS,<\/strong><\/p>\n\n\n\n<p>A ac\u00e7\u00e3o da Assembleia Nacional notabilizou-se tamb\u00e9m no dom\u00ednio da diplomacia parlamentar com a organiza\u00e7\u00e3o em Luanda da cent\u00e9sima quadrag\u00e9sima s\u00e9tima Assembleia Geral da Uni\u00e3o Interparlamentar (UIP), em que participaram no evento, mais de mil deputados do mundo inteiro, que foi solenemente aberta por Sua Excel\u00eancia Jo\u00e3o Manuel Gon\u00e7alves Louren\u00e7o, Presidente da Rep\u00fablica de Angola.<\/p>\n\n\n\n<p>O nosso Pa\u00eds, tornou-se assim, o segundo Pa\u00eds de express\u00e3o portuguesa, ap\u00f3s o Brasil, a realizar o maior evento dos Parlamentos de todo o Mundo.<\/p>\n\n\n\n<p>No mesmo sentido, realizou-se em Luanda a sexag\u00e9sima quarta Assembleia Parlamentar dos Estados de \u00c1frica, Cara\u00edbas e Pacifico e Uni\u00e3o Europeia e das Reuni\u00f5es Constitutivas da Assembleia Parlamentar Parit\u00e1ria OEACP-UE.<\/p>\n\n\n\n<p>Acolhemos ainda a quinquag\u00e9sima quinta Assembleia do F\u00f3rum Parlamentar da SADC que reuniu os Presidentes dos Parlamentos da Regi\u00e3o tendo o parlamento angolano tido um papel importante como facilitador no processo de transforma\u00e7\u00e3o do f\u00f3rum parlamentar da SADC em parlamento regional com ades\u00e3o dos parlamentos da Z\u00e2mbia E da RDC perfazendo o qu\u00f3rum necess\u00e1rio para ser criado o parlamento regional.<\/p>\n\n\n\n<p>Congratul\u00e1mo-nos com a ades\u00e3o do nosso parlamento a Assembleia Parlamentar da Francofonia durante a sua quadrag\u00e9sima nona Sess\u00e3o que teve lugar em Montreal\/Canada, no passado m\u00eas de Julho bem como numa participa\u00e7\u00e3o noutros eventos parlamentares a n\u00edvel regional e internacional, atrav\u00e9s dos grupos nacionais de acompanhamento, no passado m\u00eas de Julho a Assembleia Nacional participou ao mais alto n\u00edvel na 13.\u00aa Assembleia Parlamentar da CPLP que teve lugar em Maputo, Mo\u00e7ambique.<\/p>\n\n\n\n<p>Desenvolvemos, igualmente, um conjunto de ac\u00e7\u00f5es de promo\u00e7\u00e3o da cultura de paz, de inclus\u00e3o, da transpar\u00eancia e da democracia na regi\u00e3o austral do nosso continente, atrav\u00e9s de observa\u00e7\u00e3o eleitoral, na \u00c1frica do Sul e na Nam\u00edbia, e visitas institucionais de trocas de experi\u00eancias com os Parlamentos de Mo\u00e7ambique, \u00c1frica do Sul, Brasil e Cabo Verde e Fran\u00e7a, Portugal e Ilhas Maur\u00edcias.<\/p>\n\n\n\n<p>No dom\u00ednio do fortalecimento dos la\u00e7os entre os povos atrav\u00e9s dos seus representantes, contamos com as honrosas e prestigiantes visitas de Chefes de Estado do Brasil Luiz In\u00e1cio Lula da Silva, de Cuba Miguel D\u00edaz-Canel, de Timor-Leste, Jos\u00e9 Ramos-Horta e de Madag\u00e1scar, Andry Rajoelina que neste hemiciclo que foi reafirmada a amizade entre os povos.<\/p>\n\n\n\n<p>A Assembleia Nacional de Angola foi eleita para fazer parte das Task Force de Speakers Mulheres dos Parlamentos de v\u00e1rias regi\u00f5es do mundo para aproxima\u00e7\u00e3o e concerta\u00e7\u00e3o de estrat\u00e9gias a favor das quest\u00f5es impactantes no contexto mundial.<\/p>\n\n\n\n<p><strong>EXCEL\u00caNCIAS SENHORAS DEPUTADAS E SENHORES DEPUTADOS,<\/strong><\/p>\n\n\n\n<p>N\u00e3o obstante os desafios da nossa agenda pol\u00edtica nacional, mantivemo-nos atentos e fortemente solid\u00e1rios com as popula\u00e7\u00f5es v\u00edtimas de conflitos no Sud\u00e3o, no Leste da Rep\u00fablica Democr\u00e1tica do Congo, cujo processo de paz em curso n\u00f3s saudamos, e no Norte da Rep\u00fablica de Mo\u00e7ambique e noutras regi\u00f5es do mundo.<\/p>\n\n\n\n<p>A estes povos irm\u00e3os mantivemos a nossa solidariedade e deixamos o nosso apelo, por via da diplomacia parlamentar, de que cultivar a paz \u00e9 o caminho certo para a estabilidade pol\u00edtica e social.<\/p>\n\n\n\n<p><strong>SENHORAS DEPUTADAS E SENHORES DEPUTADOS,<\/strong><\/p>\n\n\n\n<p>O balan\u00e7o das ac\u00e7\u00f5es desenvolvidas \u00e9 um indicador importante para aperfei\u00e7oar a miss\u00e3o que nos foi confiada pelo povo, sendo que por meio desta ac\u00e7\u00e3o introspectiva devemos extrair li\u00e7\u00f5es capazes de melhorar a perspectiva do futuro atrav\u00e9s de interven\u00e7\u00f5es renovadas nos anos seguintes. Por isso, uma actua\u00e7\u00e3o respons\u00e1vel mostra-se marcante porque transforma a esperan\u00e7a de vida de muitos cidad\u00e3os.<\/p>\n\n\n\n<p>O sentido da responsabilidade da nossa fun\u00e7\u00e3o senhoras e senhores Deputados exige uma actua\u00e7\u00e3o respons\u00e1vel a cada momento e a tomada de decis\u00e3o em consci\u00eancia, mas antevendo que os nossos actos possam deixar marcas indel\u00e9veis na vida de muitos cidad\u00e3os em particular na vida dos nossos jovens no que diz respeito \u00e0 preven\u00e7\u00e3o e defesa de seus direitos, liberdades e garantias fundamentais.<\/p>\n\n\n\n<p>Gostaria de reafirmar, uma vez mais, o importante papel interventivo que os jovens deputados continuam a desempenhar trazendo uma lufada de jovialidade e aud\u00e1cia no debate, assinalando a ineg\u00e1vel transi\u00e7\u00e3o inter\u2013geracional, mas que se deve pautar pelo respeito a \u00e9tica e ao decoro parlamentar, normas de conviv\u00eancia social e grande potencialidade criativa que aliadas a sabedoria, a experi\u00eancia de vida e a resili\u00eancia dos mais velhos poder\u00e3o constituir um potencial de grande valor na melhoria dos trabalhos da nossa Assembleia Nacional.<\/p>\n\n\n\n<p>N\u00e3o posso deixar de real\u00e7ar a colabora\u00e7\u00e3o dos outros \u00f3rg\u00e3os de soberania em especial de Sua Excel\u00eancia Presidente da Rep\u00fablica, enquanto Titular do Poder Executivo, que facilitou a articula\u00e7\u00e3o institucional, aos v\u00e1rios n\u00edveis, permitindo que Assembleia Nacional desempenhasse as suas compet\u00eancias, sobretudo, as de controlo e fiscaliza\u00e7\u00e3o.<\/p>\n\n\n\n<p>Com os Tribunais Superiores, a Procuradoria-Geral da Rep\u00fablica, a Provedoria de Justi\u00e7a e demais \u00f3rg\u00e3os que interv\u00eam neste dom\u00ednio da vida p\u00fablica, tamb\u00e9m, estabelecemos uma forte rela\u00e7\u00e3o de trabalho na condu\u00e7\u00e3o de importantes assuntos que passam por este plen\u00e1rio.<\/p>\n\n\n\n<p>O respeito e a cria\u00e7\u00e3o de uma base de trabalho com os \u00f3rg\u00e3os de soberania \u00e9 de extrema relev\u00e2ncia para garantir a prossecu\u00e7\u00e3o das nossas atribui\u00e7\u00f5es, pois o princ\u00edpio da separa\u00e7\u00e3o de poderes e interdepend\u00eancia de fun\u00e7\u00f5es \u00e9 uma das bases sobre a qual se funda a Rep\u00fablica de Angola enquanto Estado democr\u00e1tico de direito.<\/p>\n\n\n\n<p>Reitero, tamb\u00e9m, a disponibilidade da Assembleia Nacional e dos senhores Deputados para prestar todo apoio e colabora\u00e7\u00e3o necess\u00e1rios aos \u00d3rg\u00e3os de soberania para o cumprimento da sua miss\u00e3o.<\/p>\n\n\n\n<p>Os meus agradecimentos a todos representantes de organiza\u00e7\u00f5es da sociedade civil e cidad\u00e3os individualmente representados que se predispuseram durante este segundo ano da quinta legislatura, a refor\u00e7ar e estimular o exerc\u00edcio democr\u00e1tico de proximidade promovido por esta institui\u00e7\u00e3o, sobretudo, nas \u00e1reas determinantes para o desenvolvimento do trabalho parlamentar.<\/p>\n\n\n\n<p>Deste modo, este parlamento plural continuar\u00e1 a ter como matriz do di\u00e1logo institucional o compromisso da legitimidade democr\u00e1tica que visa concretizar o bem-estar na vida das popula\u00e7\u00f5es garantindo assim o respeito pela dignidade da pessoa humana.<\/p>\n\n\n\n<p>A vida nos ensina que, independentemente da nossa posi\u00e7\u00e3o social e pol\u00edtica, temos de aprender uns com os outros e neste processo de melhoria da qualidade de vida de todos os cidad\u00e3os, todas as for\u00e7as interventivas da nossa sociedade t\u00eam um grande potencial e por isso merecem um espa\u00e7o de actua\u00e7\u00e3o.<\/p>\n\n\n\n<p><strong>EXCEL\u00caNCIAS, SENHORAS E SENHORES DEPUTADOS,<\/strong><\/p>\n\n\n\n<p>O presente ano parlamentar foi, tamb\u00e9m, marcado com factos lament\u00e1veis no nosso colectivo com o passamento f\u00edsico do Professor Doutor Fernando Jos\u00e9 de Fran\u00e7a Dias VanD\u00fanem, primeiro Presidente da Assembleia Nacional cujo legado se eterniza na dial\u00e9ctica pol\u00edtica e da democracia angolana, assim como nas sementes por si brotadas no mundo acad\u00e9mico, a n\u00edvel nacional, regional e internacional.<\/p>\n\n\n\n<p>N\u00e3o podia deixar de render uma homenagem ao malogrado Deputado Eduardo Chinhundo Paulo que nos deixou fisicamente, mas que continua presente na nossa mem\u00f3ria colectiva pelo que muito que poderia dar a favor do povo e da sociedade angolana.<\/p>\n\n\n\n<p>Manifesto, igualmente, a minha solidariedade aos funcion\u00e1rios e agentes parlamentares que durante este ano legislativo nos deixaram provocando um vazio na nossa conviv\u00eancia di\u00e1ria.<\/p>\n\n\n\n<p>Desejo que para o pr\u00f3ximo ano legislativo continuemos firmes neste compromisso de di\u00e1logo construtivo e de toler\u00e2ncia pol\u00edtica como princ\u00edpios basilares da democracia e estabilidade institucional.<\/p>\n\n\n\n<p>Permitam-me finalizar esta minha interven\u00e7\u00e3o desejando a todas as deputadas e deputados uma boa pausa parlamentar, junto das vossas respectivas fam\u00edlias, e que este momento seja aproveitado para reflex\u00e3o para que no ano legislativo 2024\/2025 estejamos firmes para continuarmos os trabalhos desta ingente e honrosa miss\u00e3o de representar e defender os mais nobres interesses do povo angolano e, igualmente, cientes que devemos entregar o testemunho e deixar as gera\u00e7\u00f5es vindouras um mundo mais solid\u00e1rio, justo e pacifico.<\/p>\n\n\n\n<p>Termino como iniciamos dedicando a nossa nobre miss\u00e3o para o bem-estar dos nossos filhos.<\/p>\n\n\n\n<p>A todos boas f\u00e9rias parlamentares.<\/p>\n\n\n\n<p>Muito obrigada,<\/p>\n\n\n\n<p>Carolina Cerqueira<\/p>\n","protected":false},"excerpt":{"rendered":"<p>&#8211; Excel\u00eancia 1.\u00ba Vice-Presidente da Assembleia Nacional, Deputado Am\u00e9rico Ant\u00f3nio Cuononoca; &#8211; Excel\u00eancia 2.\u00aa Vice-Presidente da Assembleia Nacional, Deputada Arlete Leona Chimbinda; &#8211; Excel\u00eancia 1.\u00ba Secret\u00e1rio da Mesa da Assembleia Nacional, Deputado Manuel Lopes Dembo; &#8211; Excel\u00eancia 2.\u00aa Secret\u00e1ria da Mesa da Assembleia Nacional, Deputada Am\u00e9lia Judith Ernesto, que partilharam comigo a Mesa da Assembleia [&hellip;]<\/p>\n<div class='heateor_sss_sharing_container heateor_sss_vertical_sharing heateor_sss_bottom_sharing' style='width:44px;left: -10px;top: 100px;-webkit-box-shadow:none;box-shadow:none;' data-heateor-sss-href='https:\/\/jornalfax.net\/index.php\/wp-json\/wp\/v2\/posts\/3368'><div class=\"heateor_sss_sharing_ul\"><a aria-label=\"Facebook\" class=\"heateor_sss_facebook\" href=\"https:\/\/www.facebook.com\/sharer\/sharer.php?u=https%3A%2F%2Fjornalfax.net%2Findex.php%2Fwp-json%2Fwp%2Fv2%2Fposts%2F3368\" title=\"Facebook\" rel=\"nofollow noopener\" target=\"_blank\" style=\"font-size:32px!important;box-shadow:none;display:inline-block;vertical-align:middle\"><span class=\"heateor_sss_svg\" style=\"background-color:#0765FE;width:40px;height:40px;margin:0;display:inline-block;opacity:1;float:left;font-size:32px;box-shadow:none;display:inline-block;font-size:16px;padding:0 4px;vertical-align:middle;background-repeat:repeat;overflow:hidden;padding:0;cursor:pointer;box-sizing:content-box\"><svg style=\"display:block;\" focusable=\"false\" aria-hidden=\"true\" xmlns=\"http:\/\/www.w3.org\/2000\/svg\" width=\"100%\" height=\"100%\" viewBox=\"0 0 32 32\"><path fill=\"#fff\" d=\"M28 16c0-6.627-5.373-12-12-12S4 9.373 4 16c0 5.628 3.875 10.35 9.101 11.647v-7.98h-2.474V16H13.1v-1.58c0-4.085 1.849-5.978 5.859-5.978.76 0 2.072.15 2.608.298v3.325c-.283-.03-.775-.045-1.386-.045-1.967 0-2.728.745-2.728 2.683V16h3.92l-.673 3.667h-3.247v8.245C23.395 27.195 28 22.135 28 16Z\"><\/path><\/svg><\/span><\/a><a aria-label=\"X\" class=\"heateor_sss_button_x\" href=\"https:\/\/twitter.com\/intent\/tweet?text=%20-%20&url=https%3A%2F%2Fjornalfax.net%2Findex.php%2Fwp-json%2Fwp%2Fv2%2Fposts%2F3368\" title=\"X\" rel=\"nofollow noopener\" target=\"_blank\" style=\"font-size:32px!important;box-shadow:none;display:inline-block;vertical-align:middle\"><span class=\"heateor_sss_svg heateor_sss_s__default heateor_sss_s_x\" style=\"background-color:#2a2a2a;width:40px;height:40px;margin:0;display:inline-block;opacity:1;float:left;font-size:32px;box-shadow:none;display:inline-block;font-size:16px;padding:0 4px;vertical-align:middle;background-repeat:repeat;overflow:hidden;padding:0;cursor:pointer;box-sizing:content-box\"><svg width=\"100%\" height=\"100%\" style=\"display:block;\" focusable=\"false\" aria-hidden=\"true\" xmlns=\"http:\/\/www.w3.org\/2000\/svg\" viewBox=\"0 0 32 32\"><path fill=\"#fff\" d=\"M21.751 7h3.067l-6.7 7.658L26 25.078h-6.172l-4.833-6.32-5.531 6.32h-3.07l7.167-8.19L6 7h6.328l4.37 5.777L21.75 7Zm-1.076 16.242h1.7L11.404 8.74H9.58l11.094 14.503Z\"><\/path><\/svg><\/span><\/a><a aria-label=\"Reddit\" class=\"heateor_sss_button_reddit\" href=\"http:\/\/reddit.com\/submit?url=https%3A%2F%2Fjornalfax.net%2Findex.php%2Fwp-json%2Fwp%2Fv2%2Fposts%2F3368&title=%20-%20\" title=\"Reddit\" rel=\"nofollow noopener\" target=\"_blank\" style=\"font-size:32px!important;box-shadow:none;display:inline-block;vertical-align:middle\"><span class=\"heateor_sss_svg heateor_sss_s__default heateor_sss_s_reddit\" style=\"background-color:#ff5700;width:40px;height:40px;margin:0;display:inline-block;opacity:1;float:left;font-size:32px;box-shadow:none;display:inline-block;font-size:16px;padding:0 4px;vertical-align:middle;background-repeat:repeat;overflow:hidden;padding:0;cursor:pointer;box-sizing:content-box\"><svg style=\"display:block;\" focusable=\"false\" aria-hidden=\"true\" xmlns=\"http:\/\/www.w3.org\/2000\/svg\" width=\"100%\" height=\"100%\" viewBox=\"-3.5 -3.5 39 39\"><path d=\"M28.543 15.774a2.953 2.953 0 0 0-2.951-2.949 2.882 2.882 0 0 0-1.9.713 14.075 14.075 0 0 0-6.85-2.044l1.38-4.349 3.768.884a2.452 2.452 0 1 0 .24-1.176l-4.274-1a.6.6 0 0 0-.709.4l-1.659 5.224a14.314 14.314 0 0 0-7.316 2.029 2.908 2.908 0 0 0-1.872-.681 2.942 2.942 0 0 0-1.618 5.4 5.109 5.109 0 0 0-.062.765c0 4.158 5.037 7.541 11.229 7.541s11.22-3.383 11.22-7.541a5.2 5.2 0 0 0-.053-.706 2.963 2.963 0 0 0 1.427-2.51zm-18.008 1.88a1.753 1.753 0 0 1 1.73-1.74 1.73 1.73 0 0 1 1.709 1.74 1.709 1.709 0 0 1-1.709 1.711 1.733 1.733 0 0 1-1.73-1.711zm9.565 4.968a5.573 5.573 0 0 1-4.081 1.272h-.032a5.576 5.576 0 0 1-4.087-1.272.6.6 0 0 1 .844-.854 4.5 4.5 0 0 0 3.238.927h.032a4.5 4.5 0 0 0 3.237-.927.6.6 0 1 1 .844.854zm-.331-3.256a1.726 1.726 0 1 1 1.709-1.712 1.717 1.717 0 0 1-1.712 1.712z\" fill=\"#fff\"\/><\/svg><\/span><\/a><a aria-label=\"Linkedin\" class=\"heateor_sss_button_linkedin\" href=\"https:\/\/www.linkedin.com\/sharing\/share-offsite\/?url=https%3A%2F%2Fjornalfax.net%2Findex.php%2Fwp-json%2Fwp%2Fv2%2Fposts%2F3368\" title=\"Linkedin\" rel=\"nofollow noopener\" target=\"_blank\" style=\"font-size:32px!important;box-shadow:none;display:inline-block;vertical-align:middle\"><span class=\"heateor_sss_svg heateor_sss_s__default heateor_sss_s_linkedin\" style=\"background-color:#0077b5;width:40px;height:40px;margin:0;display:inline-block;opacity:1;float:left;font-size:32px;box-shadow:none;display:inline-block;font-size:16px;padding:0 4px;vertical-align:middle;background-repeat:repeat;overflow:hidden;padding:0;cursor:pointer;box-sizing:content-box\"><svg style=\"display:block;\" focusable=\"false\" aria-hidden=\"true\" xmlns=\"http:\/\/www.w3.org\/2000\/svg\" width=\"100%\" height=\"100%\" viewBox=\"0 0 32 32\"><path d=\"M6.227 12.61h4.19v13.48h-4.19V12.61zm2.095-6.7a2.43 2.43 0 0 1 0 4.86c-1.344 0-2.428-1.09-2.428-2.43s1.084-2.43 2.428-2.43m4.72 6.7h4.02v1.84h.058c.56-1.058 1.927-2.176 3.965-2.176 4.238 0 5.02 2.792 5.02 6.42v7.395h-4.183v-6.56c0-1.564-.03-3.574-2.178-3.574-2.18 0-2.514 1.7-2.514 3.46v6.668h-4.187V12.61z\" fill=\"#fff\"><\/path><\/svg><\/span><\/a><a aria-label=\"Pinterest\" class=\"heateor_sss_button_pinterest\" href=\"https:\/\/jornalfax.net\/index.php\/wp-json\/wp\/v2\/posts\/3368\" onclick=\"event.preventDefault();javascript:void( (function() {var e=document.createElement('script' );e.setAttribute('type','text\/javascript' );e.setAttribute('charset','UTF-8' );e.setAttribute('src','\/\/assets.pinterest.com\/js\/pinmarklet.js?r='+Math.random()*99999999);document.body.appendChild(e)})());\" title=\"Pinterest\" rel=\"noopener\" style=\"font-size:32px!important;box-shadow:none;display:inline-block;vertical-align:middle\"><span class=\"heateor_sss_svg heateor_sss_s__default heateor_sss_s_pinterest\" style=\"background-color:#cc2329;width:40px;height:40px;margin:0;display:inline-block;opacity:1;float:left;font-size:32px;box-shadow:none;display:inline-block;font-size:16px;padding:0 4px;vertical-align:middle;background-repeat:repeat;overflow:hidden;padding:0;cursor:pointer;box-sizing:content-box\"><svg style=\"display:block;\" focusable=\"false\" aria-hidden=\"true\" xmlns=\"http:\/\/www.w3.org\/2000\/svg\" width=\"100%\" height=\"100%\" viewBox=\"-2 -2 35 35\"><path fill=\"#fff\" d=\"M16.539 4.5c-6.277 0-9.442 4.5-9.442 8.253 0 2.272.86 4.293 2.705 5.046.303.125.574.005.662-.33.061-.231.205-.816.27-1.06.088-.331.053-.447-.191-.736-.532-.627-.873-1.439-.873-2.591 0-3.338 2.498-6.327 6.505-6.327 3.548 0 5.497 2.168 5.497 5.062 0 3.81-1.686 7.025-4.188 7.025-1.382 0-2.416-1.142-2.085-2.545.397-1.674 1.166-3.48 1.166-4.689 0-1.081-.581-1.983-1.782-1.983-1.413 0-2.548 1.462-2.548 3.419 0 1.247.421 2.091.421 2.091l-1.699 7.199c-.505 2.137-.076 4.755-.039 5.019.021.158.223.196.314.077.13-.17 1.813-2.247 2.384-4.324.162-.587.929-3.631.929-3.631.46.876 1.801 1.646 3.227 1.646 4.247 0 7.128-3.871 7.128-9.053.003-3.918-3.317-7.568-8.361-7.568z\"\/><\/svg><\/span><\/a><a aria-label=\"Mastodon\" class=\"heateor_sss_button_mastodon\" href=\"https:\/\/mastodon.social\/share?text=https%3A%2F%2Fjornalfax.net%2Findex.php%2Fwp-json%2Fwp%2Fv2%2Fposts%2F3368&title=%20-%20\" title=\"Mastodon\" rel=\"nofollow noopener\" target=\"_blank\" style=\"font-size:32px!important;box-shadow:none;display:inline-block;vertical-align:middle\"><span class=\"heateor_sss_svg heateor_sss_s__default heateor_sss_s_mastodon\" style=\"background-color:#6364FF;width:40px;height:40px;margin:0;display:inline-block;opacity:1;float:left;font-size:32px;box-shadow:none;display:inline-block;font-size:16px;padding:0 4px;vertical-align:middle;background-repeat:repeat;overflow:hidden;padding:0;cursor:pointer;box-sizing:content-box\"><svg style=\"display:block;\" focusable=\"false\" aria-hidden=\"true\" xmlns=\"http:\/\/www.w3.org\/2000\/svg\" width=\"100%\" height=\"100%\" viewBox=\"-3.5 -3.5 39 39\"><path d=\"M27 12c0-5.12-3.35-6.62-3.35-6.62C22 4.56 19.05 4.23 16 4.21c-3 0-5.92.35-7.61 1.12C8.36 5.33 5 6.83 5 12v4c.12 5 .92 9.93 5.54 11.16a17.67 17.67 0 005.44.6 10.88 10.88 0 004.18-.95l-.09-1.95a13.36 13.36 0 01-4.07.54c-2.12-.07-4.37-.23-4.71-2.84a5.58 5.58 0 01-.05-.73 27.46 27.46 0 004.73.63 26.76 26.76 0 004.68-.28c3-.35 5.53-2.17 5.85-3.83A39.25 39.25 0 0027 12zm-3.95 6.59h-2.46v-6c0-1.27-.53-1.91-1.6-1.91s-1.77.76-1.77 2.27v3.29h-2.44v-3.35c0-1.51-.59-2.27-1.77-2.27s-1.6.64-1.6 1.91v6H9v-6.18a4.49 4.49 0 011-3 3.39 3.39 0 012.63-1.12 3.17 3.17 0 012.84 1.44l.61 1 .61-1a3.17 3.17 0 012.84-1.44 3.39 3.39 0 012.63 1.12 4.49 4.49 0 011 3z\" fill=\"#fff\"><\/path><\/svg><\/span><\/a><a aria-label=\"Mix\" class=\"heateor_sss_button_mix\" href=\"https:\/\/mix.com\/mixit?url=https%3A%2F%2Fjornalfax.net%2Findex.php%2Fwp-json%2Fwp%2Fv2%2Fposts%2F3368\" title=\"Mix\" rel=\"nofollow noopener\" target=\"_blank\" style=\"font-size:32px!important;box-shadow:none;display:inline-block;vertical-align:middle\"><span class=\"heateor_sss_svg heateor_sss_s__default heateor_sss_s_mix\" style=\"background-color:#ff8226;width:40px;height:40px;margin:0;display:inline-block;opacity:1;float:left;font-size:32px;box-shadow:none;display:inline-block;font-size:16px;padding:0 4px;vertical-align:middle;background-repeat:repeat;overflow:hidden;padding:0;cursor:pointer;box-sizing:content-box\"><svg focusable=\"false\" aria-hidden=\"true\" xmlns=\"http:\/\/www.w3.org\/2000\/svg\" width=\"100%\" height=\"100%\" viewBox=\"-7 -8 45 45\"><g fill=\"#fff\"><path opacity=\".8\" d=\"M27.87 4.125c-5.224 0-9.467 4.159-9.467 9.291v2.89c0-1.306 1.074-2.362 2.399-2.362s2.399 1.056 2.399 2.362v1.204c0 1.306 1.074 2.362 2.399 2.362s2.399-1.056 2.399-2.362V4.134c-.036-.009-.082-.009-.129-.009\"\/><path d=\"M4 4.125v12.94c2.566 0 4.668-1.973 4.807-4.465v-2.214c0-.065 0-.12.009-.176.093-1.213 1.13-2.177 2.39-2.177 1.325 0 2.399 1.056 2.399 2.362v9.226c0 1.306 1.074 2.353 2.399 2.353s2.399-1.056 2.399-2.353v-6.206c0-5.132 4.233-9.291 9.467-9.291H4z\"\/><path opacity=\".8\" d=\"M4 17.074v8.438c0 1.306 1.074 2.362 2.399 2.362s2.399-1.056 2.399-2.362V12.61C8.659 15.102 6.566 17.074 4 17.074\"\/><\/g><\/svg><\/span><\/a><a aria-label=\"Whatsapp\" class=\"heateor_sss_whatsapp\" href=\"https:\/\/api.whatsapp.com\/send?text=%20-%20%20https%3A%2F%2Fjornalfax.net%2Findex.php%2Fwp-json%2Fwp%2Fv2%2Fposts%2F3368\" title=\"Whatsapp\" rel=\"nofollow noopener\" target=\"_blank\" style=\"font-size:32px!important;box-shadow:none;display:inline-block;vertical-align:middle\"><span class=\"heateor_sss_svg\" style=\"background-color:#55eb4c;width:40px;height:40px;margin:0;display:inline-block;opacity:1;float:left;font-size:32px;box-shadow:none;display:inline-block;font-size:16px;padding:0 4px;vertical-align:middle;background-repeat:repeat;overflow:hidden;padding:0;cursor:pointer;box-sizing:content-box\"><svg style=\"display:block;\" focusable=\"false\" aria-hidden=\"true\" xmlns=\"http:\/\/www.w3.org\/2000\/svg\" width=\"100%\" height=\"100%\" viewBox=\"-6 -5 40 40\"><path class=\"heateor_sss_svg_stroke heateor_sss_no_fill\" stroke=\"#fff\" stroke-width=\"2\" fill=\"none\" d=\"M 11.579798566743314 24.396926207859085 A 10 10 0 1 0 6.808479557110079 20.73576436351046\"><\/path><path d=\"M 7 19 l -1 6 l 6 -1\" class=\"heateor_sss_no_fill heateor_sss_svg_stroke\" stroke=\"#fff\" stroke-width=\"2\" fill=\"none\"><\/path><path d=\"M 10 10 q -1 8 8 11 c 5 -1 0 -6 -1 -3 q -4 -3 -5 -5 c 4 -2 -1 -5 -1 -4\" fill=\"#fff\"><\/path><\/svg><\/span><\/a><a class=\"heateor_sss_more\" aria-label=\"More\" title=\"More\" rel=\"nofollow noopener\" style=\"font-size: 32px!important;border:0;box-shadow:none;display:inline-block!important;font-size:16px;padding:0 4px;vertical-align: middle;display:inline;\" href=\"https:\/\/jornalfax.net\/index.php\/wp-json\/wp\/v2\/posts\/3368\" onclick=\"event.preventDefault()\"><span class=\"heateor_sss_svg\" style=\"background-color:#ee8e2d;width:40px;height:40px;margin:0;display:inline-block!important;opacity:1;float:left;font-size:32px!important;box-shadow:none;display:inline-block;font-size:16px;padding:0 4px;vertical-align:middle;display:inline;background-repeat:repeat;overflow:hidden;padding:0;cursor:pointer;box-sizing:content-box;\" onclick=\"heateorSssMoreSharingPopup(this, 'https:\/\/jornalfax.net\/index.php\/wp-json\/wp\/v2\/posts\/3368', '%20-%20', '' )\"><svg xmlns=\"http:\/\/www.w3.org\/2000\/svg\" xmlns:xlink=\"http:\/\/www.w3.org\/1999\/xlink\" viewBox=\"-.3 0 32 32\" version=\"1.1\" width=\"100%\" height=\"100%\" style=\"display:block;\" xml:space=\"preserve\"><g><path fill=\"#fff\" d=\"M18 14V8h-4v6H8v4h6v6h4v-6h6v-4h-6z\" fill-rule=\"evenodd\"><\/path><\/g><\/svg><\/span><\/a><\/div><div class=\"heateorSssClear\"><\/div><\/div>","protected":false},"author":1,"featured_media":3369,"comment_status":"closed","ping_status":"closed","sticky":false,"template":"","format":"standard","meta":{"footnotes":""},"categories":[28],"tags":[],"class_list":["post-3368","post","type-post","status-publish","format-standard","has-post-thumbnail","hentry","category-em-foco"],"yoast_head":"<!-- This site is optimized with the Yoast SEO plugin v24.3 - https:\/\/yoast.com\/wordpress\/plugins\/seo\/ -->\n<title>DISCURSO DA PRESIDENTE DA ASSEMBLEIA NACIONAL, CAROLINA CERQUEIRA, NA REUNI\u00c3O SOLENE DE ENCERRAMENTO DA II SESS\u00c3O LEGISLATIVA DA V LEGISLATURA -<\/title>\n<meta name=\"robots\" content=\"index, follow, max-snippet:-1, max-image-preview:large, max-video-preview:-1\" \/>\n<link rel=\"canonical\" href=\"https:\/\/jornalfax.net\/index.php\/2024\/08\/15\/discurso-da-presidente-da-assembleia-nacional-carolina-cerqueira-na-reuniao-solene-de-encerramento-da-ii-sessao-legislativa-da-v-legislatura\/\" \/>\n<meta property=\"og:locale\" content=\"pt_BR\" \/>\n<meta property=\"og:type\" content=\"article\" \/>\n<meta property=\"og:title\" content=\"DISCURSO DA PRESIDENTE DA ASSEMBLEIA NACIONAL, CAROLINA CERQUEIRA, NA REUNI\u00c3O SOLENE DE ENCERRAMENTO DA II SESS\u00c3O LEGISLATIVA DA V LEGISLATURA -\" \/>\n<meta property=\"og:description\" content=\"&#8211; Excel\u00eancia 1.\u00ba Vice-Presidente da Assembleia Nacional, Deputado Am\u00e9rico Ant\u00f3nio Cuononoca; &#8211; Excel\u00eancia 2.\u00aa Vice-Presidente da Assembleia Nacional, Deputada Arlete Leona Chimbinda; &#8211; Excel\u00eancia 1.\u00ba Secret\u00e1rio da Mesa da Assembleia Nacional, Deputado Manuel Lopes Dembo; &#8211; Excel\u00eancia 2.\u00aa Secret\u00e1ria da Mesa da Assembleia Nacional, Deputada Am\u00e9lia Judith Ernesto, que partilharam comigo a Mesa da Assembleia [&hellip;]\" \/>\n<meta property=\"og:url\" content=\"https:\/\/jornalfax.net\/index.php\/2024\/08\/15\/discurso-da-presidente-da-assembleia-nacional-carolina-cerqueira-na-reuniao-solene-de-encerramento-da-ii-sessao-legislativa-da-v-legislatura\/\" \/>\n<meta property=\"article:published_time\" content=\"2024-08-15T18:46:08+00:00\" \/>\n<meta property=\"article:modified_time\" content=\"2024-08-15T18:46:10+00:00\" \/>\n<meta property=\"og:image\" content=\"http:\/\/jornalfax.net\/wp-content\/uploads\/2024\/08\/2ce14f3f-b4ac-490d-ad9f-42e1c5d5613c.jpg\" \/>\n\t<meta property=\"og:image:width\" content=\"566\" \/>\n\t<meta property=\"og:image:height\" content=\"488\" \/>\n\t<meta property=\"og:image:type\" content=\"image\/jpeg\" \/>\n<meta name=\"author\" content=\"jornalfax.net\" \/>\n<meta name=\"twitter:card\" content=\"summary_large_image\" \/>\n<meta name=\"twitter:label1\" content=\"Escrito por\" \/>\n\t<meta name=\"twitter:data1\" content=\"jornalfax.net\" \/>\n\t<meta name=\"twitter:label2\" content=\"Est. tempo de leitura\" \/>\n\t<meta name=\"twitter:data2\" content=\"20 minutos\" \/>\n<script type=\"application\/ld+json\" class=\"yoast-schema-graph\">{\"@context\":\"https:\/\/schema.org\",\"@graph\":[{\"@type\":\"WebPage\",\"@id\":\"https:\/\/jornalfax.net\/index.php\/2024\/08\/15\/discurso-da-presidente-da-assembleia-nacional-carolina-cerqueira-na-reuniao-solene-de-encerramento-da-ii-sessao-legislativa-da-v-legislatura\/\",\"url\":\"https:\/\/jornalfax.net\/index.php\/2024\/08\/15\/discurso-da-presidente-da-assembleia-nacional-carolina-cerqueira-na-reuniao-solene-de-encerramento-da-ii-sessao-legislativa-da-v-legislatura\/\",\"name\":\"DISCURSO DA PRESIDENTE DA ASSEMBLEIA NACIONAL, CAROLINA CERQUEIRA, NA REUNI\u00c3O SOLENE DE ENCERRAMENTO DA II SESS\u00c3O LEGISLATIVA DA V LEGISLATURA -\",\"isPartOf\":{\"@id\":\"https:\/\/jornalfax.net\/#website\"},\"primaryImageOfPage\":{\"@id\":\"https:\/\/jornalfax.net\/index.php\/2024\/08\/15\/discurso-da-presidente-da-assembleia-nacional-carolina-cerqueira-na-reuniao-solene-de-encerramento-da-ii-sessao-legislativa-da-v-legislatura\/#primaryimage\"},\"image\":{\"@id\":\"https:\/\/jornalfax.net\/index.php\/2024\/08\/15\/discurso-da-presidente-da-assembleia-nacional-carolina-cerqueira-na-reuniao-solene-de-encerramento-da-ii-sessao-legislativa-da-v-legislatura\/#primaryimage\"},\"thumbnailUrl\":\"https:\/\/jornalfax.net\/wp-content\/uploads\/2024\/08\/2ce14f3f-b4ac-490d-ad9f-42e1c5d5613c.jpg\",\"datePublished\":\"2024-08-15T18:46:08+00:00\",\"dateModified\":\"2024-08-15T18:46:10+00:00\",\"author\":{\"@id\":\"https:\/\/jornalfax.net\/#\/schema\/person\/ea5b5601e259b5e0c03c9cb7908e9ffd\"},\"breadcrumb\":{\"@id\":\"https:\/\/jornalfax.net\/index.php\/2024\/08\/15\/discurso-da-presidente-da-assembleia-nacional-carolina-cerqueira-na-reuniao-solene-de-encerramento-da-ii-sessao-legislativa-da-v-legislatura\/#breadcrumb\"},\"inLanguage\":\"pt-BR\",\"potentialAction\":[{\"@type\":\"ReadAction\",\"target\":[\"https:\/\/jornalfax.net\/index.php\/2024\/08\/15\/discurso-da-presidente-da-assembleia-nacional-carolina-cerqueira-na-reuniao-solene-de-encerramento-da-ii-sessao-legislativa-da-v-legislatura\/\"]}]},{\"@type\":\"ImageObject\",\"inLanguage\":\"pt-BR\",\"@id\":\"https:\/\/jornalfax.net\/index.php\/2024\/08\/15\/discurso-da-presidente-da-assembleia-nacional-carolina-cerqueira-na-reuniao-solene-de-encerramento-da-ii-sessao-legislativa-da-v-legislatura\/#primaryimage\",\"url\":\"https:\/\/jornalfax.net\/wp-content\/uploads\/2024\/08\/2ce14f3f-b4ac-490d-ad9f-42e1c5d5613c.jpg\",\"contentUrl\":\"https:\/\/jornalfax.net\/wp-content\/uploads\/2024\/08\/2ce14f3f-b4ac-490d-ad9f-42e1c5d5613c.jpg\",\"width\":566,\"height\":488},{\"@type\":\"BreadcrumbList\",\"@id\":\"https:\/\/jornalfax.net\/index.php\/2024\/08\/15\/discurso-da-presidente-da-assembleia-nacional-carolina-cerqueira-na-reuniao-solene-de-encerramento-da-ii-sessao-legislativa-da-v-legislatura\/#breadcrumb\",\"itemListElement\":[{\"@type\":\"ListItem\",\"position\":1,\"name\":\"In\u00edcio\",\"item\":\"https:\/\/jornalfax.net\/\"},{\"@type\":\"ListItem\",\"position\":2,\"name\":\"DISCURSO DA PRESIDENTE DA ASSEMBLEIA NACIONAL, CAROLINA CERQUEIRA, NA REUNI\u00c3O SOLENE DE ENCERRAMENTO DA II SESS\u00c3O LEGISLATIVA DA V LEGISLATURA\"}]},{\"@type\":\"WebSite\",\"@id\":\"https:\/\/jornalfax.net\/#website\",\"url\":\"https:\/\/jornalfax.net\/\",\"name\":\"\",\"description\":\"\",\"potentialAction\":[{\"@type\":\"SearchAction\",\"target\":{\"@type\":\"EntryPoint\",\"urlTemplate\":\"https:\/\/jornalfax.net\/?s={search_term_string}\"},\"query-input\":{\"@type\":\"PropertyValueSpecification\",\"valueRequired\":true,\"valueName\":\"search_term_string\"}}],\"inLanguage\":\"pt-BR\"},{\"@type\":\"Person\",\"@id\":\"https:\/\/jornalfax.net\/#\/schema\/person\/ea5b5601e259b5e0c03c9cb7908e9ffd\",\"name\":\"jornalfax.net\",\"sameAs\":[\"http:\/\/jornalfax.net\"],\"url\":\"https:\/\/jornalfax.net\/index.php\/author\/jornalfax-net\/\"}]}<\/script>\n<!-- \/ Yoast SEO plugin. -->","yoast_head_json":{"title":"DISCURSO DA PRESIDENTE DA ASSEMBLEIA NACIONAL, CAROLINA CERQUEIRA, NA REUNI\u00c3O SOLENE DE ENCERRAMENTO DA II SESS\u00c3O LEGISLATIVA DA V LEGISLATURA -","robots":{"index":"index","follow":"follow","max-snippet":"max-snippet:-1","max-image-preview":"max-image-preview:large","max-video-preview":"max-video-preview:-1"},"canonical":"https:\/\/jornalfax.net\/index.php\/2024\/08\/15\/discurso-da-presidente-da-assembleia-nacional-carolina-cerqueira-na-reuniao-solene-de-encerramento-da-ii-sessao-legislativa-da-v-legislatura\/","og_locale":"pt_BR","og_type":"article","og_title":"DISCURSO DA PRESIDENTE DA ASSEMBLEIA NACIONAL, CAROLINA CERQUEIRA, NA REUNI\u00c3O SOLENE DE ENCERRAMENTO DA II SESS\u00c3O LEGISLATIVA DA V LEGISLATURA -","og_description":"&#8211; Excel\u00eancia 1.\u00ba Vice-Presidente da Assembleia Nacional, Deputado Am\u00e9rico Ant\u00f3nio Cuononoca; &#8211; Excel\u00eancia 2.\u00aa Vice-Presidente da Assembleia Nacional, Deputada Arlete Leona Chimbinda; &#8211; Excel\u00eancia 1.\u00ba Secret\u00e1rio da Mesa da Assembleia Nacional, Deputado Manuel Lopes Dembo; &#8211; Excel\u00eancia 2.\u00aa Secret\u00e1ria da Mesa da Assembleia Nacional, Deputada Am\u00e9lia Judith Ernesto, que partilharam comigo a Mesa da Assembleia [&hellip;]","og_url":"https:\/\/jornalfax.net\/index.php\/2024\/08\/15\/discurso-da-presidente-da-assembleia-nacional-carolina-cerqueira-na-reuniao-solene-de-encerramento-da-ii-sessao-legislativa-da-v-legislatura\/","article_published_time":"2024-08-15T18:46:08+00:00","article_modified_time":"2024-08-15T18:46:10+00:00","og_image":[{"width":566,"height":488,"url":"http:\/\/jornalfax.net\/wp-content\/uploads\/2024\/08\/2ce14f3f-b4ac-490d-ad9f-42e1c5d5613c.jpg","type":"image\/jpeg"}],"author":"jornalfax.net","twitter_card":"summary_large_image","twitter_misc":{"Escrito por":"jornalfax.net","Est. tempo de leitura":"20 minutos"},"schema":{"@context":"https:\/\/schema.org","@graph":[{"@type":"WebPage","@id":"https:\/\/jornalfax.net\/index.php\/2024\/08\/15\/discurso-da-presidente-da-assembleia-nacional-carolina-cerqueira-na-reuniao-solene-de-encerramento-da-ii-sessao-legislativa-da-v-legislatura\/","url":"https:\/\/jornalfax.net\/index.php\/2024\/08\/15\/discurso-da-presidente-da-assembleia-nacional-carolina-cerqueira-na-reuniao-solene-de-encerramento-da-ii-sessao-legislativa-da-v-legislatura\/","name":"DISCURSO DA PRESIDENTE DA ASSEMBLEIA NACIONAL, CAROLINA CERQUEIRA, NA REUNI\u00c3O SOLENE DE ENCERRAMENTO DA II SESS\u00c3O LEGISLATIVA DA V LEGISLATURA -","isPartOf":{"@id":"https:\/\/jornalfax.net\/#website"},"primaryImageOfPage":{"@id":"https:\/\/jornalfax.net\/index.php\/2024\/08\/15\/discurso-da-presidente-da-assembleia-nacional-carolina-cerqueira-na-reuniao-solene-de-encerramento-da-ii-sessao-legislativa-da-v-legislatura\/#primaryimage"},"image":{"@id":"https:\/\/jornalfax.net\/index.php\/2024\/08\/15\/discurso-da-presidente-da-assembleia-nacional-carolina-cerqueira-na-reuniao-solene-de-encerramento-da-ii-sessao-legislativa-da-v-legislatura\/#primaryimage"},"thumbnailUrl":"https:\/\/jornalfax.net\/wp-content\/uploads\/2024\/08\/2ce14f3f-b4ac-490d-ad9f-42e1c5d5613c.jpg","datePublished":"2024-08-15T18:46:08+00:00","dateModified":"2024-08-15T18:46:10+00:00","author":{"@id":"https:\/\/jornalfax.net\/#\/schema\/person\/ea5b5601e259b5e0c03c9cb7908e9ffd"},"breadcrumb":{"@id":"https:\/\/jornalfax.net\/index.php\/2024\/08\/15\/discurso-da-presidente-da-assembleia-nacional-carolina-cerqueira-na-reuniao-solene-de-encerramento-da-ii-sessao-legislativa-da-v-legislatura\/#breadcrumb"},"inLanguage":"pt-BR","potentialAction":[{"@type":"ReadAction","target":["https:\/\/jornalfax.net\/index.php\/2024\/08\/15\/discurso-da-presidente-da-assembleia-nacional-carolina-cerqueira-na-reuniao-solene-de-encerramento-da-ii-sessao-legislativa-da-v-legislatura\/"]}]},{"@type":"ImageObject","inLanguage":"pt-BR","@id":"https:\/\/jornalfax.net\/index.php\/2024\/08\/15\/discurso-da-presidente-da-assembleia-nacional-carolina-cerqueira-na-reuniao-solene-de-encerramento-da-ii-sessao-legislativa-da-v-legislatura\/#primaryimage","url":"https:\/\/jornalfax.net\/wp-content\/uploads\/2024\/08\/2ce14f3f-b4ac-490d-ad9f-42e1c5d5613c.jpg","contentUrl":"https:\/\/jornalfax.net\/wp-content\/uploads\/2024\/08\/2ce14f3f-b4ac-490d-ad9f-42e1c5d5613c.jpg","width":566,"height":488},{"@type":"BreadcrumbList","@id":"https:\/\/jornalfax.net\/index.php\/2024\/08\/15\/discurso-da-presidente-da-assembleia-nacional-carolina-cerqueira-na-reuniao-solene-de-encerramento-da-ii-sessao-legislativa-da-v-legislatura\/#breadcrumb","itemListElement":[{"@type":"ListItem","position":1,"name":"In\u00edcio","item":"https:\/\/jornalfax.net\/"},{"@type":"ListItem","position":2,"name":"DISCURSO DA PRESIDENTE DA ASSEMBLEIA NACIONAL, CAROLINA CERQUEIRA, NA REUNI\u00c3O SOLENE DE ENCERRAMENTO DA II SESS\u00c3O LEGISLATIVA DA V LEGISLATURA"}]},{"@type":"WebSite","@id":"https:\/\/jornalfax.net\/#website","url":"https:\/\/jornalfax.net\/","name":"","description":"","potentialAction":[{"@type":"SearchAction","target":{"@type":"EntryPoint","urlTemplate":"https:\/\/jornalfax.net\/?s={search_term_string}"},"query-input":{"@type":"PropertyValueSpecification","valueRequired":true,"valueName":"search_term_string"}}],"inLanguage":"pt-BR"},{"@type":"Person","@id":"https:\/\/jornalfax.net\/#\/schema\/person\/ea5b5601e259b5e0c03c9cb7908e9ffd","name":"jornalfax.net","sameAs":["http:\/\/jornalfax.net"],"url":"https:\/\/jornalfax.net\/index.php\/author\/jornalfax-net\/"}]}},"_links":{"self":[{"href":"https:\/\/jornalfax.net\/index.php\/wp-json\/wp\/v2\/posts\/3368","targetHints":{"allow":["GET"]}}],"collection":[{"href":"https:\/\/jornalfax.net\/index.php\/wp-json\/wp\/v2\/posts"}],"about":[{"href":"https:\/\/jornalfax.net\/index.php\/wp-json\/wp\/v2\/types\/post"}],"author":[{"embeddable":true,"href":"https:\/\/jornalfax.net\/index.php\/wp-json\/wp\/v2\/users\/1"}],"replies":[{"embeddable":true,"href":"https:\/\/jornalfax.net\/index.php\/wp-json\/wp\/v2\/comments?post=3368"}],"version-history":[{"count":1,"href":"https:\/\/jornalfax.net\/index.php\/wp-json\/wp\/v2\/posts\/3368\/revisions"}],"predecessor-version":[{"id":3370,"href":"https:\/\/jornalfax.net\/index.php\/wp-json\/wp\/v2\/posts\/3368\/revisions\/3370"}],"wp:featuredmedia":[{"embeddable":true,"href":"https:\/\/jornalfax.net\/index.php\/wp-json\/wp\/v2\/media\/3369"}],"wp:attachment":[{"href":"https:\/\/jornalfax.net\/index.php\/wp-json\/wp\/v2\/media?parent=3368"}],"wp:term":[{"taxonomy":"category","embeddable":true,"href":"https:\/\/jornalfax.net\/index.php\/wp-json\/wp\/v2\/categories?post=3368"},{"taxonomy":"post_tag","embeddable":true,"href":"https:\/\/jornalfax.net\/index.php\/wp-json\/wp\/v2\/tags?post=3368"}],"curies":[{"name":"wp","href":"https:\/\/api.w.org\/{rel}","templated":true}]}}