{"id":3296,"date":"2024-08-02T11:14:19","date_gmt":"2024-08-02T14:14:19","guid":{"rendered":"https:\/\/jornalfax.net\/?p=3296"},"modified":"2024-08-02T11:14:21","modified_gmt":"2024-08-02T14:14:21","slug":"discurso-de-carolina-cerqueira-na-recepcao-ao-presidente-de-madagascar-andry-rajoelina","status":"publish","type":"post","link":"https:\/\/jornalfax.net\/index.php\/2024\/08\/02\/discurso-de-carolina-cerqueira-na-recepcao-ao-presidente-de-madagascar-andry-rajoelina\/","title":{"rendered":"DISCURSO DE CAROLINA CERQUEIRA, NA RECEP\u00c7\u00c3O AO PRESIDENTE DE MADAG\u00c1SCAR ANDRY RAJOELINA"},"content":{"rendered":"\n<p>Seja muito bem-vindo \u00e0 Assembleia Nacional da Rep\u00fablica de Angola, Sua Excel\u00eancia Andry Nirina Rajoelina, Presidente da Rep\u00fablica de Madag\u00e1scar.<\/p>\n\n\n\n<p>Excel\u00eancia Senhoras e Senhores<\/p>\n\n\n\n<p>Deputados, Senhores Membros do Executivo angolano,<\/p>\n\n\n\n<p>Minhas Senhoras e Meus Senhores!<\/p>\n\n\n\n<p>Em nome dos 220 deputados das diferentes for\u00e7as pol\u00edticas que representam o soberano povo angolano, s\u00edmbolo por excel\u00eancia da pluralidade democr\u00e1tica, \u00e9 para n\u00f3s uma elevada honra e satisfa\u00e7\u00e3o receb\u00ea-lo a si e \u00e0 delega\u00e7\u00e3o que o acompanha.<\/p>\n\n\n\n<p>A vossa visita oficial \u00e0 Rep\u00fablica de Angola representa um gesto da fraternal amizade que une os nossos dois povos e pa\u00edses, que apesar de geograficamente separados, culturalmente est\u00e3o ligados por comungarmos valores comuns, os usos e costumes da rica cultura africana e da idiossincrasia dos nossos povos que almejam a paz, a toler\u00e2ncia e a fraternidade para bem de todos.<\/p>\n\n\n\n<p>Estes valores expressos nos principais instrumentos reguladores da SADC fazem com que os nossos povos e pa\u00edses partilhem objectivos comuns no dom\u00ednio do desenvolvimento regional atrav\u00e9s de uma permanente concerta\u00e7\u00e3o pol\u00edtica, coopera\u00e7\u00e3o econ\u00f3mica e defesa dos interesses de cada um dos pa\u00edses membros na prossecu\u00e7\u00e3o dos ideais da SADC.<\/p>\n\n\n\n<p>A estabilidade pol\u00edtica, a seguran\u00e7a, a solidariedade, a integra\u00e7\u00e3o regional, a coopera\u00e7\u00e3o econ\u00f3mica e a defesa dos interesses de cada um dos nossos pa\u00edses atrav\u00e9s de um posicionamento comum no contexto global de assuntos emergentes e continentais como as mudan\u00e7as clim\u00e1ticas, a democratiza\u00e7\u00e3o, a recupera\u00e7\u00e3o financeira e a media\u00e7\u00e3o de conflitos para a normalidade da estabilidade constitucional continuam v\u00e1lidos.<\/p>\n\n\n\n<p>As Rep\u00fablicas de Madag\u00e1scar e de Angola encerram especificidades que se cruzam numa enorme riqueza de matrizes hist\u00f3rico-culturais que devemos preservar e explorar atrav\u00e9s de uma coopera\u00e7\u00e3o efectiva em diversos dom\u00ednios, para que possamos deixar para as jovens gera\u00e7\u00f5es alicerces seguros para o fortalecimento das nossas na\u00e7\u00f5es.<\/p>\n\n\n\n<p>A Rep\u00fablica de Madag\u00e1scar conhecida como a terra em que as civiliza\u00e7\u00f5es se cruzam \u00e9 a maior ilha de \u00c1frica situada entre o canal de Mo\u00e7ambique e a \u00cdndia, mergulhada no Oceano \u00cdndico, aben\u00e7oada com uma vegeta\u00e7\u00e3o exuberante e uma beleza natural, ex\u00f3tica, rara, com um variado ecossistema, terra da famosa baunilha, um dos seus principais produtos de exporta\u00e7\u00e3o.<\/p>\n\n\n\n<p>A ilha de Madag\u00e1scar possui uma cultura vibrante original, sendo as terras malgaxes tamb\u00e9m conhecidas pelas suas praias ex\u00f3ticas, de \u00e1guas cristalinas, em cujas profundezas se encontram esp\u00e9cies marinhas \u00fanicas, que oferecem grandes atrac\u00e7\u00f5es tur\u00edsticas e de grande potencialidade econ\u00f3mica.<\/p>\n\n\n\n<p>Pa\u00eds com uma popula\u00e7\u00e3o maioritariamente jovem, caracter\u00edstica dos pa\u00edses africanos, depara-se com desafios ingentes para relan\u00e7ar o desenvolvimento humano e duradouro, para a moderniza\u00e7\u00e3o e recupera\u00e7\u00e3o econ\u00f3mica, esfor\u00e7os que t\u00eam conhecido avan\u00e7os substanciais.<\/p>\n\n\n\n<p><strong>Excel\u00eancia Senhor Presidente,<\/strong><\/p>\n\n\n\n<p>A Assembleia Nacional da Rep\u00fablica de Angola \u00e9 composta por 220 Deputados, sendo 130 eleitos pelo c\u00edrculo nacional e 90 pelos 18 c\u00edrculos eleitorais provinciais. 38% s\u00e3o mulheres e conta com uma base geracional jovem com deputados maioritariamente na faixa et\u00e1ria abaixo dos 50 anos.<\/p>\n\n\n\n<p>Nesta 5.\u00aa Legislatura, que teve in\u00edcio a 15 de Outubro de 2022, est\u00e3o representados 5 partidos pol\u00edticos, dos quais 2 constituem Grupos Parlamentares, nomeadamente o MPLA, com 124 deputados que det\u00e9m a maioria absoluta do hemiciclo e, a UNITA com 90 deputados que \u00e9 o maior partido da oposi\u00e7\u00e3o.<\/p>\n\n\n\n<p>T\u00eam, igualmente, assento as representa\u00e7\u00f5es pol\u00edticas do Partido de Renova\u00e7\u00e3o Social, PRS, da Frente Nacional de Liberta\u00e7\u00e3o de Angola FNLA e do Partido Humanista de Angola, com 2 deputados cada um.<\/p>\n\n\n\n<p>O nosso parlamento \u00e9 unicameral, sendo os seus \u00f3rg\u00e3os compostos com base na proporcionalidade dos assentos de cada partido pol\u00edtico, verificando-se o respeito pela representatividade do g\u00e9nero e geracional, numa propor\u00e7\u00e3o de 50% dos membros da sua Mesa assim como est\u00e1 expressa, tamb\u00e9m, a pluralidade pol\u00edtica do hemiciclo.<\/p>\n\n\n\n<p>A Assembleia Nacional da Rep\u00fablica de Angola \u00e9 um \u00d3rg\u00e3o de Soberania com compet\u00eancia constitucional de legislar, controlar e fiscalizar toda a actividade do Estado e representar o Soberano Povo.<\/p>\n\n\n\n<p>No \u00e2mbito da fun\u00e7\u00e3o legislativa, importa destacar que na presente Legislatura aprovou-se a Resolu\u00e7\u00e3o que engajou o contingente militar angolano que integrou a componente militar da SADC do processo de \u201cpeace keeping\u201d para a Rep\u00fablica de Mo\u00e7ambique.<\/p>\n\n\n\n<p>No mesmo sentido, foram aprovadas as Resolu\u00e7\u00f5es sobre a Ratifica\u00e7\u00e3o do Protocolo da SADC sobre Gest\u00e3o Ambiental para o Desenvolvimento, Resolu\u00e7\u00e3o que aprovou o Protocolo da SADC sobre as Pescas, sobre a Sa\u00fade, sobre o Controlo de Armas de Fogo, Muni\u00e7\u00f5es e de outro material conexo, a Resolu\u00e7\u00e3o que aprovou a Ractifica\u00e7\u00e3o da Declara\u00e7\u00e3o sobre o Desenvolvimento da Juventude na SADC, a Resolu\u00e7\u00e3o que aprovou a Ractifica\u00e7\u00e3o do Protocolo sobre o Desenvolvimento do Turismo na SADC, bem como a Resolu\u00e7\u00e3o que aprovou para Ractifica\u00e7\u00e3o o Protocolo da SADC para a Estat\u00edstica.<\/p>\n\n\n\n<p>No \u00e2mbito das suas compet\u00eancias constitucionais de fiscaliza\u00e7\u00e3o, a Assembleia Nacional da Rep\u00fablica de Angola aprova o OGE, aprecia o grau de execu\u00e7\u00e3o do mesmo atrav\u00e9s da Conta Geral do Estado e do Relat\u00f3rio de Execu\u00e7\u00e3o Or\u00e7amental e no mesmo sentido a Assembleia Nacional ausculta previamente o candidato a Governador do Banco Nacional antes da nomea\u00e7\u00e3o pelo Presidente da Rep\u00fablica.<\/p>\n\n\n\n<p>A Assembleia Nacional da Rep\u00fablica de Angola, no \u00e2mbito do seu papel de controlo e de fiscaliza\u00e7\u00e3o, faz, igualmente, audi\u00e7\u00f5es parlamentares aos Ministros, Governadores Provinciais e gestores p\u00fablicos no geral, sendo que a t\u00edtulo de exemplo nos dias 5 e 7 de Agosto do ano em curso, faremos audi\u00e7\u00e3o aos ministros das Telecomunica\u00e7\u00f5es, Tecnologia de Informa\u00e7\u00e3o e Comunica\u00e7\u00e3o Social, bem como da Educa\u00e7\u00e3o, tendo se realizado neste ano legislativo 2023\/2024 audi\u00e7\u00f5es a v\u00e1rios ministros sobre quest\u00f5es de governa\u00e7\u00e3o que preocupam o bem-estar das fam\u00edlias e das comunidades.<\/p>\n\n\n\n<p>A Assembleia Nacional da Rep\u00fablica de Angola tem igualmente desenvolvido uma ampla diplomacia parlamentar no \u00e2mbito dos Grupos Nacionais de Acompanhamento, aos F\u00f3runs Parlamentares da SADC, da Regi\u00e3o dos Grandes Lagos (CIRGL), da Comunidade dos Pa\u00edses de L\u00edngua Portuguesa e como membro do Parlamento Pan-Africano.<\/p>\n\n\n\n<p>A n\u00edvel da Uni\u00e3o Interparlamentar, a Assembleia Nacional da Rep\u00fablica de Angola lavrou o seu nome na hist\u00f3ria do Parlamentarismo Mundial ao ter albergado em Outubro de 2023, a 147.\u00aa Assembleia da Uni\u00e3o Inter-Parlamentar, que reuniu mais de 150 representantes de Parlamentos do Mundo.<\/p>\n\n\n\n<p>Ainda no \u00e2mbito da diplomacia parlamentar, constitui tamb\u00e9m, uma refer\u00eancia a ades\u00e3o da Assembleia Nacional da Rep\u00fablica de Angola em Junho deste ano \u00e0 Associa\u00e7\u00e3o dos Parlamentos da Francofonia, o que responde aos desafios geopol\u00edticos que os Deputados angolanos abra\u00e7am no contexto mundial junto dos pa\u00edses falantes da l\u00edngua francesa.<\/p>\n\n\n\n<p>Excel\u00eancia Senhor Presidente,<\/p>\n\n\n\n<p>Minhas Senhoras e Meus Senhores<\/p>\n\n\n\n<p>O Parlamento angolano ocupa um lugar central no desenvolvimento do Estado e na representa\u00e7\u00e3o das aspira\u00e7\u00f5es, contesta\u00e7\u00f5es e leg\u00edtimas expectativas dos cidad\u00e3os. S\u00e3o muitos os desafios que Angola enfrenta na promo\u00e7\u00e3o e consolida\u00e7\u00e3o da paz e da democracia.<\/p>\n\n\n\n<p>Por isso, o desenvolvimento, a dignidade da pessoa humana, o primado do direito e a igualdade de oportunidades para todos indiscriminadamente, s\u00e3o os principais desafios dos l\u00eddimos representantes do povo angolano que orgulhosamente representamos nesta Magna Casa.<\/p>\n\n\n\n<p>Seja Bem-Vindo, Sua Excel\u00eancia Andry Nirina Rajoelina, Presidente da Rep\u00fablica de Madag\u00e1scar e perante Sua Excel\u00eancia, manifestamos a disponibilidade de refor\u00e7ar as rela\u00e7\u00f5es parlamentares de amizade e de coopera\u00e7\u00e3o com os deputados malgaxes.<\/p>\n\n\n\n<p>Com estas palavras, tenho a subida honra de o convidar para se dirigir a esta Magna Assembleia.<\/p>\n\n\n\n<p>Muito obrigada.<\/p>\n","protected":false},"excerpt":{"rendered":"<p>Seja muito bem-vindo \u00e0 Assembleia Nacional da Rep\u00fablica de Angola, Sua Excel\u00eancia Andry Nirina Rajoelina, Presidente da Rep\u00fablica de Madag\u00e1scar. Excel\u00eancia Senhoras e Senhores Deputados, Senhores Membros do Executivo angolano, Minhas Senhoras e Meus Senhores! Em nome dos 220 deputados das diferentes for\u00e7as pol\u00edticas que representam o soberano povo angolano, s\u00edmbolo por excel\u00eancia da pluralidade [&hellip;]<\/p>\n<div class='heateor_sss_sharing_container heateor_sss_vertical_sharing heateor_sss_bottom_sharing' style='width:44px;left: -10px;top: 100px;-webkit-box-shadow:none;box-shadow:none;' data-heateor-sss-href='https:\/\/jornalfax.net\/index.php\/wp-json\/wp\/v2\/posts\/3296'><div class=\"heateor_sss_sharing_ul\"><a aria-label=\"Facebook\" class=\"heateor_sss_facebook\" href=\"https:\/\/www.facebook.com\/sharer\/sharer.php?u=https%3A%2F%2Fjornalfax.net%2Findex.php%2Fwp-json%2Fwp%2Fv2%2Fposts%2F3296\" title=\"Facebook\" rel=\"nofollow noopener\" target=\"_blank\" style=\"font-size:32px!important;box-shadow:none;display:inline-block;vertical-align:middle\"><span class=\"heateor_sss_svg\" style=\"background-color:#0765FE;width:40px;height:40px;margin:0;display:inline-block;opacity:1;float:left;font-size:32px;box-shadow:none;display:inline-block;font-size:16px;padding:0 4px;vertical-align:middle;background-repeat:repeat;overflow:hidden;padding:0;cursor:pointer;box-sizing:content-box\"><svg style=\"display:block;\" focusable=\"false\" aria-hidden=\"true\" xmlns=\"http:\/\/www.w3.org\/2000\/svg\" width=\"100%\" height=\"100%\" viewBox=\"0 0 32 32\"><path fill=\"#fff\" d=\"M28 16c0-6.627-5.373-12-12-12S4 9.373 4 16c0 5.628 3.875 10.35 9.101 11.647v-7.98h-2.474V16H13.1v-1.58c0-4.085 1.849-5.978 5.859-5.978.76 0 2.072.15 2.608.298v3.325c-.283-.03-.775-.045-1.386-.045-1.967 0-2.728.745-2.728 2.683V16h3.92l-.673 3.667h-3.247v8.245C23.395 27.195 28 22.135 28 16Z\"><\/path><\/svg><\/span><\/a><a aria-label=\"X\" class=\"heateor_sss_button_x\" href=\"https:\/\/twitter.com\/intent\/tweet?text=%20-%20&url=https%3A%2F%2Fjornalfax.net%2Findex.php%2Fwp-json%2Fwp%2Fv2%2Fposts%2F3296\" title=\"X\" rel=\"nofollow noopener\" target=\"_blank\" style=\"font-size:32px!important;box-shadow:none;display:inline-block;vertical-align:middle\"><span class=\"heateor_sss_svg heateor_sss_s__default heateor_sss_s_x\" style=\"background-color:#2a2a2a;width:40px;height:40px;margin:0;display:inline-block;opacity:1;float:left;font-size:32px;box-shadow:none;display:inline-block;font-size:16px;padding:0 4px;vertical-align:middle;background-repeat:repeat;overflow:hidden;padding:0;cursor:pointer;box-sizing:content-box\"><svg width=\"100%\" height=\"100%\" style=\"display:block;\" focusable=\"false\" aria-hidden=\"true\" xmlns=\"http:\/\/www.w3.org\/2000\/svg\" viewBox=\"0 0 32 32\"><path fill=\"#fff\" d=\"M21.751 7h3.067l-6.7 7.658L26 25.078h-6.172l-4.833-6.32-5.531 6.32h-3.07l7.167-8.19L6 7h6.328l4.37 5.777L21.75 7Zm-1.076 16.242h1.7L11.404 8.74H9.58l11.094 14.503Z\"><\/path><\/svg><\/span><\/a><a aria-label=\"Reddit\" class=\"heateor_sss_button_reddit\" href=\"http:\/\/reddit.com\/submit?url=https%3A%2F%2Fjornalfax.net%2Findex.php%2Fwp-json%2Fwp%2Fv2%2Fposts%2F3296&title=%20-%20\" title=\"Reddit\" rel=\"nofollow noopener\" target=\"_blank\" style=\"font-size:32px!important;box-shadow:none;display:inline-block;vertical-align:middle\"><span class=\"heateor_sss_svg heateor_sss_s__default heateor_sss_s_reddit\" style=\"background-color:#ff5700;width:40px;height:40px;margin:0;display:inline-block;opacity:1;float:left;font-size:32px;box-shadow:none;display:inline-block;font-size:16px;padding:0 4px;vertical-align:middle;background-repeat:repeat;overflow:hidden;padding:0;cursor:pointer;box-sizing:content-box\"><svg style=\"display:block;\" focusable=\"false\" aria-hidden=\"true\" xmlns=\"http:\/\/www.w3.org\/2000\/svg\" width=\"100%\" height=\"100%\" viewBox=\"-3.5 -3.5 39 39\"><path d=\"M28.543 15.774a2.953 2.953 0 0 0-2.951-2.949 2.882 2.882 0 0 0-1.9.713 14.075 14.075 0 0 0-6.85-2.044l1.38-4.349 3.768.884a2.452 2.452 0 1 0 .24-1.176l-4.274-1a.6.6 0 0 0-.709.4l-1.659 5.224a14.314 14.314 0 0 0-7.316 2.029 2.908 2.908 0 0 0-1.872-.681 2.942 2.942 0 0 0-1.618 5.4 5.109 5.109 0 0 0-.062.765c0 4.158 5.037 7.541 11.229 7.541s11.22-3.383 11.22-7.541a5.2 5.2 0 0 0-.053-.706 2.963 2.963 0 0 0 1.427-2.51zm-18.008 1.88a1.753 1.753 0 0 1 1.73-1.74 1.73 1.73 0 0 1 1.709 1.74 1.709 1.709 0 0 1-1.709 1.711 1.733 1.733 0 0 1-1.73-1.711zm9.565 4.968a5.573 5.573 0 0 1-4.081 1.272h-.032a5.576 5.576 0 0 1-4.087-1.272.6.6 0 0 1 .844-.854 4.5 4.5 0 0 0 3.238.927h.032a4.5 4.5 0 0 0 3.237-.927.6.6 0 1 1 .844.854zm-.331-3.256a1.726 1.726 0 1 1 1.709-1.712 1.717 1.717 0 0 1-1.712 1.712z\" fill=\"#fff\"\/><\/svg><\/span><\/a><a aria-label=\"Linkedin\" class=\"heateor_sss_button_linkedin\" href=\"https:\/\/www.linkedin.com\/sharing\/share-offsite\/?url=https%3A%2F%2Fjornalfax.net%2Findex.php%2Fwp-json%2Fwp%2Fv2%2Fposts%2F3296\" title=\"Linkedin\" rel=\"nofollow noopener\" target=\"_blank\" style=\"font-size:32px!important;box-shadow:none;display:inline-block;vertical-align:middle\"><span class=\"heateor_sss_svg heateor_sss_s__default heateor_sss_s_linkedin\" style=\"background-color:#0077b5;width:40px;height:40px;margin:0;display:inline-block;opacity:1;float:left;font-size:32px;box-shadow:none;display:inline-block;font-size:16px;padding:0 4px;vertical-align:middle;background-repeat:repeat;overflow:hidden;padding:0;cursor:pointer;box-sizing:content-box\"><svg style=\"display:block;\" focusable=\"false\" aria-hidden=\"true\" xmlns=\"http:\/\/www.w3.org\/2000\/svg\" width=\"100%\" height=\"100%\" viewBox=\"0 0 32 32\"><path d=\"M6.227 12.61h4.19v13.48h-4.19V12.61zm2.095-6.7a2.43 2.43 0 0 1 0 4.86c-1.344 0-2.428-1.09-2.428-2.43s1.084-2.43 2.428-2.43m4.72 6.7h4.02v1.84h.058c.56-1.058 1.927-2.176 3.965-2.176 4.238 0 5.02 2.792 5.02 6.42v7.395h-4.183v-6.56c0-1.564-.03-3.574-2.178-3.574-2.18 0-2.514 1.7-2.514 3.46v6.668h-4.187V12.61z\" fill=\"#fff\"><\/path><\/svg><\/span><\/a><a aria-label=\"Pinterest\" class=\"heateor_sss_button_pinterest\" href=\"https:\/\/jornalfax.net\/index.php\/wp-json\/wp\/v2\/posts\/3296\" onclick=\"event.preventDefault();javascript:void( (function() {var e=document.createElement('script' );e.setAttribute('type','text\/javascript' );e.setAttribute('charset','UTF-8' );e.setAttribute('src','\/\/assets.pinterest.com\/js\/pinmarklet.js?r='+Math.random()*99999999);document.body.appendChild(e)})());\" title=\"Pinterest\" rel=\"noopener\" style=\"font-size:32px!important;box-shadow:none;display:inline-block;vertical-align:middle\"><span class=\"heateor_sss_svg heateor_sss_s__default heateor_sss_s_pinterest\" style=\"background-color:#cc2329;width:40px;height:40px;margin:0;display:inline-block;opacity:1;float:left;font-size:32px;box-shadow:none;display:inline-block;font-size:16px;padding:0 4px;vertical-align:middle;background-repeat:repeat;overflow:hidden;padding:0;cursor:pointer;box-sizing:content-box\"><svg style=\"display:block;\" focusable=\"false\" aria-hidden=\"true\" xmlns=\"http:\/\/www.w3.org\/2000\/svg\" width=\"100%\" height=\"100%\" viewBox=\"-2 -2 35 35\"><path fill=\"#fff\" d=\"M16.539 4.5c-6.277 0-9.442 4.5-9.442 8.253 0 2.272.86 4.293 2.705 5.046.303.125.574.005.662-.33.061-.231.205-.816.27-1.06.088-.331.053-.447-.191-.736-.532-.627-.873-1.439-.873-2.591 0-3.338 2.498-6.327 6.505-6.327 3.548 0 5.497 2.168 5.497 5.062 0 3.81-1.686 7.025-4.188 7.025-1.382 0-2.416-1.142-2.085-2.545.397-1.674 1.166-3.48 1.166-4.689 0-1.081-.581-1.983-1.782-1.983-1.413 0-2.548 1.462-2.548 3.419 0 1.247.421 2.091.421 2.091l-1.699 7.199c-.505 2.137-.076 4.755-.039 5.019.021.158.223.196.314.077.13-.17 1.813-2.247 2.384-4.324.162-.587.929-3.631.929-3.631.46.876 1.801 1.646 3.227 1.646 4.247 0 7.128-3.871 7.128-9.053.003-3.918-3.317-7.568-8.361-7.568z\"\/><\/svg><\/span><\/a><a aria-label=\"Mastodon\" class=\"heateor_sss_button_mastodon\" href=\"https:\/\/mastodon.social\/share?text=https%3A%2F%2Fjornalfax.net%2Findex.php%2Fwp-json%2Fwp%2Fv2%2Fposts%2F3296&title=%20-%20\" title=\"Mastodon\" rel=\"nofollow noopener\" target=\"_blank\" style=\"font-size:32px!important;box-shadow:none;display:inline-block;vertical-align:middle\"><span class=\"heateor_sss_svg heateor_sss_s__default heateor_sss_s_mastodon\" style=\"background-color:#6364FF;width:40px;height:40px;margin:0;display:inline-block;opacity:1;float:left;font-size:32px;box-shadow:none;display:inline-block;font-size:16px;padding:0 4px;vertical-align:middle;background-repeat:repeat;overflow:hidden;padding:0;cursor:pointer;box-sizing:content-box\"><svg style=\"display:block;\" focusable=\"false\" aria-hidden=\"true\" xmlns=\"http:\/\/www.w3.org\/2000\/svg\" width=\"100%\" height=\"100%\" viewBox=\"-3.5 -3.5 39 39\"><path d=\"M27 12c0-5.12-3.35-6.62-3.35-6.62C22 4.56 19.05 4.23 16 4.21c-3 0-5.92.35-7.61 1.12C8.36 5.33 5 6.83 5 12v4c.12 5 .92 9.93 5.54 11.16a17.67 17.67 0 005.44.6 10.88 10.88 0 004.18-.95l-.09-1.95a13.36 13.36 0 01-4.07.54c-2.12-.07-4.37-.23-4.71-2.84a5.58 5.58 0 01-.05-.73 27.46 27.46 0 004.73.63 26.76 26.76 0 004.68-.28c3-.35 5.53-2.17 5.85-3.83A39.25 39.25 0 0027 12zm-3.95 6.59h-2.46v-6c0-1.27-.53-1.91-1.6-1.91s-1.77.76-1.77 2.27v3.29h-2.44v-3.35c0-1.51-.59-2.27-1.77-2.27s-1.6.64-1.6 1.91v6H9v-6.18a4.49 4.49 0 011-3 3.39 3.39 0 012.63-1.12 3.17 3.17 0 012.84 1.44l.61 1 .61-1a3.17 3.17 0 012.84-1.44 3.39 3.39 0 012.63 1.12 4.49 4.49 0 011 3z\" fill=\"#fff\"><\/path><\/svg><\/span><\/a><a aria-label=\"Mix\" class=\"heateor_sss_button_mix\" href=\"https:\/\/mix.com\/mixit?url=https%3A%2F%2Fjornalfax.net%2Findex.php%2Fwp-json%2Fwp%2Fv2%2Fposts%2F3296\" title=\"Mix\" rel=\"nofollow noopener\" target=\"_blank\" style=\"font-size:32px!important;box-shadow:none;display:inline-block;vertical-align:middle\"><span class=\"heateor_sss_svg heateor_sss_s__default heateor_sss_s_mix\" style=\"background-color:#ff8226;width:40px;height:40px;margin:0;display:inline-block;opacity:1;float:left;font-size:32px;box-shadow:none;display:inline-block;font-size:16px;padding:0 4px;vertical-align:middle;background-repeat:repeat;overflow:hidden;padding:0;cursor:pointer;box-sizing:content-box\"><svg focusable=\"false\" aria-hidden=\"true\" xmlns=\"http:\/\/www.w3.org\/2000\/svg\" width=\"100%\" height=\"100%\" viewBox=\"-7 -8 45 45\"><g fill=\"#fff\"><path opacity=\".8\" d=\"M27.87 4.125c-5.224 0-9.467 4.159-9.467 9.291v2.89c0-1.306 1.074-2.362 2.399-2.362s2.399 1.056 2.399 2.362v1.204c0 1.306 1.074 2.362 2.399 2.362s2.399-1.056 2.399-2.362V4.134c-.036-.009-.082-.009-.129-.009\"\/><path d=\"M4 4.125v12.94c2.566 0 4.668-1.973 4.807-4.465v-2.214c0-.065 0-.12.009-.176.093-1.213 1.13-2.177 2.39-2.177 1.325 0 2.399 1.056 2.399 2.362v9.226c0 1.306 1.074 2.353 2.399 2.353s2.399-1.056 2.399-2.353v-6.206c0-5.132 4.233-9.291 9.467-9.291H4z\"\/><path opacity=\".8\" d=\"M4 17.074v8.438c0 1.306 1.074 2.362 2.399 2.362s2.399-1.056 2.399-2.362V12.61C8.659 15.102 6.566 17.074 4 17.074\"\/><\/g><\/svg><\/span><\/a><a aria-label=\"Whatsapp\" class=\"heateor_sss_whatsapp\" href=\"https:\/\/api.whatsapp.com\/send?text=%20-%20%20https%3A%2F%2Fjornalfax.net%2Findex.php%2Fwp-json%2Fwp%2Fv2%2Fposts%2F3296\" title=\"Whatsapp\" rel=\"nofollow noopener\" target=\"_blank\" style=\"font-size:32px!important;box-shadow:none;display:inline-block;vertical-align:middle\"><span class=\"heateor_sss_svg\" style=\"background-color:#55eb4c;width:40px;height:40px;margin:0;display:inline-block;opacity:1;float:left;font-size:32px;box-shadow:none;display:inline-block;font-size:16px;padding:0 4px;vertical-align:middle;background-repeat:repeat;overflow:hidden;padding:0;cursor:pointer;box-sizing:content-box\"><svg style=\"display:block;\" focusable=\"false\" aria-hidden=\"true\" xmlns=\"http:\/\/www.w3.org\/2000\/svg\" width=\"100%\" height=\"100%\" viewBox=\"-6 -5 40 40\"><path class=\"heateor_sss_svg_stroke heateor_sss_no_fill\" stroke=\"#fff\" stroke-width=\"2\" fill=\"none\" d=\"M 11.579798566743314 24.396926207859085 A 10 10 0 1 0 6.808479557110079 20.73576436351046\"><\/path><path d=\"M 7 19 l -1 6 l 6 -1\" class=\"heateor_sss_no_fill heateor_sss_svg_stroke\" stroke=\"#fff\" stroke-width=\"2\" fill=\"none\"><\/path><path d=\"M 10 10 q -1 8 8 11 c 5 -1 0 -6 -1 -3 q -4 -3 -5 -5 c 4 -2 -1 -5 -1 -4\" fill=\"#fff\"><\/path><\/svg><\/span><\/a><a class=\"heateor_sss_more\" aria-label=\"More\" title=\"More\" rel=\"nofollow noopener\" style=\"font-size: 32px!important;border:0;box-shadow:none;display:inline-block!important;font-size:16px;padding:0 4px;vertical-align: middle;display:inline;\" href=\"https:\/\/jornalfax.net\/index.php\/wp-json\/wp\/v2\/posts\/3296\" onclick=\"event.preventDefault()\"><span class=\"heateor_sss_svg\" style=\"background-color:#ee8e2d;width:40px;height:40px;margin:0;display:inline-block!important;opacity:1;float:left;font-size:32px!important;box-shadow:none;display:inline-block;font-size:16px;padding:0 4px;vertical-align:middle;display:inline;background-repeat:repeat;overflow:hidden;padding:0;cursor:pointer;box-sizing:content-box;\" onclick=\"heateorSssMoreSharingPopup(this, 'https:\/\/jornalfax.net\/index.php\/wp-json\/wp\/v2\/posts\/3296', '%20-%20', '' )\"><svg xmlns=\"http:\/\/www.w3.org\/2000\/svg\" xmlns:xlink=\"http:\/\/www.w3.org\/1999\/xlink\" viewBox=\"-.3 0 32 32\" version=\"1.1\" width=\"100%\" height=\"100%\" style=\"display:block;\" xml:space=\"preserve\"><g><path fill=\"#fff\" d=\"M18 14V8h-4v6H8v4h6v6h4v-6h6v-4h-6z\" fill-rule=\"evenodd\"><\/path><\/g><\/svg><\/span><\/a><\/div><div class=\"heateorSssClear\"><\/div><\/div>","protected":false},"author":1,"featured_media":3297,"comment_status":"closed","ping_status":"closed","sticky":false,"template":"","format":"standard","meta":{"footnotes":""},"categories":[26],"tags":[],"class_list":["post-3296","post","type-post","status-publish","format-standard","has-post-thumbnail","hentry","category-politica"],"yoast_head":"<!-- This site is optimized with the Yoast SEO plugin v24.3 - https:\/\/yoast.com\/wordpress\/plugins\/seo\/ -->\n<title>DISCURSO DE CAROLINA CERQUEIRA, NA RECEP\u00c7\u00c3O AO PRESIDENTE DE MADAG\u00c1SCAR ANDRY RAJOELINA -<\/title>\n<meta name=\"robots\" content=\"index, follow, max-snippet:-1, max-image-preview:large, max-video-preview:-1\" \/>\n<link rel=\"canonical\" href=\"https:\/\/jornalfax.net\/index.php\/2024\/08\/02\/discurso-de-carolina-cerqueira-na-recepcao-ao-presidente-de-madagascar-andry-rajoelina\/\" \/>\n<meta property=\"og:locale\" content=\"pt_BR\" \/>\n<meta property=\"og:type\" content=\"article\" \/>\n<meta property=\"og:title\" content=\"DISCURSO DE CAROLINA CERQUEIRA, NA RECEP\u00c7\u00c3O AO PRESIDENTE DE MADAG\u00c1SCAR ANDRY RAJOELINA -\" \/>\n<meta property=\"og:description\" content=\"Seja muito bem-vindo \u00e0 Assembleia Nacional da Rep\u00fablica de Angola, Sua Excel\u00eancia Andry Nirina Rajoelina, Presidente da Rep\u00fablica de Madag\u00e1scar. Excel\u00eancia Senhoras e Senhores Deputados, Senhores Membros do Executivo angolano, Minhas Senhoras e Meus Senhores! Em nome dos 220 deputados das diferentes for\u00e7as pol\u00edticas que representam o soberano povo angolano, s\u00edmbolo por excel\u00eancia da pluralidade [&hellip;]\" \/>\n<meta property=\"og:url\" content=\"https:\/\/jornalfax.net\/index.php\/2024\/08\/02\/discurso-de-carolina-cerqueira-na-recepcao-ao-presidente-de-madagascar-andry-rajoelina\/\" \/>\n<meta property=\"article:published_time\" content=\"2024-08-02T14:14:19+00:00\" \/>\n<meta property=\"article:modified_time\" content=\"2024-08-02T14:14:21+00:00\" \/>\n<meta property=\"og:image\" content=\"http:\/\/jornalfax.net\/wp-content\/uploads\/2024\/08\/05f810cf-940c-4a2b-bc82-9099da2bdf74.jpg\" \/>\n\t<meta property=\"og:image:width\" content=\"864\" \/>\n\t<meta property=\"og:image:height\" content=\"664\" \/>\n\t<meta property=\"og:image:type\" content=\"image\/jpeg\" \/>\n<meta name=\"author\" content=\"jornalfax.net\" \/>\n<meta name=\"twitter:card\" content=\"summary_large_image\" \/>\n<meta name=\"twitter:label1\" content=\"Escrito por\" \/>\n\t<meta name=\"twitter:data1\" content=\"jornalfax.net\" \/>\n\t<meta name=\"twitter:label2\" content=\"Est. tempo de leitura\" \/>\n\t<meta name=\"twitter:data2\" content=\"7 minutos\" \/>\n<script type=\"application\/ld+json\" class=\"yoast-schema-graph\">{\"@context\":\"https:\/\/schema.org\",\"@graph\":[{\"@type\":\"WebPage\",\"@id\":\"https:\/\/jornalfax.net\/index.php\/2024\/08\/02\/discurso-de-carolina-cerqueira-na-recepcao-ao-presidente-de-madagascar-andry-rajoelina\/\",\"url\":\"https:\/\/jornalfax.net\/index.php\/2024\/08\/02\/discurso-de-carolina-cerqueira-na-recepcao-ao-presidente-de-madagascar-andry-rajoelina\/\",\"name\":\"DISCURSO DE CAROLINA CERQUEIRA, NA RECEP\u00c7\u00c3O AO PRESIDENTE DE MADAG\u00c1SCAR ANDRY RAJOELINA -\",\"isPartOf\":{\"@id\":\"https:\/\/jornalfax.net\/#website\"},\"primaryImageOfPage\":{\"@id\":\"https:\/\/jornalfax.net\/index.php\/2024\/08\/02\/discurso-de-carolina-cerqueira-na-recepcao-ao-presidente-de-madagascar-andry-rajoelina\/#primaryimage\"},\"image\":{\"@id\":\"https:\/\/jornalfax.net\/index.php\/2024\/08\/02\/discurso-de-carolina-cerqueira-na-recepcao-ao-presidente-de-madagascar-andry-rajoelina\/#primaryimage\"},\"thumbnailUrl\":\"https:\/\/jornalfax.net\/wp-content\/uploads\/2024\/08\/05f810cf-940c-4a2b-bc82-9099da2bdf74.jpg\",\"datePublished\":\"2024-08-02T14:14:19+00:00\",\"dateModified\":\"2024-08-02T14:14:21+00:00\",\"author\":{\"@id\":\"https:\/\/jornalfax.net\/#\/schema\/person\/ea5b5601e259b5e0c03c9cb7908e9ffd\"},\"breadcrumb\":{\"@id\":\"https:\/\/jornalfax.net\/index.php\/2024\/08\/02\/discurso-de-carolina-cerqueira-na-recepcao-ao-presidente-de-madagascar-andry-rajoelina\/#breadcrumb\"},\"inLanguage\":\"pt-BR\",\"potentialAction\":[{\"@type\":\"ReadAction\",\"target\":[\"https:\/\/jornalfax.net\/index.php\/2024\/08\/02\/discurso-de-carolina-cerqueira-na-recepcao-ao-presidente-de-madagascar-andry-rajoelina\/\"]}]},{\"@type\":\"ImageObject\",\"inLanguage\":\"pt-BR\",\"@id\":\"https:\/\/jornalfax.net\/index.php\/2024\/08\/02\/discurso-de-carolina-cerqueira-na-recepcao-ao-presidente-de-madagascar-andry-rajoelina\/#primaryimage\",\"url\":\"https:\/\/jornalfax.net\/wp-content\/uploads\/2024\/08\/05f810cf-940c-4a2b-bc82-9099da2bdf74.jpg\",\"contentUrl\":\"https:\/\/jornalfax.net\/wp-content\/uploads\/2024\/08\/05f810cf-940c-4a2b-bc82-9099da2bdf74.jpg\",\"width\":864,\"height\":664},{\"@type\":\"BreadcrumbList\",\"@id\":\"https:\/\/jornalfax.net\/index.php\/2024\/08\/02\/discurso-de-carolina-cerqueira-na-recepcao-ao-presidente-de-madagascar-andry-rajoelina\/#breadcrumb\",\"itemListElement\":[{\"@type\":\"ListItem\",\"position\":1,\"name\":\"In\u00edcio\",\"item\":\"https:\/\/jornalfax.net\/\"},{\"@type\":\"ListItem\",\"position\":2,\"name\":\"DISCURSO DE CAROLINA CERQUEIRA, NA RECEP\u00c7\u00c3O AO PRESIDENTE DE MADAG\u00c1SCAR ANDRY RAJOELINA\"}]},{\"@type\":\"WebSite\",\"@id\":\"https:\/\/jornalfax.net\/#website\",\"url\":\"https:\/\/jornalfax.net\/\",\"name\":\"\",\"description\":\"\",\"potentialAction\":[{\"@type\":\"SearchAction\",\"target\":{\"@type\":\"EntryPoint\",\"urlTemplate\":\"https:\/\/jornalfax.net\/?s={search_term_string}\"},\"query-input\":{\"@type\":\"PropertyValueSpecification\",\"valueRequired\":true,\"valueName\":\"search_term_string\"}}],\"inLanguage\":\"pt-BR\"},{\"@type\":\"Person\",\"@id\":\"https:\/\/jornalfax.net\/#\/schema\/person\/ea5b5601e259b5e0c03c9cb7908e9ffd\",\"name\":\"jornalfax.net\",\"sameAs\":[\"http:\/\/jornalfax.net\"],\"url\":\"https:\/\/jornalfax.net\/index.php\/author\/jornalfax-net\/\"}]}<\/script>\n<!-- \/ Yoast SEO plugin. -->","yoast_head_json":{"title":"DISCURSO DE CAROLINA CERQUEIRA, NA RECEP\u00c7\u00c3O AO PRESIDENTE DE MADAG\u00c1SCAR ANDRY RAJOELINA -","robots":{"index":"index","follow":"follow","max-snippet":"max-snippet:-1","max-image-preview":"max-image-preview:large","max-video-preview":"max-video-preview:-1"},"canonical":"https:\/\/jornalfax.net\/index.php\/2024\/08\/02\/discurso-de-carolina-cerqueira-na-recepcao-ao-presidente-de-madagascar-andry-rajoelina\/","og_locale":"pt_BR","og_type":"article","og_title":"DISCURSO DE CAROLINA CERQUEIRA, NA RECEP\u00c7\u00c3O AO PRESIDENTE DE MADAG\u00c1SCAR ANDRY RAJOELINA -","og_description":"Seja muito bem-vindo \u00e0 Assembleia Nacional da Rep\u00fablica de Angola, Sua Excel\u00eancia Andry Nirina Rajoelina, Presidente da Rep\u00fablica de Madag\u00e1scar. Excel\u00eancia Senhoras e Senhores Deputados, Senhores Membros do Executivo angolano, Minhas Senhoras e Meus Senhores! Em nome dos 220 deputados das diferentes for\u00e7as pol\u00edticas que representam o soberano povo angolano, s\u00edmbolo por excel\u00eancia da pluralidade [&hellip;]","og_url":"https:\/\/jornalfax.net\/index.php\/2024\/08\/02\/discurso-de-carolina-cerqueira-na-recepcao-ao-presidente-de-madagascar-andry-rajoelina\/","article_published_time":"2024-08-02T14:14:19+00:00","article_modified_time":"2024-08-02T14:14:21+00:00","og_image":[{"width":864,"height":664,"url":"http:\/\/jornalfax.net\/wp-content\/uploads\/2024\/08\/05f810cf-940c-4a2b-bc82-9099da2bdf74.jpg","type":"image\/jpeg"}],"author":"jornalfax.net","twitter_card":"summary_large_image","twitter_misc":{"Escrito por":"jornalfax.net","Est. tempo de leitura":"7 minutos"},"schema":{"@context":"https:\/\/schema.org","@graph":[{"@type":"WebPage","@id":"https:\/\/jornalfax.net\/index.php\/2024\/08\/02\/discurso-de-carolina-cerqueira-na-recepcao-ao-presidente-de-madagascar-andry-rajoelina\/","url":"https:\/\/jornalfax.net\/index.php\/2024\/08\/02\/discurso-de-carolina-cerqueira-na-recepcao-ao-presidente-de-madagascar-andry-rajoelina\/","name":"DISCURSO DE CAROLINA CERQUEIRA, NA RECEP\u00c7\u00c3O AO PRESIDENTE DE MADAG\u00c1SCAR ANDRY RAJOELINA -","isPartOf":{"@id":"https:\/\/jornalfax.net\/#website"},"primaryImageOfPage":{"@id":"https:\/\/jornalfax.net\/index.php\/2024\/08\/02\/discurso-de-carolina-cerqueira-na-recepcao-ao-presidente-de-madagascar-andry-rajoelina\/#primaryimage"},"image":{"@id":"https:\/\/jornalfax.net\/index.php\/2024\/08\/02\/discurso-de-carolina-cerqueira-na-recepcao-ao-presidente-de-madagascar-andry-rajoelina\/#primaryimage"},"thumbnailUrl":"https:\/\/jornalfax.net\/wp-content\/uploads\/2024\/08\/05f810cf-940c-4a2b-bc82-9099da2bdf74.jpg","datePublished":"2024-08-02T14:14:19+00:00","dateModified":"2024-08-02T14:14:21+00:00","author":{"@id":"https:\/\/jornalfax.net\/#\/schema\/person\/ea5b5601e259b5e0c03c9cb7908e9ffd"},"breadcrumb":{"@id":"https:\/\/jornalfax.net\/index.php\/2024\/08\/02\/discurso-de-carolina-cerqueira-na-recepcao-ao-presidente-de-madagascar-andry-rajoelina\/#breadcrumb"},"inLanguage":"pt-BR","potentialAction":[{"@type":"ReadAction","target":["https:\/\/jornalfax.net\/index.php\/2024\/08\/02\/discurso-de-carolina-cerqueira-na-recepcao-ao-presidente-de-madagascar-andry-rajoelina\/"]}]},{"@type":"ImageObject","inLanguage":"pt-BR","@id":"https:\/\/jornalfax.net\/index.php\/2024\/08\/02\/discurso-de-carolina-cerqueira-na-recepcao-ao-presidente-de-madagascar-andry-rajoelina\/#primaryimage","url":"https:\/\/jornalfax.net\/wp-content\/uploads\/2024\/08\/05f810cf-940c-4a2b-bc82-9099da2bdf74.jpg","contentUrl":"https:\/\/jornalfax.net\/wp-content\/uploads\/2024\/08\/05f810cf-940c-4a2b-bc82-9099da2bdf74.jpg","width":864,"height":664},{"@type":"BreadcrumbList","@id":"https:\/\/jornalfax.net\/index.php\/2024\/08\/02\/discurso-de-carolina-cerqueira-na-recepcao-ao-presidente-de-madagascar-andry-rajoelina\/#breadcrumb","itemListElement":[{"@type":"ListItem","position":1,"name":"In\u00edcio","item":"https:\/\/jornalfax.net\/"},{"@type":"ListItem","position":2,"name":"DISCURSO DE CAROLINA CERQUEIRA, NA RECEP\u00c7\u00c3O AO PRESIDENTE DE MADAG\u00c1SCAR ANDRY RAJOELINA"}]},{"@type":"WebSite","@id":"https:\/\/jornalfax.net\/#website","url":"https:\/\/jornalfax.net\/","name":"","description":"","potentialAction":[{"@type":"SearchAction","target":{"@type":"EntryPoint","urlTemplate":"https:\/\/jornalfax.net\/?s={search_term_string}"},"query-input":{"@type":"PropertyValueSpecification","valueRequired":true,"valueName":"search_term_string"}}],"inLanguage":"pt-BR"},{"@type":"Person","@id":"https:\/\/jornalfax.net\/#\/schema\/person\/ea5b5601e259b5e0c03c9cb7908e9ffd","name":"jornalfax.net","sameAs":["http:\/\/jornalfax.net"],"url":"https:\/\/jornalfax.net\/index.php\/author\/jornalfax-net\/"}]}},"_links":{"self":[{"href":"https:\/\/jornalfax.net\/index.php\/wp-json\/wp\/v2\/posts\/3296","targetHints":{"allow":["GET"]}}],"collection":[{"href":"https:\/\/jornalfax.net\/index.php\/wp-json\/wp\/v2\/posts"}],"about":[{"href":"https:\/\/jornalfax.net\/index.php\/wp-json\/wp\/v2\/types\/post"}],"author":[{"embeddable":true,"href":"https:\/\/jornalfax.net\/index.php\/wp-json\/wp\/v2\/users\/1"}],"replies":[{"embeddable":true,"href":"https:\/\/jornalfax.net\/index.php\/wp-json\/wp\/v2\/comments?post=3296"}],"version-history":[{"count":1,"href":"https:\/\/jornalfax.net\/index.php\/wp-json\/wp\/v2\/posts\/3296\/revisions"}],"predecessor-version":[{"id":3298,"href":"https:\/\/jornalfax.net\/index.php\/wp-json\/wp\/v2\/posts\/3296\/revisions\/3298"}],"wp:featuredmedia":[{"embeddable":true,"href":"https:\/\/jornalfax.net\/index.php\/wp-json\/wp\/v2\/media\/3297"}],"wp:attachment":[{"href":"https:\/\/jornalfax.net\/index.php\/wp-json\/wp\/v2\/media?parent=3296"}],"wp:term":[{"taxonomy":"category","embeddable":true,"href":"https:\/\/jornalfax.net\/index.php\/wp-json\/wp\/v2\/categories?post=3296"},{"taxonomy":"post_tag","embeddable":true,"href":"https:\/\/jornalfax.net\/index.php\/wp-json\/wp\/v2\/tags?post=3296"}],"curies":[{"name":"wp","href":"https:\/\/api.w.org\/{rel}","templated":true}]}}