{"id":3162,"date":"2024-07-23T18:16:12","date_gmt":"2024-07-23T21:16:12","guid":{"rendered":"https:\/\/jornalfax.net\/?p=3162"},"modified":"2024-07-23T18:16:13","modified_gmt":"2024-07-23T21:16:13","slug":"joao-lourenco-afirma-que-ha-interesse-que-empresas-angolanas-crescam-e-se-internacionalizem-passando-por-portugal","status":"publish","type":"post","link":"https:\/\/jornalfax.net\/index.php\/2024\/07\/23\/joao-lourenco-afirma-que-ha-interesse-que-empresas-angolanas-crescam-e-se-internacionalizem-passando-por-portugal\/","title":{"rendered":"JO\u00c3O LOUREN\u00c7O AFIRMA QUE \u201cH\u00c1 INTERESSE QUE EMPRESAS ANGOLANAS CRES\u00c7AM E SE INTERNACIONALIZEM PASSANDO POR PORTUGAL\u201d"},"content":{"rendered":"\n<p>O Presidente da Rep\u00fablica, Jo\u00e3o Louren\u00e7o, referiu, esta ter\u00e7a-feira, que todas as empresas portuguesas s\u00e3o bem-vindas em Angola e que tamb\u00e9m &#8220;h\u00e1 interesse em que as empresas angolanas cres\u00e7am e se internacionalizem passando por Portugal&#8221;.<\/p>\n\n\n\n<p>JORNAL FAX: PASCOAL ZUA<\/p>\n\n\n\n<p>O Chefe de Estado falava \u00e0 imprensa, ap\u00f3s um encontro com o Primeiro-Ministro portugu\u00eas, Lu\u00eds Montenegro, e a assinatura de instrumentos jur\u00eddicos entre as delega\u00e7\u00f5es dos dois Estados.<\/p>\n\n\n\n<p>Para o Presidente Jo\u00e3o Louren\u00e7o, o n\u00famero de instrumentos jur\u00eddicos assinados hoje, um total de 12, demonstra a import\u00e2ncia das rela\u00e7\u00f5es entre Angola e Portugal.<\/p>\n\n\n\n<p>\u00cdntegra do DISCURSO DE JO\u00c3O LOUREN\u00c7O, PRESIDENTE DA REP\u00daBLICA DE ANGOLA, NA VISITA A LUANDA DE LU\u00cdS FILIPE MONTENEGRO, PRIMEIRO-MINISTRO DE PORTUGAL<\/p>\n\n\n\n<p>Sua Excel\u00eancia Senhor Lu\u00eds Montenegro, Primeiro-Ministro da Rep\u00fablica Portuguesa<\/p>\n\n\n\n<p>Excelent\u00edssimos Senhores Ministros;<\/p>\n\n\n\n<p>Distintos Membros das Delega\u00e7\u00f5es,<\/p>\n\n\n\n<p>Minhas Senhoras e Meus Senhores,<\/p>\n\n\n\n<p>Excel\u00eancias,<\/p>\n\n\n\n<p>Permita-me, Senhor Primeiro-Ministro, que d\u00ea a si e \u00e0 delega\u00e7\u00e3o que o acompanha, as boas-vindas a Angola, nesta sua primeira visita ao nosso pa\u00eds ap\u00f3s ter assumido as suas fun\u00e7\u00f5es em Mar\u00e7o do corrente ano.<\/p>\n\n\n\n<p>Regozijo-me profundamente com esta visita oficial que realiza a Angola, onde, depois do encontro que mantivemos em Lisboa h\u00e1 cerca de tr\u00eas meses, teremos novamente a oportunidade de voltarmos a fazer uma an\u00e1lise das rela\u00e7\u00f5es bilaterais entre os nossos pa\u00edses.<\/p>\n\n\n\n<p>Este curto espa\u00e7o de tempo que permeia os encontros entre n\u00f3s \u00e9 um inequ\u00edvoco sinal do dinamismo, do vigor e do grande interesse m\u00fatuo que est\u00e1 na base da intensa coopera\u00e7\u00e3o que se desenvolve entre Angola e Portugal e que se processa de forma transversal abrangendo praticamente todos os sectores da vida nacional dos nossos pa\u00edses Teremos certamente a oportunidade, nesta sua visita a Angola, de alinhar as nossas vis\u00f5es e os nossos pontos de vista sobre os aspectos que merecem uma aten\u00e7\u00e3o mais centrada na necessidade de dinamizarmos a coopera\u00e7\u00e3o naqueles sectores que, sendo vitais para as economias dos nossos pa\u00edses, ainda n\u00e3o adquiriram a velocidade desejada, nem o grau de implementa\u00e7\u00e3o suficientemente aceit\u00e1vel, para que possamos fazer um balan\u00e7o ainda mais satisfat\u00f3rio da coopera\u00e7\u00e3o bilateral do que o que temos podido registar at\u00e9 ao presente momento, nestas quase cinco d\u00e9cadas de interc\u00e2mbio entre n\u00f3s.<\/p>\n\n\n\n<p>Depois de termos assinado aqui em Luanda, no ano passado, o Programa Estrat\u00e9gico de Coopera\u00e7\u00e3o (PEC) 2023-2027 que abarca \u00e1reas sens\u00edveis como a educa\u00e7\u00e3o, a sa\u00fade, a justi\u00e7a, a seguran\u00e7a e a agricultura, as quais, no \u00e2mbito deste PEC, t\u00eam funcionado adequadamente, conviria que, relativamente aos outros sectores que tamb\u00e9m dele fazem parte, se promovessem iniciativas capazes de activar a sua implementa\u00e7\u00e3o com a mesma efici\u00eancia que se verifica em rela\u00e7\u00e3o aos que fiz refer\u00eancia.<\/p>\n\n\n\n<p>Senhor Primeiro-Ministro<\/p>\n\n\n\n<p>Excel\u00eancias,<\/p>\n\n\n\n<p>Tal como disse anteriormente, os nossos pa\u00edses t\u00eam realizado um vasto leque de ac\u00e7\u00f5es de coopera\u00e7\u00e3o em muitos dom\u00ednios, mas penso que ainda h\u00e1 espa\u00e7o noutros, sobretudo ao n\u00edvel da juventude, em que a Rep\u00fablica de Angola estabeleceu prioridades que pretende atender e resolver com o apoio de Portugal, real\u00e7ando, neste cap\u00edtulo, a forma\u00e7\u00e3o t\u00e9cnico-profissional em ramos que s\u00e3o fundamentais para o funcionamento da economia angolana.<\/p>\n\n\n\n<p>\u00c9 essencial que Angola disponha de um vasto n\u00famero de quadros jovens bem preparados para responder \u00e0 grande demanda neste dom\u00ednio, sentida internamente pelas institui\u00e7\u00f5es p\u00fablicas e privadas do nosso pa\u00eds e, tamb\u00e9m, por investidores que procuram o mercado nacional para realizar neg\u00f3cios.<\/p>\n\n\n\n<p>Todos os passos que temos vindo a dar ao longo destes anos no \u00e2mbito da coopera\u00e7\u00e3o com Portugal t\u00eam o claro objectivo de favorecer a melhoria das condi\u00e7\u00f5es de vida dos nossos respectivos povos e, neste cap\u00edtulo, \u00e9 importante reconhecer-se que o balan\u00e7o que fazemos deste esfor\u00e7o comum \u00e9 positivo, mesmo que subsista a percep\u00e7\u00e3o de que \u00e9 poss\u00edvel fazer muito mais e \u00e0s vezes mais depressa, para concluirmos projectos e obras em prazos que atendam as preocupa\u00e7\u00f5es sobre o desenvolvimento dos destinat\u00e1rios da nossa ac\u00e7\u00e3o, que s\u00e3o sempre as pessoas e as economias de Angola e de Portugal.<\/p>\n\n\n\n<p>Sabendo que as rela\u00e7\u00f5es entre o povo angolano e o povo portugu\u00eas envolvem tamb\u00e9m o lado afectivo e fraterno com os quais temos de procurar lidar sempre com muita sensibilidade, \u00e9 quase imperioso que, no plano bilateral, construamos canais mais abertos e fluidos que facilitem e promovam cada vez mais o interc\u00e2mbio entre os nossos povos e na\u00e7\u00f5es.<\/p>\n\n\n\n<p>Na perspectiva cont\u00ednua de procurarmos intensificar e aprofundar as nossas rela\u00e7\u00f5es, vamos conseguindo identificar \u00e1reas de coopera\u00e7\u00e3o para as quais foi definido o quadro legal em que elas se v\u00e3o processar.<\/p>\n\n\n\n<p>Perante este facto, sinto-me no dever de anunciar com grande satisfa\u00e7\u00e3o que assinaremos, como Vossa Excel\u00eancia sabe, oito instrumentos jur\u00eddicos de coopera\u00e7\u00e3o que constituem a base em que se desenvolver\u00e3o novas iniciativas e ac\u00e7\u00f5es voltadas para o alargamento e aprofundamento do interc\u00e2mbio entre os nossos pa\u00edses, de que esperamos obter resultados tang\u00edveis.<\/p>\n\n\n\n<p>Senhor Primeiro-Ministro<\/p>\n\n\n\n<p>Excel\u00eancias,<\/p>\n\n\n\n<p>O quadro actual das rela\u00e7\u00f5es internacionais \u00e9 complexo e encerra perigos que requerem de todos n\u00f3s uma vis\u00e3o realista e pragm\u00e1tica sobre os caminhos a seguir para que se consiga p\u00f4r cobro aos conflitos que se desenrolam no Leste da Rep\u00fablica.<\/p>\n\n\n\n<p>Democr\u00e1tica do Congo, no Sud\u00e3o e em outras regi\u00f5es do continente africano.<\/p>\n\n\n\n<p>A nossa perspectiva sobre um mundo de paz, de conc\u00f3rdia e de entendimento entre as na\u00e7\u00f5es \u00e9 o pilar sobre o qual devem assentar todos os esfor\u00e7os que conduzam \u00e0 resolu\u00e7\u00e3o dos grandes problemas que o mundo enfrenta, para que, na base de uma ac\u00e7\u00e3o convergente, se consiga vencer as guerras, o terrorismo, o extremismo violento, as altera\u00e7\u00f5es clim\u00e1ticas e suas consequ\u00eancias, as epidemias, a fome e a mis\u00e9ria e outros males que constituem uma s\u00e9ria amea\u00e7a para o nosso planeta e, por conseguinte, para a nossa sobreviv\u00eancia como seres humanos.<\/p>\n\n\n\n<p>Preocupa-nos seriamente a Guerra na Ucr\u00e2nia e o Conflito no M\u00e9dio Oriente, cuja viol\u00eancia e intensidade v\u00eam recrudescendo a uma escala regional, pressagiando uma deflagra\u00e7\u00e3o de grandes propor\u00e7\u00f5es, cujas consequ\u00eancias todos tememos e que, por isto, devemos evitar a todo o custo.<\/p>\n\n\n\n<p>Este quadro sombrio que se observa nestes tempos cr\u00edticos em que prevalece a lei do mais forte e o desrespeito e viola\u00e7\u00e3o do Direito internacional e das normas e princ\u00edpios defendidos pela Carta da Organiza\u00e7\u00e3o das Na\u00e7\u00f5es Unidas de que somos todos membros, deve despertar nas consci\u00eancias das lideran\u00e7as mundiais a urg\u00eancia de que prevale\u00e7a sempre o valor e a poderosa for\u00e7a do di\u00e1logo, para que, na base das normas convencionais que regem as rela\u00e7\u00f5es entre Estados, se busquem solu\u00e7\u00f5es de paz para estes intrincados e dif\u00edceis problemas que amea\u00e7am a paz e a seguran\u00e7a mundial.<\/p>\n\n\n\n<p>Devemos todos trabalhar e contribuir para que se ponha um fim definitivo \u00e0 guerra contra a Ucr\u00e2nia, \u00e0 ocupa\u00e7\u00e3o e anexa\u00e7\u00e3o de partes do seu territ\u00f3rio e se encontrem os caminhos para a constru\u00e7\u00e3o de uma paz duradoura na Europa.<\/p>\n\n\n\n<p>Os ataques de 7 de Outubro passado contra indefesos cidad\u00e3os israelitas e que mereceram a seu devido tempo a condena\u00e7\u00e3o internacional, n\u00e3o podem justificar a ac\u00e7\u00e3o desproporcional e desumana a que o mundo vem assistindo desde aquela data contra a vida de um muito elevado n\u00famero de civis palestinos na faixa de Gaza e n\u00e3o s\u00f3, na sua maioria velhos, mulheres, doentes internados, crian\u00e7as e beb\u00eas de tenra idade.<\/p>\n\n\n\n<p>N\u00e3o podemos ser c\u00famplices passivos perante tamanhas atrocidades que j\u00e1 dizimaram cerca de quarenta mil vidas humanas em aproximadamente oito meses.<\/p>\n\n\n\n<p>Isto tamb\u00e9m deve merecer a condena\u00e7\u00e3o e repulsa da comunidade internacional em termos vigorosos e impelir-nos a exigir a implementa\u00e7\u00e3o das resolu\u00e7\u00f5es do Conselho de Seguran\u00e7a das Na\u00e7\u00f5es Unidas, que apontam para a necessidade da cria\u00e7\u00e3o do Estado da Palestina, numa solu\u00e7\u00e3o de dois Estados soberanos vizinhos a viverem lado a lado pac\u00edfica e amigavelmente.<\/p>\n\n\n\n<p>A hist\u00f3ria est\u00e1 repleta de bons exemplos de pa\u00edses outrora inimigos hoje amigos e at\u00e9 parceiros estrat\u00e9gicos que desenvolvem uma salutar coopera\u00e7\u00e3o econ\u00f3mica e at\u00e9 militar. Este seria com certeza mais um caso de sucesso da diplomacia internacional, que contribuiria para o refor\u00e7o da paz e da seguran\u00e7a universal.<\/p>\n\n\n\n<p>Senhor Primeiro-Ministro<\/p>\n\n\n\n<p>Excel\u00eancias,<\/p>\n\n\n\n<p>Deixe-me expressar o meu desejo de que tenha uma boa e frutuosa estadia em Angola durante esta sua visita oficial.<\/p>\n\n\n\n<p>Muito Obrigado pela aten\u00e7\u00e3o.<\/p>\n","protected":false},"excerpt":{"rendered":"<p>O Presidente da Rep\u00fablica, Jo\u00e3o Louren\u00e7o, referiu, esta ter\u00e7a-feira, que todas as empresas portuguesas s\u00e3o bem-vindas em Angola e que tamb\u00e9m &#8220;h\u00e1 interesse em que as empresas angolanas cres\u00e7am e se internacionalizem passando por Portugal&#8221;. JORNAL FAX: PASCOAL ZUA O Chefe de Estado falava \u00e0 imprensa, ap\u00f3s um encontro com o Primeiro-Ministro portugu\u00eas, Lu\u00eds Montenegro, [&hellip;]<\/p>\n<div class='heateor_sss_sharing_container heateor_sss_vertical_sharing heateor_sss_bottom_sharing' style='width:44px;left: -10px;top: 100px;-webkit-box-shadow:none;box-shadow:none;' data-heateor-sss-href='https:\/\/jornalfax.net\/index.php\/wp-json\/wp\/v2\/posts\/3162'><div class=\"heateor_sss_sharing_ul\"><a aria-label=\"Facebook\" class=\"heateor_sss_facebook\" href=\"https:\/\/www.facebook.com\/sharer\/sharer.php?u=https%3A%2F%2Fjornalfax.net%2Findex.php%2Fwp-json%2Fwp%2Fv2%2Fposts%2F3162\" title=\"Facebook\" rel=\"nofollow noopener\" target=\"_blank\" style=\"font-size:32px!important;box-shadow:none;display:inline-block;vertical-align:middle\"><span class=\"heateor_sss_svg\" style=\"background-color:#0765FE;width:40px;height:40px;margin:0;display:inline-block;opacity:1;float:left;font-size:32px;box-shadow:none;display:inline-block;font-size:16px;padding:0 4px;vertical-align:middle;background-repeat:repeat;overflow:hidden;padding:0;cursor:pointer;box-sizing:content-box\"><svg style=\"display:block;\" focusable=\"false\" aria-hidden=\"true\" xmlns=\"http:\/\/www.w3.org\/2000\/svg\" width=\"100%\" height=\"100%\" viewBox=\"0 0 32 32\"><path fill=\"#fff\" d=\"M28 16c0-6.627-5.373-12-12-12S4 9.373 4 16c0 5.628 3.875 10.35 9.101 11.647v-7.98h-2.474V16H13.1v-1.58c0-4.085 1.849-5.978 5.859-5.978.76 0 2.072.15 2.608.298v3.325c-.283-.03-.775-.045-1.386-.045-1.967 0-2.728.745-2.728 2.683V16h3.92l-.673 3.667h-3.247v8.245C23.395 27.195 28 22.135 28 16Z\"><\/path><\/svg><\/span><\/a><a aria-label=\"X\" class=\"heateor_sss_button_x\" href=\"https:\/\/twitter.com\/intent\/tweet?text=%20-%20&url=https%3A%2F%2Fjornalfax.net%2Findex.php%2Fwp-json%2Fwp%2Fv2%2Fposts%2F3162\" title=\"X\" rel=\"nofollow noopener\" target=\"_blank\" style=\"font-size:32px!important;box-shadow:none;display:inline-block;vertical-align:middle\"><span class=\"heateor_sss_svg heateor_sss_s__default heateor_sss_s_x\" style=\"background-color:#2a2a2a;width:40px;height:40px;margin:0;display:inline-block;opacity:1;float:left;font-size:32px;box-shadow:none;display:inline-block;font-size:16px;padding:0 4px;vertical-align:middle;background-repeat:repeat;overflow:hidden;padding:0;cursor:pointer;box-sizing:content-box\"><svg width=\"100%\" height=\"100%\" style=\"display:block;\" focusable=\"false\" aria-hidden=\"true\" xmlns=\"http:\/\/www.w3.org\/2000\/svg\" viewBox=\"0 0 32 32\"><path fill=\"#fff\" d=\"M21.751 7h3.067l-6.7 7.658L26 25.078h-6.172l-4.833-6.32-5.531 6.32h-3.07l7.167-8.19L6 7h6.328l4.37 5.777L21.75 7Zm-1.076 16.242h1.7L11.404 8.74H9.58l11.094 14.503Z\"><\/path><\/svg><\/span><\/a><a aria-label=\"Reddit\" class=\"heateor_sss_button_reddit\" href=\"http:\/\/reddit.com\/submit?url=https%3A%2F%2Fjornalfax.net%2Findex.php%2Fwp-json%2Fwp%2Fv2%2Fposts%2F3162&title=%20-%20\" title=\"Reddit\" rel=\"nofollow noopener\" target=\"_blank\" style=\"font-size:32px!important;box-shadow:none;display:inline-block;vertical-align:middle\"><span class=\"heateor_sss_svg heateor_sss_s__default heateor_sss_s_reddit\" style=\"background-color:#ff5700;width:40px;height:40px;margin:0;display:inline-block;opacity:1;float:left;font-size:32px;box-shadow:none;display:inline-block;font-size:16px;padding:0 4px;vertical-align:middle;background-repeat:repeat;overflow:hidden;padding:0;cursor:pointer;box-sizing:content-box\"><svg style=\"display:block;\" focusable=\"false\" aria-hidden=\"true\" xmlns=\"http:\/\/www.w3.org\/2000\/svg\" width=\"100%\" height=\"100%\" viewBox=\"-3.5 -3.5 39 39\"><path d=\"M28.543 15.774a2.953 2.953 0 0 0-2.951-2.949 2.882 2.882 0 0 0-1.9.713 14.075 14.075 0 0 0-6.85-2.044l1.38-4.349 3.768.884a2.452 2.452 0 1 0 .24-1.176l-4.274-1a.6.6 0 0 0-.709.4l-1.659 5.224a14.314 14.314 0 0 0-7.316 2.029 2.908 2.908 0 0 0-1.872-.681 2.942 2.942 0 0 0-1.618 5.4 5.109 5.109 0 0 0-.062.765c0 4.158 5.037 7.541 11.229 7.541s11.22-3.383 11.22-7.541a5.2 5.2 0 0 0-.053-.706 2.963 2.963 0 0 0 1.427-2.51zm-18.008 1.88a1.753 1.753 0 0 1 1.73-1.74 1.73 1.73 0 0 1 1.709 1.74 1.709 1.709 0 0 1-1.709 1.711 1.733 1.733 0 0 1-1.73-1.711zm9.565 4.968a5.573 5.573 0 0 1-4.081 1.272h-.032a5.576 5.576 0 0 1-4.087-1.272.6.6 0 0 1 .844-.854 4.5 4.5 0 0 0 3.238.927h.032a4.5 4.5 0 0 0 3.237-.927.6.6 0 1 1 .844.854zm-.331-3.256a1.726 1.726 0 1 1 1.709-1.712 1.717 1.717 0 0 1-1.712 1.712z\" fill=\"#fff\"\/><\/svg><\/span><\/a><a aria-label=\"Linkedin\" class=\"heateor_sss_button_linkedin\" href=\"https:\/\/www.linkedin.com\/sharing\/share-offsite\/?url=https%3A%2F%2Fjornalfax.net%2Findex.php%2Fwp-json%2Fwp%2Fv2%2Fposts%2F3162\" title=\"Linkedin\" rel=\"nofollow noopener\" target=\"_blank\" style=\"font-size:32px!important;box-shadow:none;display:inline-block;vertical-align:middle\"><span class=\"heateor_sss_svg heateor_sss_s__default heateor_sss_s_linkedin\" style=\"background-color:#0077b5;width:40px;height:40px;margin:0;display:inline-block;opacity:1;float:left;font-size:32px;box-shadow:none;display:inline-block;font-size:16px;padding:0 4px;vertical-align:middle;background-repeat:repeat;overflow:hidden;padding:0;cursor:pointer;box-sizing:content-box\"><svg style=\"display:block;\" focusable=\"false\" aria-hidden=\"true\" xmlns=\"http:\/\/www.w3.org\/2000\/svg\" width=\"100%\" height=\"100%\" viewBox=\"0 0 32 32\"><path d=\"M6.227 12.61h4.19v13.48h-4.19V12.61zm2.095-6.7a2.43 2.43 0 0 1 0 4.86c-1.344 0-2.428-1.09-2.428-2.43s1.084-2.43 2.428-2.43m4.72 6.7h4.02v1.84h.058c.56-1.058 1.927-2.176 3.965-2.176 4.238 0 5.02 2.792 5.02 6.42v7.395h-4.183v-6.56c0-1.564-.03-3.574-2.178-3.574-2.18 0-2.514 1.7-2.514 3.46v6.668h-4.187V12.61z\" fill=\"#fff\"><\/path><\/svg><\/span><\/a><a aria-label=\"Pinterest\" class=\"heateor_sss_button_pinterest\" href=\"https:\/\/jornalfax.net\/index.php\/wp-json\/wp\/v2\/posts\/3162\" onclick=\"event.preventDefault();javascript:void( (function() {var e=document.createElement('script' );e.setAttribute('type','text\/javascript' );e.setAttribute('charset','UTF-8' );e.setAttribute('src','\/\/assets.pinterest.com\/js\/pinmarklet.js?r='+Math.random()*99999999);document.body.appendChild(e)})());\" title=\"Pinterest\" rel=\"noopener\" style=\"font-size:32px!important;box-shadow:none;display:inline-block;vertical-align:middle\"><span class=\"heateor_sss_svg heateor_sss_s__default heateor_sss_s_pinterest\" style=\"background-color:#cc2329;width:40px;height:40px;margin:0;display:inline-block;opacity:1;float:left;font-size:32px;box-shadow:none;display:inline-block;font-size:16px;padding:0 4px;vertical-align:middle;background-repeat:repeat;overflow:hidden;padding:0;cursor:pointer;box-sizing:content-box\"><svg style=\"display:block;\" focusable=\"false\" aria-hidden=\"true\" xmlns=\"http:\/\/www.w3.org\/2000\/svg\" width=\"100%\" height=\"100%\" viewBox=\"-2 -2 35 35\"><path fill=\"#fff\" d=\"M16.539 4.5c-6.277 0-9.442 4.5-9.442 8.253 0 2.272.86 4.293 2.705 5.046.303.125.574.005.662-.33.061-.231.205-.816.27-1.06.088-.331.053-.447-.191-.736-.532-.627-.873-1.439-.873-2.591 0-3.338 2.498-6.327 6.505-6.327 3.548 0 5.497 2.168 5.497 5.062 0 3.81-1.686 7.025-4.188 7.025-1.382 0-2.416-1.142-2.085-2.545.397-1.674 1.166-3.48 1.166-4.689 0-1.081-.581-1.983-1.782-1.983-1.413 0-2.548 1.462-2.548 3.419 0 1.247.421 2.091.421 2.091l-1.699 7.199c-.505 2.137-.076 4.755-.039 5.019.021.158.223.196.314.077.13-.17 1.813-2.247 2.384-4.324.162-.587.929-3.631.929-3.631.46.876 1.801 1.646 3.227 1.646 4.247 0 7.128-3.871 7.128-9.053.003-3.918-3.317-7.568-8.361-7.568z\"\/><\/svg><\/span><\/a><a aria-label=\"Mastodon\" class=\"heateor_sss_button_mastodon\" href=\"https:\/\/mastodon.social\/share?text=https%3A%2F%2Fjornalfax.net%2Findex.php%2Fwp-json%2Fwp%2Fv2%2Fposts%2F3162&title=%20-%20\" title=\"Mastodon\" rel=\"nofollow noopener\" target=\"_blank\" style=\"font-size:32px!important;box-shadow:none;display:inline-block;vertical-align:middle\"><span class=\"heateor_sss_svg heateor_sss_s__default heateor_sss_s_mastodon\" style=\"background-color:#6364FF;width:40px;height:40px;margin:0;display:inline-block;opacity:1;float:left;font-size:32px;box-shadow:none;display:inline-block;font-size:16px;padding:0 4px;vertical-align:middle;background-repeat:repeat;overflow:hidden;padding:0;cursor:pointer;box-sizing:content-box\"><svg style=\"display:block;\" focusable=\"false\" aria-hidden=\"true\" xmlns=\"http:\/\/www.w3.org\/2000\/svg\" width=\"100%\" height=\"100%\" viewBox=\"-3.5 -3.5 39 39\"><path d=\"M27 12c0-5.12-3.35-6.62-3.35-6.62C22 4.56 19.05 4.23 16 4.21c-3 0-5.92.35-7.61 1.12C8.36 5.33 5 6.83 5 12v4c.12 5 .92 9.93 5.54 11.16a17.67 17.67 0 005.44.6 10.88 10.88 0 004.18-.95l-.09-1.95a13.36 13.36 0 01-4.07.54c-2.12-.07-4.37-.23-4.71-2.84a5.58 5.58 0 01-.05-.73 27.46 27.46 0 004.73.63 26.76 26.76 0 004.68-.28c3-.35 5.53-2.17 5.85-3.83A39.25 39.25 0 0027 12zm-3.95 6.59h-2.46v-6c0-1.27-.53-1.91-1.6-1.91s-1.77.76-1.77 2.27v3.29h-2.44v-3.35c0-1.51-.59-2.27-1.77-2.27s-1.6.64-1.6 1.91v6H9v-6.18a4.49 4.49 0 011-3 3.39 3.39 0 012.63-1.12 3.17 3.17 0 012.84 1.44l.61 1 .61-1a3.17 3.17 0 012.84-1.44 3.39 3.39 0 012.63 1.12 4.49 4.49 0 011 3z\" fill=\"#fff\"><\/path><\/svg><\/span><\/a><a aria-label=\"Mix\" class=\"heateor_sss_button_mix\" href=\"https:\/\/mix.com\/mixit?url=https%3A%2F%2Fjornalfax.net%2Findex.php%2Fwp-json%2Fwp%2Fv2%2Fposts%2F3162\" title=\"Mix\" rel=\"nofollow noopener\" target=\"_blank\" style=\"font-size:32px!important;box-shadow:none;display:inline-block;vertical-align:middle\"><span class=\"heateor_sss_svg heateor_sss_s__default heateor_sss_s_mix\" style=\"background-color:#ff8226;width:40px;height:40px;margin:0;display:inline-block;opacity:1;float:left;font-size:32px;box-shadow:none;display:inline-block;font-size:16px;padding:0 4px;vertical-align:middle;background-repeat:repeat;overflow:hidden;padding:0;cursor:pointer;box-sizing:content-box\"><svg focusable=\"false\" aria-hidden=\"true\" xmlns=\"http:\/\/www.w3.org\/2000\/svg\" width=\"100%\" height=\"100%\" viewBox=\"-7 -8 45 45\"><g fill=\"#fff\"><path opacity=\".8\" d=\"M27.87 4.125c-5.224 0-9.467 4.159-9.467 9.291v2.89c0-1.306 1.074-2.362 2.399-2.362s2.399 1.056 2.399 2.362v1.204c0 1.306 1.074 2.362 2.399 2.362s2.399-1.056 2.399-2.362V4.134c-.036-.009-.082-.009-.129-.009\"\/><path d=\"M4 4.125v12.94c2.566 0 4.668-1.973 4.807-4.465v-2.214c0-.065 0-.12.009-.176.093-1.213 1.13-2.177 2.39-2.177 1.325 0 2.399 1.056 2.399 2.362v9.226c0 1.306 1.074 2.353 2.399 2.353s2.399-1.056 2.399-2.353v-6.206c0-5.132 4.233-9.291 9.467-9.291H4z\"\/><path opacity=\".8\" d=\"M4 17.074v8.438c0 1.306 1.074 2.362 2.399 2.362s2.399-1.056 2.399-2.362V12.61C8.659 15.102 6.566 17.074 4 17.074\"\/><\/g><\/svg><\/span><\/a><a aria-label=\"Whatsapp\" class=\"heateor_sss_whatsapp\" href=\"https:\/\/api.whatsapp.com\/send?text=%20-%20%20https%3A%2F%2Fjornalfax.net%2Findex.php%2Fwp-json%2Fwp%2Fv2%2Fposts%2F3162\" title=\"Whatsapp\" rel=\"nofollow noopener\" target=\"_blank\" style=\"font-size:32px!important;box-shadow:none;display:inline-block;vertical-align:middle\"><span class=\"heateor_sss_svg\" style=\"background-color:#55eb4c;width:40px;height:40px;margin:0;display:inline-block;opacity:1;float:left;font-size:32px;box-shadow:none;display:inline-block;font-size:16px;padding:0 4px;vertical-align:middle;background-repeat:repeat;overflow:hidden;padding:0;cursor:pointer;box-sizing:content-box\"><svg style=\"display:block;\" focusable=\"false\" aria-hidden=\"true\" xmlns=\"http:\/\/www.w3.org\/2000\/svg\" width=\"100%\" height=\"100%\" viewBox=\"-6 -5 40 40\"><path class=\"heateor_sss_svg_stroke heateor_sss_no_fill\" stroke=\"#fff\" stroke-width=\"2\" fill=\"none\" d=\"M 11.579798566743314 24.396926207859085 A 10 10 0 1 0 6.808479557110079 20.73576436351046\"><\/path><path d=\"M 7 19 l -1 6 l 6 -1\" class=\"heateor_sss_no_fill heateor_sss_svg_stroke\" stroke=\"#fff\" stroke-width=\"2\" fill=\"none\"><\/path><path d=\"M 10 10 q -1 8 8 11 c 5 -1 0 -6 -1 -3 q -4 -3 -5 -5 c 4 -2 -1 -5 -1 -4\" fill=\"#fff\"><\/path><\/svg><\/span><\/a><a class=\"heateor_sss_more\" aria-label=\"More\" title=\"More\" rel=\"nofollow noopener\" style=\"font-size: 32px!important;border:0;box-shadow:none;display:inline-block!important;font-size:16px;padding:0 4px;vertical-align: middle;display:inline;\" href=\"https:\/\/jornalfax.net\/index.php\/wp-json\/wp\/v2\/posts\/3162\" onclick=\"event.preventDefault()\"><span class=\"heateor_sss_svg\" style=\"background-color:#ee8e2d;width:40px;height:40px;margin:0;display:inline-block!important;opacity:1;float:left;font-size:32px!important;box-shadow:none;display:inline-block;font-size:16px;padding:0 4px;vertical-align:middle;display:inline;background-repeat:repeat;overflow:hidden;padding:0;cursor:pointer;box-sizing:content-box;\" onclick=\"heateorSssMoreSharingPopup(this, 'https:\/\/jornalfax.net\/index.php\/wp-json\/wp\/v2\/posts\/3162', '%20-%20', '' )\"><svg xmlns=\"http:\/\/www.w3.org\/2000\/svg\" xmlns:xlink=\"http:\/\/www.w3.org\/1999\/xlink\" viewBox=\"-.3 0 32 32\" version=\"1.1\" width=\"100%\" height=\"100%\" style=\"display:block;\" xml:space=\"preserve\"><g><path fill=\"#fff\" d=\"M18 14V8h-4v6H8v4h6v6h4v-6h6v-4h-6z\" fill-rule=\"evenodd\"><\/path><\/g><\/svg><\/span><\/a><\/div><div class=\"heateorSssClear\"><\/div><\/div>","protected":false},"author":1,"featured_media":3163,"comment_status":"closed","ping_status":"closed","sticky":false,"template":"","format":"standard","meta":{"footnotes":""},"categories":[23,28],"tags":[],"class_list":["post-3162","post","type-post","status-publish","format-standard","has-post-thumbnail","hentry","category-destaque","category-em-foco"],"yoast_head":"<!-- This site is optimized with the Yoast SEO plugin v24.3 - https:\/\/yoast.com\/wordpress\/plugins\/seo\/ -->\n<title>JO\u00c3O LOUREN\u00c7O AFIRMA QUE \u201cH\u00c1 INTERESSE QUE EMPRESAS ANGOLANAS CRES\u00c7AM E SE INTERNACIONALIZEM PASSANDO POR PORTUGAL\u201d -<\/title>\n<meta name=\"robots\" content=\"index, follow, max-snippet:-1, max-image-preview:large, max-video-preview:-1\" \/>\n<link rel=\"canonical\" href=\"https:\/\/jornalfax.net\/index.php\/2024\/07\/23\/joao-lourenco-afirma-que-ha-interesse-que-empresas-angolanas-crescam-e-se-internacionalizem-passando-por-portugal\/\" \/>\n<meta property=\"og:locale\" content=\"pt_BR\" \/>\n<meta property=\"og:type\" content=\"article\" \/>\n<meta property=\"og:title\" content=\"JO\u00c3O LOUREN\u00c7O AFIRMA QUE \u201cH\u00c1 INTERESSE QUE EMPRESAS ANGOLANAS CRES\u00c7AM E SE INTERNACIONALIZEM PASSANDO POR PORTUGAL\u201d -\" \/>\n<meta property=\"og:description\" content=\"O Presidente da Rep\u00fablica, Jo\u00e3o Louren\u00e7o, referiu, esta ter\u00e7a-feira, que todas as empresas portuguesas s\u00e3o bem-vindas em Angola e que tamb\u00e9m &#8220;h\u00e1 interesse em que as empresas angolanas cres\u00e7am e se internacionalizem passando por Portugal&#8221;. JORNAL FAX: PASCOAL ZUA O Chefe de Estado falava \u00e0 imprensa, ap\u00f3s um encontro com o Primeiro-Ministro portugu\u00eas, Lu\u00eds Montenegro, [&hellip;]\" \/>\n<meta property=\"og:url\" content=\"https:\/\/jornalfax.net\/index.php\/2024\/07\/23\/joao-lourenco-afirma-que-ha-interesse-que-empresas-angolanas-crescam-e-se-internacionalizem-passando-por-portugal\/\" \/>\n<meta property=\"article:published_time\" content=\"2024-07-23T21:16:12+00:00\" \/>\n<meta property=\"article:modified_time\" content=\"2024-07-23T21:16:13+00:00\" \/>\n<meta property=\"og:image\" content=\"http:\/\/jornalfax.net\/wp-content\/uploads\/2024\/07\/whatsapp_image_2024-07-23_at_14_712507903669fe2fd7f693.24.36.jpeg\" \/>\n\t<meta property=\"og:image:width\" content=\"620\" \/>\n\t<meta property=\"og:image:height\" content=\"413\" \/>\n\t<meta property=\"og:image:type\" content=\"image\/jpeg\" \/>\n<meta name=\"author\" content=\"jornalfax.net\" \/>\n<meta name=\"twitter:card\" content=\"summary_large_image\" \/>\n<meta name=\"twitter:label1\" content=\"Escrito por\" \/>\n\t<meta name=\"twitter:data1\" content=\"jornalfax.net\" \/>\n\t<meta name=\"twitter:label2\" content=\"Est. tempo de leitura\" \/>\n\t<meta name=\"twitter:data2\" content=\"8 minutos\" \/>\n<script type=\"application\/ld+json\" class=\"yoast-schema-graph\">{\"@context\":\"https:\/\/schema.org\",\"@graph\":[{\"@type\":\"WebPage\",\"@id\":\"https:\/\/jornalfax.net\/index.php\/2024\/07\/23\/joao-lourenco-afirma-que-ha-interesse-que-empresas-angolanas-crescam-e-se-internacionalizem-passando-por-portugal\/\",\"url\":\"https:\/\/jornalfax.net\/index.php\/2024\/07\/23\/joao-lourenco-afirma-que-ha-interesse-que-empresas-angolanas-crescam-e-se-internacionalizem-passando-por-portugal\/\",\"name\":\"JO\u00c3O LOUREN\u00c7O AFIRMA QUE \u201cH\u00c1 INTERESSE QUE EMPRESAS ANGOLANAS CRES\u00c7AM E SE INTERNACIONALIZEM PASSANDO POR PORTUGAL\u201d -\",\"isPartOf\":{\"@id\":\"https:\/\/jornalfax.net\/#website\"},\"primaryImageOfPage\":{\"@id\":\"https:\/\/jornalfax.net\/index.php\/2024\/07\/23\/joao-lourenco-afirma-que-ha-interesse-que-empresas-angolanas-crescam-e-se-internacionalizem-passando-por-portugal\/#primaryimage\"},\"image\":{\"@id\":\"https:\/\/jornalfax.net\/index.php\/2024\/07\/23\/joao-lourenco-afirma-que-ha-interesse-que-empresas-angolanas-crescam-e-se-internacionalizem-passando-por-portugal\/#primaryimage\"},\"thumbnailUrl\":\"https:\/\/jornalfax.net\/wp-content\/uploads\/2024\/07\/whatsapp_image_2024-07-23_at_14_712507903669fe2fd7f693.24.36.jpeg\",\"datePublished\":\"2024-07-23T21:16:12+00:00\",\"dateModified\":\"2024-07-23T21:16:13+00:00\",\"author\":{\"@id\":\"https:\/\/jornalfax.net\/#\/schema\/person\/ea5b5601e259b5e0c03c9cb7908e9ffd\"},\"breadcrumb\":{\"@id\":\"https:\/\/jornalfax.net\/index.php\/2024\/07\/23\/joao-lourenco-afirma-que-ha-interesse-que-empresas-angolanas-crescam-e-se-internacionalizem-passando-por-portugal\/#breadcrumb\"},\"inLanguage\":\"pt-BR\",\"potentialAction\":[{\"@type\":\"ReadAction\",\"target\":[\"https:\/\/jornalfax.net\/index.php\/2024\/07\/23\/joao-lourenco-afirma-que-ha-interesse-que-empresas-angolanas-crescam-e-se-internacionalizem-passando-por-portugal\/\"]}]},{\"@type\":\"ImageObject\",\"inLanguage\":\"pt-BR\",\"@id\":\"https:\/\/jornalfax.net\/index.php\/2024\/07\/23\/joao-lourenco-afirma-que-ha-interesse-que-empresas-angolanas-crescam-e-se-internacionalizem-passando-por-portugal\/#primaryimage\",\"url\":\"https:\/\/jornalfax.net\/wp-content\/uploads\/2024\/07\/whatsapp_image_2024-07-23_at_14_712507903669fe2fd7f693.24.36.jpeg\",\"contentUrl\":\"https:\/\/jornalfax.net\/wp-content\/uploads\/2024\/07\/whatsapp_image_2024-07-23_at_14_712507903669fe2fd7f693.24.36.jpeg\",\"width\":620,\"height\":413},{\"@type\":\"BreadcrumbList\",\"@id\":\"https:\/\/jornalfax.net\/index.php\/2024\/07\/23\/joao-lourenco-afirma-que-ha-interesse-que-empresas-angolanas-crescam-e-se-internacionalizem-passando-por-portugal\/#breadcrumb\",\"itemListElement\":[{\"@type\":\"ListItem\",\"position\":1,\"name\":\"In\u00edcio\",\"item\":\"https:\/\/jornalfax.net\/\"},{\"@type\":\"ListItem\",\"position\":2,\"name\":\"JO\u00c3O LOUREN\u00c7O AFIRMA QUE \u201cH\u00c1 INTERESSE QUE EMPRESAS ANGOLANAS CRES\u00c7AM E SE INTERNACIONALIZEM PASSANDO POR PORTUGAL\u201d\"}]},{\"@type\":\"WebSite\",\"@id\":\"https:\/\/jornalfax.net\/#website\",\"url\":\"https:\/\/jornalfax.net\/\",\"name\":\"\",\"description\":\"\",\"potentialAction\":[{\"@type\":\"SearchAction\",\"target\":{\"@type\":\"EntryPoint\",\"urlTemplate\":\"https:\/\/jornalfax.net\/?s={search_term_string}\"},\"query-input\":{\"@type\":\"PropertyValueSpecification\",\"valueRequired\":true,\"valueName\":\"search_term_string\"}}],\"inLanguage\":\"pt-BR\"},{\"@type\":\"Person\",\"@id\":\"https:\/\/jornalfax.net\/#\/schema\/person\/ea5b5601e259b5e0c03c9cb7908e9ffd\",\"name\":\"jornalfax.net\",\"sameAs\":[\"http:\/\/jornalfax.net\"],\"url\":\"https:\/\/jornalfax.net\/index.php\/author\/jornalfax-net\/\"}]}<\/script>\n<!-- \/ Yoast SEO plugin. -->","yoast_head_json":{"title":"JO\u00c3O LOUREN\u00c7O AFIRMA QUE \u201cH\u00c1 INTERESSE QUE EMPRESAS ANGOLANAS CRES\u00c7AM E SE INTERNACIONALIZEM PASSANDO POR PORTUGAL\u201d -","robots":{"index":"index","follow":"follow","max-snippet":"max-snippet:-1","max-image-preview":"max-image-preview:large","max-video-preview":"max-video-preview:-1"},"canonical":"https:\/\/jornalfax.net\/index.php\/2024\/07\/23\/joao-lourenco-afirma-que-ha-interesse-que-empresas-angolanas-crescam-e-se-internacionalizem-passando-por-portugal\/","og_locale":"pt_BR","og_type":"article","og_title":"JO\u00c3O LOUREN\u00c7O AFIRMA QUE \u201cH\u00c1 INTERESSE QUE EMPRESAS ANGOLANAS CRES\u00c7AM E SE INTERNACIONALIZEM PASSANDO POR PORTUGAL\u201d -","og_description":"O Presidente da Rep\u00fablica, Jo\u00e3o Louren\u00e7o, referiu, esta ter\u00e7a-feira, que todas as empresas portuguesas s\u00e3o bem-vindas em Angola e que tamb\u00e9m &#8220;h\u00e1 interesse em que as empresas angolanas cres\u00e7am e se internacionalizem passando por Portugal&#8221;. JORNAL FAX: PASCOAL ZUA O Chefe de Estado falava \u00e0 imprensa, ap\u00f3s um encontro com o Primeiro-Ministro portugu\u00eas, Lu\u00eds Montenegro, [&hellip;]","og_url":"https:\/\/jornalfax.net\/index.php\/2024\/07\/23\/joao-lourenco-afirma-que-ha-interesse-que-empresas-angolanas-crescam-e-se-internacionalizem-passando-por-portugal\/","article_published_time":"2024-07-23T21:16:12+00:00","article_modified_time":"2024-07-23T21:16:13+00:00","og_image":[{"width":620,"height":413,"url":"http:\/\/jornalfax.net\/wp-content\/uploads\/2024\/07\/whatsapp_image_2024-07-23_at_14_712507903669fe2fd7f693.24.36.jpeg","type":"image\/jpeg"}],"author":"jornalfax.net","twitter_card":"summary_large_image","twitter_misc":{"Escrito por":"jornalfax.net","Est. tempo de leitura":"8 minutos"},"schema":{"@context":"https:\/\/schema.org","@graph":[{"@type":"WebPage","@id":"https:\/\/jornalfax.net\/index.php\/2024\/07\/23\/joao-lourenco-afirma-que-ha-interesse-que-empresas-angolanas-crescam-e-se-internacionalizem-passando-por-portugal\/","url":"https:\/\/jornalfax.net\/index.php\/2024\/07\/23\/joao-lourenco-afirma-que-ha-interesse-que-empresas-angolanas-crescam-e-se-internacionalizem-passando-por-portugal\/","name":"JO\u00c3O LOUREN\u00c7O AFIRMA QUE \u201cH\u00c1 INTERESSE QUE EMPRESAS ANGOLANAS CRES\u00c7AM E SE INTERNACIONALIZEM PASSANDO POR PORTUGAL\u201d -","isPartOf":{"@id":"https:\/\/jornalfax.net\/#website"},"primaryImageOfPage":{"@id":"https:\/\/jornalfax.net\/index.php\/2024\/07\/23\/joao-lourenco-afirma-que-ha-interesse-que-empresas-angolanas-crescam-e-se-internacionalizem-passando-por-portugal\/#primaryimage"},"image":{"@id":"https:\/\/jornalfax.net\/index.php\/2024\/07\/23\/joao-lourenco-afirma-que-ha-interesse-que-empresas-angolanas-crescam-e-se-internacionalizem-passando-por-portugal\/#primaryimage"},"thumbnailUrl":"https:\/\/jornalfax.net\/wp-content\/uploads\/2024\/07\/whatsapp_image_2024-07-23_at_14_712507903669fe2fd7f693.24.36.jpeg","datePublished":"2024-07-23T21:16:12+00:00","dateModified":"2024-07-23T21:16:13+00:00","author":{"@id":"https:\/\/jornalfax.net\/#\/schema\/person\/ea5b5601e259b5e0c03c9cb7908e9ffd"},"breadcrumb":{"@id":"https:\/\/jornalfax.net\/index.php\/2024\/07\/23\/joao-lourenco-afirma-que-ha-interesse-que-empresas-angolanas-crescam-e-se-internacionalizem-passando-por-portugal\/#breadcrumb"},"inLanguage":"pt-BR","potentialAction":[{"@type":"ReadAction","target":["https:\/\/jornalfax.net\/index.php\/2024\/07\/23\/joao-lourenco-afirma-que-ha-interesse-que-empresas-angolanas-crescam-e-se-internacionalizem-passando-por-portugal\/"]}]},{"@type":"ImageObject","inLanguage":"pt-BR","@id":"https:\/\/jornalfax.net\/index.php\/2024\/07\/23\/joao-lourenco-afirma-que-ha-interesse-que-empresas-angolanas-crescam-e-se-internacionalizem-passando-por-portugal\/#primaryimage","url":"https:\/\/jornalfax.net\/wp-content\/uploads\/2024\/07\/whatsapp_image_2024-07-23_at_14_712507903669fe2fd7f693.24.36.jpeg","contentUrl":"https:\/\/jornalfax.net\/wp-content\/uploads\/2024\/07\/whatsapp_image_2024-07-23_at_14_712507903669fe2fd7f693.24.36.jpeg","width":620,"height":413},{"@type":"BreadcrumbList","@id":"https:\/\/jornalfax.net\/index.php\/2024\/07\/23\/joao-lourenco-afirma-que-ha-interesse-que-empresas-angolanas-crescam-e-se-internacionalizem-passando-por-portugal\/#breadcrumb","itemListElement":[{"@type":"ListItem","position":1,"name":"In\u00edcio","item":"https:\/\/jornalfax.net\/"},{"@type":"ListItem","position":2,"name":"JO\u00c3O LOUREN\u00c7O AFIRMA QUE \u201cH\u00c1 INTERESSE QUE EMPRESAS ANGOLANAS CRES\u00c7AM E SE INTERNACIONALIZEM PASSANDO POR PORTUGAL\u201d"}]},{"@type":"WebSite","@id":"https:\/\/jornalfax.net\/#website","url":"https:\/\/jornalfax.net\/","name":"","description":"","potentialAction":[{"@type":"SearchAction","target":{"@type":"EntryPoint","urlTemplate":"https:\/\/jornalfax.net\/?s={search_term_string}"},"query-input":{"@type":"PropertyValueSpecification","valueRequired":true,"valueName":"search_term_string"}}],"inLanguage":"pt-BR"},{"@type":"Person","@id":"https:\/\/jornalfax.net\/#\/schema\/person\/ea5b5601e259b5e0c03c9cb7908e9ffd","name":"jornalfax.net","sameAs":["http:\/\/jornalfax.net"],"url":"https:\/\/jornalfax.net\/index.php\/author\/jornalfax-net\/"}]}},"_links":{"self":[{"href":"https:\/\/jornalfax.net\/index.php\/wp-json\/wp\/v2\/posts\/3162","targetHints":{"allow":["GET"]}}],"collection":[{"href":"https:\/\/jornalfax.net\/index.php\/wp-json\/wp\/v2\/posts"}],"about":[{"href":"https:\/\/jornalfax.net\/index.php\/wp-json\/wp\/v2\/types\/post"}],"author":[{"embeddable":true,"href":"https:\/\/jornalfax.net\/index.php\/wp-json\/wp\/v2\/users\/1"}],"replies":[{"embeddable":true,"href":"https:\/\/jornalfax.net\/index.php\/wp-json\/wp\/v2\/comments?post=3162"}],"version-history":[{"count":1,"href":"https:\/\/jornalfax.net\/index.php\/wp-json\/wp\/v2\/posts\/3162\/revisions"}],"predecessor-version":[{"id":3164,"href":"https:\/\/jornalfax.net\/index.php\/wp-json\/wp\/v2\/posts\/3162\/revisions\/3164"}],"wp:featuredmedia":[{"embeddable":true,"href":"https:\/\/jornalfax.net\/index.php\/wp-json\/wp\/v2\/media\/3163"}],"wp:attachment":[{"href":"https:\/\/jornalfax.net\/index.php\/wp-json\/wp\/v2\/media?parent=3162"}],"wp:term":[{"taxonomy":"category","embeddable":true,"href":"https:\/\/jornalfax.net\/index.php\/wp-json\/wp\/v2\/categories?post=3162"},{"taxonomy":"post_tag","embeddable":true,"href":"https:\/\/jornalfax.net\/index.php\/wp-json\/wp\/v2\/tags?post=3162"}],"curies":[{"name":"wp","href":"https:\/\/api.w.org\/{rel}","templated":true}]}}