{"id":2970,"date":"2024-07-01T13:13:32","date_gmt":"2024-07-01T16:13:32","guid":{"rendered":"https:\/\/jornalfax.net\/?p=2970"},"modified":"2024-07-01T16:50:02","modified_gmt":"2024-07-01T19:50:02","slug":"carolina-cerqueira-discursa-na-abertura-do-forum-parlamentar-da-sadc","status":"publish","type":"post","link":"https:\/\/jornalfax.net\/index.php\/2024\/07\/01\/carolina-cerqueira-discursa-na-abertura-do-forum-parlamentar-da-sadc\/","title":{"rendered":"INTERVEN\u00c7\u00c3O DE CAROLINA CERQUEIRA, PAN DA REP\u00daBLICA DE ANGOLA POR OCASI\u00c3O DO LAN\u00c7AMENTO DO PLANO ESTRAT\u00c9GICO DO F\u00d3RUM PARLAMENTAR DA SADC 2024-2028"},"content":{"rendered":"\n<p>A presidente da Assembleia Nacional, Carolina Cerqueira, discursou, esta segunda-feira, na abertura da 55\u00aa edi\u00e7\u00e3o do F\u00f3rum Parlamentar da SADC, que decorre em Luanda.<\/p>\n\n\n\n<p>O evento vai acontecer at\u00e9 ao dia 7 deste m\u00eas, sob o lema &#8220;O Papel dos Parlamentos na Promo\u00e7\u00e3o de Pol\u00edticas de Energias Renov\u00e1veis e na Cria\u00e7\u00e3o de um Mercado Energ\u00e9tico Regional \u00danico\u201d.<\/p>\n\n\n\n<p>Durante cinco dias, para al\u00e9m das quest\u00f5es energ\u00e9ticas, os parlamentares da SADC v\u00e3o apreciar os relat\u00f3rios sobre o com\u00e9rcio, ind\u00fastria, finan\u00e7as, alimenta\u00e7\u00e3o e agricultura, diz o comunicado de imprensa enviado ao Jornal Fax.<\/p>\n\n\n\n<p>Integra do discurso de CAROLINA CERQUEIRA, PRESIDENTE DA ASSEMBLEIA NACIONAL DA REP\u00daBLICA DE ANGOLA POR OCASI\u00c3O DO LAN\u00c7AMENTO DO PLANO ESTRAT\u00c9GICO DO F\u00d3RUM PARLAMENTAR DA SADC (2024-2028) DURANTE A 55\u00aa PLEN\u00c1RIA DO F\u00d3RUM PARLAMENTAR DA SADC, EM LUANDA<\/p>\n\n\n\n<p>SAUDA\u00c7\u00d5ES!<\/p>\n\n\n\n<p>\u00c9 uma grande honra e privil\u00e9gio para mim dirigir-me hoje a esta distinta reuni\u00e3o, na ocasi\u00e3o do lan\u00e7amento do Plano Estrat\u00e9gico do F\u00f3rum Parlamentar da SADC para o per\u00edodo de 2024 a 2028, que est\u00e1 a decorrer \u00e0 margem da 55\u00aa Sess\u00e3o da Assembleia Plen\u00e1ria, acolhida pela Assembleia Nacional da Rep\u00fablica de Angola, aqui em Luanda.<\/p>\n\n\n\n<p>Antes de mais, permitam-me que, mais uma vez, d\u00ea as boas-vindas a todos os nossos convidados a Angola. N\u00e3o vos vou dizer para se sentirem em casa porque, de facto, aqui est\u00e3o em casa. Portanto, em nome da Assembleia Nacional, do povo angolano e em meu nome pessoal, dou-vos as boas-vindas \u00e0 vossa casa a Assembleia Nacional.<\/p>\n\n\n\n<p>Senhores Deputados, nossos ilustres parceiros, convidados, senhoras e senhores!<\/p>\n\n\n\n<p>Est\u00e1 estabelecido que o planeamento estrat\u00e9gico d\u00e1 a uma organiza\u00e7\u00e3o uma vantagem competitiva, uma vez que se baseia numa an\u00e1lise dos pontos fortes e fracos da organiza\u00e7\u00e3o. Tamb\u00e9m ajuda a organiza\u00e7\u00e3o a definir a sua actividade principal e a identificar as suas capacidades e vantagens comparativas.<\/p>\n\n\n\n<p>Ent\u00e3o, qual \u00e9 exactamente a nossa actividade principal como F\u00f3rum Parlamentar da SADC, e como \u00e9 que o plano estrat\u00e9gico nos pode permitir fazer melhor? Como todos sabemos, os mais de 3500 Parlamentares da SADC t\u00eam o dever sagrado de representar o nosso eleitorado &#8211; os cidad\u00e3os da SADC.<\/p>\n\n\n\n<p>O nosso trabalho abrange todas as \u00e1reas do esfor\u00e7o humano, na medida em que, num dia normal, um parlamentar pode ter de se envolver em quest\u00f5es t\u00e3o diversas como a sa\u00fade materno-infantil, a educa\u00e7\u00e3o, a or\u00e7amenta\u00e7\u00e3o e o planeamento, a gest\u00e3o das finan\u00e7as p\u00fablicas, o desenvolvimento da juventude, os avan\u00e7os tecnol\u00f3gicos (incluindo a intelig\u00eancia artificial), a agricultura e a seguran\u00e7a alimentar, a industrializa\u00e7\u00e3o, a gest\u00e3o da terra e da \u00e1gua, as altera\u00e7\u00f5es clim\u00e1ticas, a gest\u00e3o de cat\u00e1strofes, a igualdade de g\u00e9nero, a boa governa\u00e7\u00e3o, para mencionar apenas algumas. Literalmente, a vida das pessoas depende de n\u00f3s e do trabalho que fazemos. Por conseguinte, temos o dever de desempenhar esta enorme responsabilidade da melhor forma poss\u00edvel.<\/p>\n\n\n\n<p>SENHORES DEPUTADOS, NOSSOS DISTINTOS PARCEIROS, CONVIDADOS, SENHORAS E SENHORES!<\/p>\n\n\n\n<p>Uma vez que o F\u00f3rum \u00e9 a organiza\u00e7\u00e3o interparlamentar de topo na regi\u00e3o da \u00c1frica Austral, est\u00e1 bem posicionado para refor\u00e7ar as capacidades dos seus Parlamentos Membros e parceiros, de modo a permitir-lhes lidar eficazmente com as numerosas e cr\u00edticas quest\u00f5es contempor\u00e2neas que t\u00eam o potencial de impacto no ambiente socioecon\u00f3mico e geopol\u00edtico. O F\u00f3rum tamb\u00e9m proporciona um espa\u00e7o para os membros dos diferentes parlamentos interagirem e partilharem experi\u00eancias sobre quest\u00f5es de interesse para as pessoas que representam. Trata-se de uma plataforma de ideias com potencial para fornecer solu\u00e7\u00f5es para as quest\u00f5es mais prementes do nosso tempo. Sem este F\u00f3rum, os deputados enfrentariam situa\u00e7\u00f5es muito mais dif\u00edceis no exerc\u00edcio das suas fun\u00e7\u00f5es.<\/p>\n\n\n\n<p>SENHORAS E SENHORES DEPUTADOS, NOSSOS DISTINTOS PARCEIROS, CONVIDADOS, SENHORAS E SENHORES!<\/p>\n\n\n\n<p>\u00c9 com satisfa\u00e7\u00e3o que verifico que uma das principais aspira\u00e7\u00f5es do Plano Estrat\u00e9gico (2024-2028) consiste em revitalizar o envolvimento parlamentar com base nas fun\u00e7\u00f5es do Parlamento, nomeadamente a legisla\u00e7\u00e3o, a representa\u00e7\u00e3o, e o controlo e fiscaliza\u00e7\u00e3o. Este Plano Estrat\u00e9gico reconhece ainda que existe uma exig\u00eancia imperiosa dos cidad\u00e3os no sentido de aproximar o Parlamento dos cidad\u00e3os atrav\u00e9s de audi\u00e7\u00f5es p\u00fablicas, a fim de consolidar a democracia participativa. Al\u00e9m disso, o Plano Estrat\u00e9gico reitera a necessidade do F\u00f3rum desenvolver la\u00e7os duradouros com outros organismos interparlamentares em \u00c1frica e n\u00e3o s\u00f3, de modo a promover a avalia\u00e7\u00e3o comparativa e a lideran\u00e7a em mat\u00e9ria de padr\u00f5es normativos, tais como Leis Modelo e Padr\u00f5es M\u00ednimos, sobre os quais o F\u00f3rum desenvolveu uma experi\u00eancia consider\u00e1vel.<\/p>\n\n\n\n<p>SENHORAS E SENHORES DEPUTADOS, NOSSOS DISTINTOS PARCEIROS, CONVIDADOS, SENHORAS E SENHORES!<\/p>\n\n\n\n<p>As fun\u00e7\u00f5es do Parlamento demonstram a necessidade dos parlamentares responderem aos desafios contempor\u00e2neos e exigirem responsabilidade em quest\u00f5es de interesse para os cidad\u00e3os. \u00c9 particularmente importante que a lideran\u00e7a e o envolvimento do Parlamento sejam vistos como uma forma de proteger os grupos vulner\u00e1veis e marginalizados, as popula\u00e7\u00f5es alvo, bem como as v\u00edtimas das cat\u00e1strofes causadas pelas altera\u00e7\u00f5es clim\u00e1ticas que est\u00e1 a ocorrer na nossa regi\u00e3o. Al\u00e9m disso, a incorpora\u00e7\u00e3o no direito interno de cada Estado das leis modelos, dos protocolos da SADC, dos tratados de direitos humanos deve continuar a ser uma prioridade para os Parlamentos na tentativa de garantir que a regi\u00e3o atinja progressivamente os objectivos do Plano Estrat\u00e9gico Indicativo de Desenvolvimento Regional (RISDP) &#8211; 2020-2030 e da Agenda Sustent\u00e1vel 2030.<\/p>\n\n\n\n<p>Face ao exposto, no Plano Estrat\u00e9gico do FP da SADC 2024-2028, o F\u00f3rum promulgou a sua vis\u00e3o de ser o proponente de uma democracia inclusiva que privilegie os direitos humanos, a justi\u00e7a clim\u00e1tica e a prosperidade socioecon\u00f3mica para a \u00c1frica Austral.<\/p>\n\n\n\n<p>O F\u00f3rum tamb\u00e9m definiu a sua Miss\u00e3o de capacitar os Parlamentos da regi\u00e3o para exigir a implementa\u00e7\u00e3o de legisla\u00e7\u00e3o em defesa dos direitos humanos na sua extens\u00e3o m\u00e1xima, proteger o ambiente reduzindo o aquecimento global e promover medidas socioecon\u00f3micas que implementem os ODS, em particular o ODS 3 relativo \u00e0 sa\u00fade e bem-estar e o ODS 5 relativo \u00e0 igualdade de g\u00e9nero.<\/p>\n\n\n\n<p>O Plano Estrat\u00e9gico estabelece tamb\u00e9m os valores fundamentais do F\u00f3rum, que s\u00e3o partilhados tanto pelo pessoal como pelos parlamentares na implementa\u00e7\u00e3o das iniciativas do F\u00f3rum. Os valores fundamentais s\u00e3o centrados no desenvolvimento e nas pessoas.<\/p>\n\n\n\n<p>Constituem uma garantia \u00e9tica de que os representantes do povo e a sua institui\u00e7\u00e3o aderem a um conjunto de valores prescritos, tanto a n\u00edvel interno como nas suas rela\u00e7\u00f5es com terceiros.<\/p>\n\n\n\n<p>SENHORAS E SENHORES DEPUTADOS, NOSSOS ILUSTRES PARCEIROS, CONVIDADOS, MINHAS SENHORAS E MEUS SENHORES<\/p>\n\n\n\n<p>Com base nas prioridades identificadas, o F\u00f3rum estabeleceu para si pr\u00f3prio seis objectivos estrat\u00e9gicos no presente Plano Estrat\u00e9gico, como se segue:<\/p>\n\n\n\n<p>Objectivo Estrat\u00e9gico 1 &#8211; Alcan\u00e7ar uma melhoria de 40% na efic\u00e1cia e no desempenho parlamentar atrav\u00e9s de programas de desenvolvimento de capacidades sustent\u00e1veis para os deputados, os parlamentos nacionais e o pessoal, conforme est\u00e1 retratado nos principais indicadores de desempenho at\u00e9 2028.<\/p>\n\n\n\n<p>Objectivo estrat\u00e9gico 2 &#8211; Aumentar os n\u00edveis de satisfa\u00e7\u00e3o dos deputados para 75%, atrav\u00e9s de programas de desenvolvimento de capacidades e de apoio \u00e0 defesa de causas, adaptados \u00e0s suas necessidades e prioridades, at\u00e9 2028.<\/p>\n\n\n\n<p>Objectivo estrat\u00e9gico 3 &#8211; Conseguir uma melhoria de 20% na efici\u00eancia operacional e na transpar\u00eancia atrav\u00e9s de um melhor planeamento, gest\u00e3o financeira e governa\u00e7\u00e3o, tal como medido por indicadores-chave de desempenho e relat\u00f3rios de auditoria at\u00e9 2028.<\/p>\n\n\n\n<p>Objectivo estrat\u00e9gico 4 &#8211; Implementar com \u00eaxito iniciativas parlamentares que contribuam para enfrentar as altera\u00e7\u00f5es clim\u00e1ticas e promover o respeito pelo ambiente, resultando numa redu\u00e7\u00e3o mensur\u00e1vel das emiss\u00f5es de carbono de, pelo menos, 30% em compara\u00e7\u00e3o com o ano de refer\u00eancia at\u00e9 2028.<\/p>\n\n\n\n<p>Objectivo estrat\u00e9gico 5 &#8211; Aumentar a participa\u00e7\u00e3o do pessoal para 80% atrav\u00e9s de programas de desenvolvimento profissional, de um ambiente de trabalho favor\u00e1vel e de oportunidades de crescimento na carreira dentro do Secretariado, at\u00e9 2028.<\/p>\n\n\n\n<p>Objectivo Estrat\u00e9gico 6 &#8211; Garantir recursos financeiros sustent\u00e1veis, conforme determinado pelos Membros, para o funcionamento do FP da SADC at\u00e9 2028.<\/p>\n\n\n\n<p>SENHORAS E SENHORES DEPUTADOS, NOSSOS ILUSTRES PARCEIROS, CONVIDADOS, SENHORAS E SENHORES!<\/p>\n\n\n\n<p>Ter\u00e3o o prazer de constatar que, no desenvolvimento deste Plano Estrat\u00e9gico, foi adoptada uma abordagem consultiva. Os Senhores Deputados recordar\u00e3o que os consultores interagiram connosco durante a 54\u00aa Assembleia Plen\u00e1ria organizada pelo Parlamento das Maur\u00edcias numa sess\u00e3o especialmente organizada para o efeito. Antes disso, os funcion\u00e1rios dos Parlamentos membros, chefiados por funcion\u00e1rios e secret\u00e1rios-gerais, tamb\u00e9m contribu\u00edram para o Plano Estrat\u00e9gico, respondendo a question\u00e1rios e atrav\u00e9s de outros m\u00e9todos de contribui\u00e7\u00e3o. Consequentemente, este Plano Estrat\u00e9gico baseia-se em valores fundamentais que d\u00e3o cr\u00e9dito \u00e0 mem\u00f3ria institucional e \u00e0 sucess\u00e3o perene dos Parlamentos no contexto da separa\u00e7\u00e3o de poderes e da soberania parlamentar. Al\u00e9m disso, ao alavancar os princ\u00edpios da Gest\u00e3o Integrada Baseada em Resultados (GIRB), o Plano Estrat\u00e9gico enfatiza o monitoramento e a avalia\u00e7\u00e3o para medir o progresso e promover mudan\u00e7as sustent\u00e1veis. Desta forma, o Plano prepara o terreno para uma transforma\u00e7\u00e3o significativa e duradoura no seio do FP da SADC e na regi\u00e3o mais alargada da SADC.<\/p>\n\n\n\n<p>SENHORES DEPUTADOS, NOSSOS DISTINTOS PARCEIROS, CONVIDADOS, SENHORAS E SENHORES!<\/p>\n\n\n\n<p>A vis\u00e3o contida no Plano Estrat\u00e9gico \u00e9 a de uma SADC unificada, centrada no desenvolvimento socioecon\u00f3mico, na inova\u00e7\u00e3o e na paz, todos eles sustentados por Parlamentos fortes. O Plano Estrat\u00e9gico sublinha o compromisso da organiza\u00e7\u00e3o em promover institui\u00e7\u00f5es parlamentares inclusivas, coesas e eficazes, contribuindo, em \u00faltima an\u00e1lise, para o avan\u00e7o e a prosperidade da regi\u00e3o da \u00c1frica Austral.<\/p>\n\n\n\n<p>Em suma, este Plano Estrat\u00e9gico \u00e9 um nexo de todas as nossas contribui\u00e7\u00f5es, representa as nossas esperan\u00e7as e aspira\u00e7\u00f5es enquanto representantes dos povos da regi\u00e3o e a forma como esperamos alcan\u00e7\u00e1-las. Fornece um roteiro para o F\u00f3rum, indicando o nosso destino e orientando sobre como l\u00e1 chegar. Al\u00e9m disso, o Plano Estrat\u00e9gico cria um sentido de colabora\u00e7\u00e3o e de responsabilidade colectiva entre as principais partes interessadas.<\/p>\n\n\n\n<p>SENHORES DEPUTADOS, NOSSOS ILUSTRES PARCEIROS, CONVIDADOS, SENHORAS E SENHORES!<\/p>\n\n\n\n<p>O novo Plano anuncia uma nova era de iniciativas estrat\u00e9gicas do F\u00f3rum, com o objectivo de tornar os Parlamentos mais fortes e mais resistentes aos desafios perniciosos enfrentados pela regi\u00e3o. Este projecto ajuda a lideran\u00e7a do F\u00f3rum a definir a nossa actividade e a compreender o que \u00e9 o sucesso. Trata-se, por conseguinte, de um documento fundamental que todos n\u00f3s, enquanto Parlamentos membros do F\u00f3rum, devemos apoiar e trabalhar diligentemente para a realiza\u00e7\u00e3o dos seus objectivos.<\/p>\n\n\n\n<p>Nesta conjuntura, permitam-me que felicite o meu querido irm\u00e3o, o Honor\u00e1vel Presidente do F\u00f3rum e Presidente da Assembleia Nacional das Seychelles, todos os Honor\u00e1veis Presidentes e Membros do FP da SADC, bem como a nossa Secret\u00e1ria-Geral e a sua equipa pelo trabalho realizado para tra\u00e7ar este caminho para n\u00f3s pr\u00f3prios, \u00e0 medida que continuamos a servir os nossos cidad\u00e3os.<\/p>\n\n\n\n<p>Ao mesmo tempo, apelo a todos e aos nossos respectivos parlamentos para que se unam para apoiar o Secretariado na implementa\u00e7\u00e3o do Plano, de modo a podermos concretizar as prioridades identificadas.<\/p>\n\n\n\n<p>SENHORAS E SENHORES DEPUTADOS, NOSSOS ILUSTRES PARCEIROS, CONVIDADOS, SENHORAS E SENHORES!<\/p>\n\n\n\n<p>Por \u00faltimo, gostaria tamb\u00e9m de expressar a minha gratid\u00e3o aos nossos parceiros de coopera\u00e7\u00e3o e \u00e0s partes interessadas, incluindo representantes de organiza\u00e7\u00f5es da sociedade civil, ONG, minist\u00e9rios e entidades independentes, que contribu\u00edram para a elabora\u00e7\u00e3o do Plano Estrat\u00e9gico atrav\u00e9s de um vasto processo de consultas.<\/p>\n\n\n\n<p>Temos tamb\u00e9m uma d\u00edvida de gratid\u00e3o para com os v\u00e1rios cidad\u00e3os da SADC de todos os quadrantes da sociedade, que interagiram com as Comiss\u00f5es Permanentes e as Sess\u00f5es Conjuntas atrav\u00e9s de audi\u00eancias p\u00fablicas virtuais e destacaram muitas das quest\u00f5es socioecon\u00f3micas que foram integradas neste Plano Estrat\u00e9gico.<\/p>\n\n\n\n<p>Tenho agora a honra de lan\u00e7ar oficialmente o Plano Estrat\u00e9gico dos F\u00f3rum Parlamentar da SADC para o per\u00edodo de 2024 a 2028. Agrade\u00e7o-vos.<\/p>\n\n\n\n<p>&nbsp;&nbsp;&nbsp;&nbsp;&nbsp;&nbsp;&nbsp;&nbsp;&nbsp;&nbsp;&nbsp;&nbsp;&nbsp; CAROLINA CERQUEIRA<\/p>\n\n\n\n<p>PRESIDENTE DA ASSEMBLEIA NACIONAL<\/p>\n","protected":false},"excerpt":{"rendered":"<p>A presidente da Assembleia Nacional, Carolina Cerqueira, discursou, esta segunda-feira, na abertura da 55\u00aa edi\u00e7\u00e3o do F\u00f3rum Parlamentar da SADC, que decorre em Luanda. O evento vai acontecer at\u00e9 ao dia 7 deste m\u00eas, sob o lema &#8220;O Papel dos Parlamentos na Promo\u00e7\u00e3o de Pol\u00edticas de Energias Renov\u00e1veis e na Cria\u00e7\u00e3o de um Mercado Energ\u00e9tico [&hellip;]<\/p>\n<div class='heateor_sss_sharing_container heateor_sss_vertical_sharing heateor_sss_bottom_sharing' style='width:44px;left: -10px;top: 100px;-webkit-box-shadow:none;box-shadow:none;' data-heateor-sss-href='https:\/\/jornalfax.net\/index.php\/wp-json\/wp\/v2\/posts\/2970'><div class=\"heateor_sss_sharing_ul\"><a aria-label=\"Facebook\" class=\"heateor_sss_facebook\" href=\"https:\/\/www.facebook.com\/sharer\/sharer.php?u=https%3A%2F%2Fjornalfax.net%2Findex.php%2Fwp-json%2Fwp%2Fv2%2Fposts%2F2970\" title=\"Facebook\" rel=\"nofollow noopener\" target=\"_blank\" style=\"font-size:32px!important;box-shadow:none;display:inline-block;vertical-align:middle\"><span class=\"heateor_sss_svg\" style=\"background-color:#0765FE;width:40px;height:40px;margin:0;display:inline-block;opacity:1;float:left;font-size:32px;box-shadow:none;display:inline-block;font-size:16px;padding:0 4px;vertical-align:middle;background-repeat:repeat;overflow:hidden;padding:0;cursor:pointer;box-sizing:content-box\"><svg style=\"display:block;\" focusable=\"false\" aria-hidden=\"true\" xmlns=\"http:\/\/www.w3.org\/2000\/svg\" width=\"100%\" height=\"100%\" viewBox=\"0 0 32 32\"><path fill=\"#fff\" d=\"M28 16c0-6.627-5.373-12-12-12S4 9.373 4 16c0 5.628 3.875 10.35 9.101 11.647v-7.98h-2.474V16H13.1v-1.58c0-4.085 1.849-5.978 5.859-5.978.76 0 2.072.15 2.608.298v3.325c-.283-.03-.775-.045-1.386-.045-1.967 0-2.728.745-2.728 2.683V16h3.92l-.673 3.667h-3.247v8.245C23.395 27.195 28 22.135 28 16Z\"><\/path><\/svg><\/span><\/a><a aria-label=\"X\" class=\"heateor_sss_button_x\" href=\"https:\/\/twitter.com\/intent\/tweet?text=%20-%20&url=https%3A%2F%2Fjornalfax.net%2Findex.php%2Fwp-json%2Fwp%2Fv2%2Fposts%2F2970\" title=\"X\" rel=\"nofollow noopener\" target=\"_blank\" style=\"font-size:32px!important;box-shadow:none;display:inline-block;vertical-align:middle\"><span class=\"heateor_sss_svg heateor_sss_s__default heateor_sss_s_x\" style=\"background-color:#2a2a2a;width:40px;height:40px;margin:0;display:inline-block;opacity:1;float:left;font-size:32px;box-shadow:none;display:inline-block;font-size:16px;padding:0 4px;vertical-align:middle;background-repeat:repeat;overflow:hidden;padding:0;cursor:pointer;box-sizing:content-box\"><svg width=\"100%\" height=\"100%\" style=\"display:block;\" focusable=\"false\" aria-hidden=\"true\" xmlns=\"http:\/\/www.w3.org\/2000\/svg\" viewBox=\"0 0 32 32\"><path fill=\"#fff\" d=\"M21.751 7h3.067l-6.7 7.658L26 25.078h-6.172l-4.833-6.32-5.531 6.32h-3.07l7.167-8.19L6 7h6.328l4.37 5.777L21.75 7Zm-1.076 16.242h1.7L11.404 8.74H9.58l11.094 14.503Z\"><\/path><\/svg><\/span><\/a><a aria-label=\"Reddit\" class=\"heateor_sss_button_reddit\" href=\"http:\/\/reddit.com\/submit?url=https%3A%2F%2Fjornalfax.net%2Findex.php%2Fwp-json%2Fwp%2Fv2%2Fposts%2F2970&title=%20-%20\" title=\"Reddit\" rel=\"nofollow noopener\" target=\"_blank\" style=\"font-size:32px!important;box-shadow:none;display:inline-block;vertical-align:middle\"><span class=\"heateor_sss_svg heateor_sss_s__default heateor_sss_s_reddit\" style=\"background-color:#ff5700;width:40px;height:40px;margin:0;display:inline-block;opacity:1;float:left;font-size:32px;box-shadow:none;display:inline-block;font-size:16px;padding:0 4px;vertical-align:middle;background-repeat:repeat;overflow:hidden;padding:0;cursor:pointer;box-sizing:content-box\"><svg style=\"display:block;\" focusable=\"false\" aria-hidden=\"true\" xmlns=\"http:\/\/www.w3.org\/2000\/svg\" width=\"100%\" height=\"100%\" viewBox=\"-3.5 -3.5 39 39\"><path d=\"M28.543 15.774a2.953 2.953 0 0 0-2.951-2.949 2.882 2.882 0 0 0-1.9.713 14.075 14.075 0 0 0-6.85-2.044l1.38-4.349 3.768.884a2.452 2.452 0 1 0 .24-1.176l-4.274-1a.6.6 0 0 0-.709.4l-1.659 5.224a14.314 14.314 0 0 0-7.316 2.029 2.908 2.908 0 0 0-1.872-.681 2.942 2.942 0 0 0-1.618 5.4 5.109 5.109 0 0 0-.062.765c0 4.158 5.037 7.541 11.229 7.541s11.22-3.383 11.22-7.541a5.2 5.2 0 0 0-.053-.706 2.963 2.963 0 0 0 1.427-2.51zm-18.008 1.88a1.753 1.753 0 0 1 1.73-1.74 1.73 1.73 0 0 1 1.709 1.74 1.709 1.709 0 0 1-1.709 1.711 1.733 1.733 0 0 1-1.73-1.711zm9.565 4.968a5.573 5.573 0 0 1-4.081 1.272h-.032a5.576 5.576 0 0 1-4.087-1.272.6.6 0 0 1 .844-.854 4.5 4.5 0 0 0 3.238.927h.032a4.5 4.5 0 0 0 3.237-.927.6.6 0 1 1 .844.854zm-.331-3.256a1.726 1.726 0 1 1 1.709-1.712 1.717 1.717 0 0 1-1.712 1.712z\" fill=\"#fff\"\/><\/svg><\/span><\/a><a aria-label=\"Linkedin\" class=\"heateor_sss_button_linkedin\" href=\"https:\/\/www.linkedin.com\/sharing\/share-offsite\/?url=https%3A%2F%2Fjornalfax.net%2Findex.php%2Fwp-json%2Fwp%2Fv2%2Fposts%2F2970\" title=\"Linkedin\" rel=\"nofollow noopener\" target=\"_blank\" style=\"font-size:32px!important;box-shadow:none;display:inline-block;vertical-align:middle\"><span class=\"heateor_sss_svg heateor_sss_s__default heateor_sss_s_linkedin\" style=\"background-color:#0077b5;width:40px;height:40px;margin:0;display:inline-block;opacity:1;float:left;font-size:32px;box-shadow:none;display:inline-block;font-size:16px;padding:0 4px;vertical-align:middle;background-repeat:repeat;overflow:hidden;padding:0;cursor:pointer;box-sizing:content-box\"><svg style=\"display:block;\" focusable=\"false\" aria-hidden=\"true\" xmlns=\"http:\/\/www.w3.org\/2000\/svg\" width=\"100%\" height=\"100%\" viewBox=\"0 0 32 32\"><path d=\"M6.227 12.61h4.19v13.48h-4.19V12.61zm2.095-6.7a2.43 2.43 0 0 1 0 4.86c-1.344 0-2.428-1.09-2.428-2.43s1.084-2.43 2.428-2.43m4.72 6.7h4.02v1.84h.058c.56-1.058 1.927-2.176 3.965-2.176 4.238 0 5.02 2.792 5.02 6.42v7.395h-4.183v-6.56c0-1.564-.03-3.574-2.178-3.574-2.18 0-2.514 1.7-2.514 3.46v6.668h-4.187V12.61z\" fill=\"#fff\"><\/path><\/svg><\/span><\/a><a aria-label=\"Pinterest\" class=\"heateor_sss_button_pinterest\" href=\"https:\/\/jornalfax.net\/index.php\/wp-json\/wp\/v2\/posts\/2970\" onclick=\"event.preventDefault();javascript:void( (function() {var e=document.createElement('script' );e.setAttribute('type','text\/javascript' );e.setAttribute('charset','UTF-8' );e.setAttribute('src','\/\/assets.pinterest.com\/js\/pinmarklet.js?r='+Math.random()*99999999);document.body.appendChild(e)})());\" title=\"Pinterest\" rel=\"noopener\" style=\"font-size:32px!important;box-shadow:none;display:inline-block;vertical-align:middle\"><span class=\"heateor_sss_svg heateor_sss_s__default heateor_sss_s_pinterest\" style=\"background-color:#cc2329;width:40px;height:40px;margin:0;display:inline-block;opacity:1;float:left;font-size:32px;box-shadow:none;display:inline-block;font-size:16px;padding:0 4px;vertical-align:middle;background-repeat:repeat;overflow:hidden;padding:0;cursor:pointer;box-sizing:content-box\"><svg style=\"display:block;\" focusable=\"false\" aria-hidden=\"true\" xmlns=\"http:\/\/www.w3.org\/2000\/svg\" width=\"100%\" height=\"100%\" viewBox=\"-2 -2 35 35\"><path fill=\"#fff\" d=\"M16.539 4.5c-6.277 0-9.442 4.5-9.442 8.253 0 2.272.86 4.293 2.705 5.046.303.125.574.005.662-.33.061-.231.205-.816.27-1.06.088-.331.053-.447-.191-.736-.532-.627-.873-1.439-.873-2.591 0-3.338 2.498-6.327 6.505-6.327 3.548 0 5.497 2.168 5.497 5.062 0 3.81-1.686 7.025-4.188 7.025-1.382 0-2.416-1.142-2.085-2.545.397-1.674 1.166-3.48 1.166-4.689 0-1.081-.581-1.983-1.782-1.983-1.413 0-2.548 1.462-2.548 3.419 0 1.247.421 2.091.421 2.091l-1.699 7.199c-.505 2.137-.076 4.755-.039 5.019.021.158.223.196.314.077.13-.17 1.813-2.247 2.384-4.324.162-.587.929-3.631.929-3.631.46.876 1.801 1.646 3.227 1.646 4.247 0 7.128-3.871 7.128-9.053.003-3.918-3.317-7.568-8.361-7.568z\"\/><\/svg><\/span><\/a><a aria-label=\"Mastodon\" class=\"heateor_sss_button_mastodon\" href=\"https:\/\/mastodon.social\/share?text=https%3A%2F%2Fjornalfax.net%2Findex.php%2Fwp-json%2Fwp%2Fv2%2Fposts%2F2970&title=%20-%20\" title=\"Mastodon\" rel=\"nofollow noopener\" target=\"_blank\" style=\"font-size:32px!important;box-shadow:none;display:inline-block;vertical-align:middle\"><span class=\"heateor_sss_svg heateor_sss_s__default heateor_sss_s_mastodon\" style=\"background-color:#6364FF;width:40px;height:40px;margin:0;display:inline-block;opacity:1;float:left;font-size:32px;box-shadow:none;display:inline-block;font-size:16px;padding:0 4px;vertical-align:middle;background-repeat:repeat;overflow:hidden;padding:0;cursor:pointer;box-sizing:content-box\"><svg style=\"display:block;\" focusable=\"false\" aria-hidden=\"true\" xmlns=\"http:\/\/www.w3.org\/2000\/svg\" width=\"100%\" height=\"100%\" viewBox=\"-3.5 -3.5 39 39\"><path d=\"M27 12c0-5.12-3.35-6.62-3.35-6.62C22 4.56 19.05 4.23 16 4.21c-3 0-5.92.35-7.61 1.12C8.36 5.33 5 6.83 5 12v4c.12 5 .92 9.93 5.54 11.16a17.67 17.67 0 005.44.6 10.88 10.88 0 004.18-.95l-.09-1.95a13.36 13.36 0 01-4.07.54c-2.12-.07-4.37-.23-4.71-2.84a5.58 5.58 0 01-.05-.73 27.46 27.46 0 004.73.63 26.76 26.76 0 004.68-.28c3-.35 5.53-2.17 5.85-3.83A39.25 39.25 0 0027 12zm-3.95 6.59h-2.46v-6c0-1.27-.53-1.91-1.6-1.91s-1.77.76-1.77 2.27v3.29h-2.44v-3.35c0-1.51-.59-2.27-1.77-2.27s-1.6.64-1.6 1.91v6H9v-6.18a4.49 4.49 0 011-3 3.39 3.39 0 012.63-1.12 3.17 3.17 0 012.84 1.44l.61 1 .61-1a3.17 3.17 0 012.84-1.44 3.39 3.39 0 012.63 1.12 4.49 4.49 0 011 3z\" fill=\"#fff\"><\/path><\/svg><\/span><\/a><a aria-label=\"Mix\" class=\"heateor_sss_button_mix\" href=\"https:\/\/mix.com\/mixit?url=https%3A%2F%2Fjornalfax.net%2Findex.php%2Fwp-json%2Fwp%2Fv2%2Fposts%2F2970\" title=\"Mix\" rel=\"nofollow noopener\" target=\"_blank\" style=\"font-size:32px!important;box-shadow:none;display:inline-block;vertical-align:middle\"><span class=\"heateor_sss_svg heateor_sss_s__default heateor_sss_s_mix\" style=\"background-color:#ff8226;width:40px;height:40px;margin:0;display:inline-block;opacity:1;float:left;font-size:32px;box-shadow:none;display:inline-block;font-size:16px;padding:0 4px;vertical-align:middle;background-repeat:repeat;overflow:hidden;padding:0;cursor:pointer;box-sizing:content-box\"><svg focusable=\"false\" aria-hidden=\"true\" xmlns=\"http:\/\/www.w3.org\/2000\/svg\" width=\"100%\" height=\"100%\" viewBox=\"-7 -8 45 45\"><g fill=\"#fff\"><path opacity=\".8\" d=\"M27.87 4.125c-5.224 0-9.467 4.159-9.467 9.291v2.89c0-1.306 1.074-2.362 2.399-2.362s2.399 1.056 2.399 2.362v1.204c0 1.306 1.074 2.362 2.399 2.362s2.399-1.056 2.399-2.362V4.134c-.036-.009-.082-.009-.129-.009\"\/><path d=\"M4 4.125v12.94c2.566 0 4.668-1.973 4.807-4.465v-2.214c0-.065 0-.12.009-.176.093-1.213 1.13-2.177 2.39-2.177 1.325 0 2.399 1.056 2.399 2.362v9.226c0 1.306 1.074 2.353 2.399 2.353s2.399-1.056 2.399-2.353v-6.206c0-5.132 4.233-9.291 9.467-9.291H4z\"\/><path opacity=\".8\" d=\"M4 17.074v8.438c0 1.306 1.074 2.362 2.399 2.362s2.399-1.056 2.399-2.362V12.61C8.659 15.102 6.566 17.074 4 17.074\"\/><\/g><\/svg><\/span><\/a><a aria-label=\"Whatsapp\" class=\"heateor_sss_whatsapp\" href=\"https:\/\/api.whatsapp.com\/send?text=%20-%20%20https%3A%2F%2Fjornalfax.net%2Findex.php%2Fwp-json%2Fwp%2Fv2%2Fposts%2F2970\" title=\"Whatsapp\" rel=\"nofollow noopener\" target=\"_blank\" style=\"font-size:32px!important;box-shadow:none;display:inline-block;vertical-align:middle\"><span class=\"heateor_sss_svg\" style=\"background-color:#55eb4c;width:40px;height:40px;margin:0;display:inline-block;opacity:1;float:left;font-size:32px;box-shadow:none;display:inline-block;font-size:16px;padding:0 4px;vertical-align:middle;background-repeat:repeat;overflow:hidden;padding:0;cursor:pointer;box-sizing:content-box\"><svg style=\"display:block;\" focusable=\"false\" aria-hidden=\"true\" xmlns=\"http:\/\/www.w3.org\/2000\/svg\" width=\"100%\" height=\"100%\" viewBox=\"-6 -5 40 40\"><path class=\"heateor_sss_svg_stroke heateor_sss_no_fill\" stroke=\"#fff\" stroke-width=\"2\" fill=\"none\" d=\"M 11.579798566743314 24.396926207859085 A 10 10 0 1 0 6.808479557110079 20.73576436351046\"><\/path><path d=\"M 7 19 l -1 6 l 6 -1\" class=\"heateor_sss_no_fill heateor_sss_svg_stroke\" stroke=\"#fff\" stroke-width=\"2\" fill=\"none\"><\/path><path d=\"M 10 10 q -1 8 8 11 c 5 -1 0 -6 -1 -3 q -4 -3 -5 -5 c 4 -2 -1 -5 -1 -4\" fill=\"#fff\"><\/path><\/svg><\/span><\/a><a class=\"heateor_sss_more\" aria-label=\"More\" title=\"More\" rel=\"nofollow noopener\" style=\"font-size: 32px!important;border:0;box-shadow:none;display:inline-block!important;font-size:16px;padding:0 4px;vertical-align: middle;display:inline;\" href=\"https:\/\/jornalfax.net\/index.php\/wp-json\/wp\/v2\/posts\/2970\" onclick=\"event.preventDefault()\"><span class=\"heateor_sss_svg\" style=\"background-color:#ee8e2d;width:40px;height:40px;margin:0;display:inline-block!important;opacity:1;float:left;font-size:32px!important;box-shadow:none;display:inline-block;font-size:16px;padding:0 4px;vertical-align:middle;display:inline;background-repeat:repeat;overflow:hidden;padding:0;cursor:pointer;box-sizing:content-box;\" onclick=\"heateorSssMoreSharingPopup(this, 'https:\/\/jornalfax.net\/index.php\/wp-json\/wp\/v2\/posts\/2970', '%20-%20', '' )\"><svg xmlns=\"http:\/\/www.w3.org\/2000\/svg\" xmlns:xlink=\"http:\/\/www.w3.org\/1999\/xlink\" viewBox=\"-.3 0 32 32\" version=\"1.1\" width=\"100%\" height=\"100%\" style=\"display:block;\" xml:space=\"preserve\"><g><path fill=\"#fff\" d=\"M18 14V8h-4v6H8v4h6v6h4v-6h6v-4h-6z\" fill-rule=\"evenodd\"><\/path><\/g><\/svg><\/span><\/a><\/div><div class=\"heateorSssClear\"><\/div><\/div>","protected":false},"author":1,"featured_media":2971,"comment_status":"closed","ping_status":"closed","sticky":false,"template":"","format":"standard","meta":{"footnotes":""},"categories":[23,28],"tags":[],"class_list":["post-2970","post","type-post","status-publish","format-standard","has-post-thumbnail","hentry","category-destaque","category-em-foco"],"yoast_head":"<!-- This site is optimized with the Yoast SEO plugin v24.3 - https:\/\/yoast.com\/wordpress\/plugins\/seo\/ -->\n<title>INTERVEN\u00c7\u00c3O DE CAROLINA CERQUEIRA, PAN DA REP\u00daBLICA DE ANGOLA POR OCASI\u00c3O DO LAN\u00c7AMENTO DO PLANO ESTRAT\u00c9GICO DO F\u00d3RUM PARLAMENTAR DA SADC 2024-2028 -<\/title>\n<meta name=\"robots\" content=\"index, follow, max-snippet:-1, max-image-preview:large, max-video-preview:-1\" \/>\n<link rel=\"canonical\" href=\"https:\/\/jornalfax.net\/index.php\/2024\/07\/01\/carolina-cerqueira-discursa-na-abertura-do-forum-parlamentar-da-sadc\/\" \/>\n<meta property=\"og:locale\" content=\"pt_BR\" \/>\n<meta property=\"og:type\" content=\"article\" \/>\n<meta property=\"og:title\" content=\"INTERVEN\u00c7\u00c3O DE CAROLINA CERQUEIRA, PAN DA REP\u00daBLICA DE ANGOLA POR OCASI\u00c3O DO LAN\u00c7AMENTO DO PLANO ESTRAT\u00c9GICO DO F\u00d3RUM PARLAMENTAR DA SADC 2024-2028 -\" \/>\n<meta property=\"og:description\" content=\"A presidente da Assembleia Nacional, Carolina Cerqueira, discursou, esta segunda-feira, na abertura da 55\u00aa edi\u00e7\u00e3o do F\u00f3rum Parlamentar da SADC, que decorre em Luanda. O evento vai acontecer at\u00e9 ao dia 7 deste m\u00eas, sob o lema &#8220;O Papel dos Parlamentos na Promo\u00e7\u00e3o de Pol\u00edticas de Energias Renov\u00e1veis e na Cria\u00e7\u00e3o de um Mercado Energ\u00e9tico [&hellip;]\" \/>\n<meta property=\"og:url\" content=\"https:\/\/jornalfax.net\/index.php\/2024\/07\/01\/carolina-cerqueira-discursa-na-abertura-do-forum-parlamentar-da-sadc\/\" \/>\n<meta property=\"article:published_time\" content=\"2024-07-01T16:13:32+00:00\" \/>\n<meta property=\"article:modified_time\" content=\"2024-07-01T19:50:02+00:00\" \/>\n<meta property=\"og:image\" content=\"http:\/\/jornalfax.net\/wp-content\/uploads\/2024\/07\/70a117ef-973c-4424-89cc-5c5782e03787.jpg\" \/>\n\t<meta property=\"og:image:width\" content=\"982\" \/>\n\t<meta property=\"og:image:height\" content=\"634\" \/>\n\t<meta property=\"og:image:type\" content=\"image\/jpeg\" \/>\n<meta name=\"author\" content=\"jornalfax.net\" \/>\n<meta name=\"twitter:card\" content=\"summary_large_image\" \/>\n<meta name=\"twitter:label1\" content=\"Escrito por\" \/>\n\t<meta name=\"twitter:data1\" content=\"jornalfax.net\" \/>\n\t<meta name=\"twitter:label2\" content=\"Est. tempo de leitura\" \/>\n\t<meta name=\"twitter:data2\" content=\"11 minutos\" \/>\n<script type=\"application\/ld+json\" class=\"yoast-schema-graph\">{\"@context\":\"https:\/\/schema.org\",\"@graph\":[{\"@type\":\"WebPage\",\"@id\":\"https:\/\/jornalfax.net\/index.php\/2024\/07\/01\/carolina-cerqueira-discursa-na-abertura-do-forum-parlamentar-da-sadc\/\",\"url\":\"https:\/\/jornalfax.net\/index.php\/2024\/07\/01\/carolina-cerqueira-discursa-na-abertura-do-forum-parlamentar-da-sadc\/\",\"name\":\"INTERVEN\u00c7\u00c3O DE CAROLINA CERQUEIRA, PAN DA REP\u00daBLICA DE ANGOLA POR OCASI\u00c3O DO LAN\u00c7AMENTO DO PLANO ESTRAT\u00c9GICO DO F\u00d3RUM PARLAMENTAR DA SADC 2024-2028 -\",\"isPartOf\":{\"@id\":\"https:\/\/jornalfax.net\/#website\"},\"primaryImageOfPage\":{\"@id\":\"https:\/\/jornalfax.net\/index.php\/2024\/07\/01\/carolina-cerqueira-discursa-na-abertura-do-forum-parlamentar-da-sadc\/#primaryimage\"},\"image\":{\"@id\":\"https:\/\/jornalfax.net\/index.php\/2024\/07\/01\/carolina-cerqueira-discursa-na-abertura-do-forum-parlamentar-da-sadc\/#primaryimage\"},\"thumbnailUrl\":\"https:\/\/jornalfax.net\/wp-content\/uploads\/2024\/07\/70a117ef-973c-4424-89cc-5c5782e03787.jpg\",\"datePublished\":\"2024-07-01T16:13:32+00:00\",\"dateModified\":\"2024-07-01T19:50:02+00:00\",\"author\":{\"@id\":\"https:\/\/jornalfax.net\/#\/schema\/person\/ea5b5601e259b5e0c03c9cb7908e9ffd\"},\"breadcrumb\":{\"@id\":\"https:\/\/jornalfax.net\/index.php\/2024\/07\/01\/carolina-cerqueira-discursa-na-abertura-do-forum-parlamentar-da-sadc\/#breadcrumb\"},\"inLanguage\":\"pt-BR\",\"potentialAction\":[{\"@type\":\"ReadAction\",\"target\":[\"https:\/\/jornalfax.net\/index.php\/2024\/07\/01\/carolina-cerqueira-discursa-na-abertura-do-forum-parlamentar-da-sadc\/\"]}]},{\"@type\":\"ImageObject\",\"inLanguage\":\"pt-BR\",\"@id\":\"https:\/\/jornalfax.net\/index.php\/2024\/07\/01\/carolina-cerqueira-discursa-na-abertura-do-forum-parlamentar-da-sadc\/#primaryimage\",\"url\":\"https:\/\/jornalfax.net\/wp-content\/uploads\/2024\/07\/70a117ef-973c-4424-89cc-5c5782e03787.jpg\",\"contentUrl\":\"https:\/\/jornalfax.net\/wp-content\/uploads\/2024\/07\/70a117ef-973c-4424-89cc-5c5782e03787.jpg\",\"width\":982,\"height\":634},{\"@type\":\"BreadcrumbList\",\"@id\":\"https:\/\/jornalfax.net\/index.php\/2024\/07\/01\/carolina-cerqueira-discursa-na-abertura-do-forum-parlamentar-da-sadc\/#breadcrumb\",\"itemListElement\":[{\"@type\":\"ListItem\",\"position\":1,\"name\":\"In\u00edcio\",\"item\":\"https:\/\/jornalfax.net\/\"},{\"@type\":\"ListItem\",\"position\":2,\"name\":\"INTERVEN\u00c7\u00c3O DE CAROLINA CERQUEIRA, PAN DA REP\u00daBLICA DE ANGOLA POR OCASI\u00c3O DO LAN\u00c7AMENTO DO PLANO ESTRAT\u00c9GICO DO F\u00d3RUM PARLAMENTAR DA SADC 2024-2028\"}]},{\"@type\":\"WebSite\",\"@id\":\"https:\/\/jornalfax.net\/#website\",\"url\":\"https:\/\/jornalfax.net\/\",\"name\":\"\",\"description\":\"\",\"potentialAction\":[{\"@type\":\"SearchAction\",\"target\":{\"@type\":\"EntryPoint\",\"urlTemplate\":\"https:\/\/jornalfax.net\/?s={search_term_string}\"},\"query-input\":{\"@type\":\"PropertyValueSpecification\",\"valueRequired\":true,\"valueName\":\"search_term_string\"}}],\"inLanguage\":\"pt-BR\"},{\"@type\":\"Person\",\"@id\":\"https:\/\/jornalfax.net\/#\/schema\/person\/ea5b5601e259b5e0c03c9cb7908e9ffd\",\"name\":\"jornalfax.net\",\"sameAs\":[\"http:\/\/jornalfax.net\"],\"url\":\"https:\/\/jornalfax.net\/index.php\/author\/jornalfax-net\/\"}]}<\/script>\n<!-- \/ Yoast SEO plugin. -->","yoast_head_json":{"title":"INTERVEN\u00c7\u00c3O DE CAROLINA CERQUEIRA, PAN DA REP\u00daBLICA DE ANGOLA POR OCASI\u00c3O DO LAN\u00c7AMENTO DO PLANO ESTRAT\u00c9GICO DO F\u00d3RUM PARLAMENTAR DA SADC 2024-2028 -","robots":{"index":"index","follow":"follow","max-snippet":"max-snippet:-1","max-image-preview":"max-image-preview:large","max-video-preview":"max-video-preview:-1"},"canonical":"https:\/\/jornalfax.net\/index.php\/2024\/07\/01\/carolina-cerqueira-discursa-na-abertura-do-forum-parlamentar-da-sadc\/","og_locale":"pt_BR","og_type":"article","og_title":"INTERVEN\u00c7\u00c3O DE CAROLINA CERQUEIRA, PAN DA REP\u00daBLICA DE ANGOLA POR OCASI\u00c3O DO LAN\u00c7AMENTO DO PLANO ESTRAT\u00c9GICO DO F\u00d3RUM PARLAMENTAR DA SADC 2024-2028 -","og_description":"A presidente da Assembleia Nacional, Carolina Cerqueira, discursou, esta segunda-feira, na abertura da 55\u00aa edi\u00e7\u00e3o do F\u00f3rum Parlamentar da SADC, que decorre em Luanda. O evento vai acontecer at\u00e9 ao dia 7 deste m\u00eas, sob o lema &#8220;O Papel dos Parlamentos na Promo\u00e7\u00e3o de Pol\u00edticas de Energias Renov\u00e1veis e na Cria\u00e7\u00e3o de um Mercado Energ\u00e9tico [&hellip;]","og_url":"https:\/\/jornalfax.net\/index.php\/2024\/07\/01\/carolina-cerqueira-discursa-na-abertura-do-forum-parlamentar-da-sadc\/","article_published_time":"2024-07-01T16:13:32+00:00","article_modified_time":"2024-07-01T19:50:02+00:00","og_image":[{"width":982,"height":634,"url":"http:\/\/jornalfax.net\/wp-content\/uploads\/2024\/07\/70a117ef-973c-4424-89cc-5c5782e03787.jpg","type":"image\/jpeg"}],"author":"jornalfax.net","twitter_card":"summary_large_image","twitter_misc":{"Escrito por":"jornalfax.net","Est. tempo de leitura":"11 minutos"},"schema":{"@context":"https:\/\/schema.org","@graph":[{"@type":"WebPage","@id":"https:\/\/jornalfax.net\/index.php\/2024\/07\/01\/carolina-cerqueira-discursa-na-abertura-do-forum-parlamentar-da-sadc\/","url":"https:\/\/jornalfax.net\/index.php\/2024\/07\/01\/carolina-cerqueira-discursa-na-abertura-do-forum-parlamentar-da-sadc\/","name":"INTERVEN\u00c7\u00c3O DE CAROLINA CERQUEIRA, PAN DA REP\u00daBLICA DE ANGOLA POR OCASI\u00c3O DO LAN\u00c7AMENTO DO PLANO ESTRAT\u00c9GICO DO F\u00d3RUM PARLAMENTAR DA SADC 2024-2028 -","isPartOf":{"@id":"https:\/\/jornalfax.net\/#website"},"primaryImageOfPage":{"@id":"https:\/\/jornalfax.net\/index.php\/2024\/07\/01\/carolina-cerqueira-discursa-na-abertura-do-forum-parlamentar-da-sadc\/#primaryimage"},"image":{"@id":"https:\/\/jornalfax.net\/index.php\/2024\/07\/01\/carolina-cerqueira-discursa-na-abertura-do-forum-parlamentar-da-sadc\/#primaryimage"},"thumbnailUrl":"https:\/\/jornalfax.net\/wp-content\/uploads\/2024\/07\/70a117ef-973c-4424-89cc-5c5782e03787.jpg","datePublished":"2024-07-01T16:13:32+00:00","dateModified":"2024-07-01T19:50:02+00:00","author":{"@id":"https:\/\/jornalfax.net\/#\/schema\/person\/ea5b5601e259b5e0c03c9cb7908e9ffd"},"breadcrumb":{"@id":"https:\/\/jornalfax.net\/index.php\/2024\/07\/01\/carolina-cerqueira-discursa-na-abertura-do-forum-parlamentar-da-sadc\/#breadcrumb"},"inLanguage":"pt-BR","potentialAction":[{"@type":"ReadAction","target":["https:\/\/jornalfax.net\/index.php\/2024\/07\/01\/carolina-cerqueira-discursa-na-abertura-do-forum-parlamentar-da-sadc\/"]}]},{"@type":"ImageObject","inLanguage":"pt-BR","@id":"https:\/\/jornalfax.net\/index.php\/2024\/07\/01\/carolina-cerqueira-discursa-na-abertura-do-forum-parlamentar-da-sadc\/#primaryimage","url":"https:\/\/jornalfax.net\/wp-content\/uploads\/2024\/07\/70a117ef-973c-4424-89cc-5c5782e03787.jpg","contentUrl":"https:\/\/jornalfax.net\/wp-content\/uploads\/2024\/07\/70a117ef-973c-4424-89cc-5c5782e03787.jpg","width":982,"height":634},{"@type":"BreadcrumbList","@id":"https:\/\/jornalfax.net\/index.php\/2024\/07\/01\/carolina-cerqueira-discursa-na-abertura-do-forum-parlamentar-da-sadc\/#breadcrumb","itemListElement":[{"@type":"ListItem","position":1,"name":"In\u00edcio","item":"https:\/\/jornalfax.net\/"},{"@type":"ListItem","position":2,"name":"INTERVEN\u00c7\u00c3O DE CAROLINA CERQUEIRA, PAN DA REP\u00daBLICA DE ANGOLA POR OCASI\u00c3O DO LAN\u00c7AMENTO DO PLANO ESTRAT\u00c9GICO DO F\u00d3RUM PARLAMENTAR DA SADC 2024-2028"}]},{"@type":"WebSite","@id":"https:\/\/jornalfax.net\/#website","url":"https:\/\/jornalfax.net\/","name":"","description":"","potentialAction":[{"@type":"SearchAction","target":{"@type":"EntryPoint","urlTemplate":"https:\/\/jornalfax.net\/?s={search_term_string}"},"query-input":{"@type":"PropertyValueSpecification","valueRequired":true,"valueName":"search_term_string"}}],"inLanguage":"pt-BR"},{"@type":"Person","@id":"https:\/\/jornalfax.net\/#\/schema\/person\/ea5b5601e259b5e0c03c9cb7908e9ffd","name":"jornalfax.net","sameAs":["http:\/\/jornalfax.net"],"url":"https:\/\/jornalfax.net\/index.php\/author\/jornalfax-net\/"}]}},"_links":{"self":[{"href":"https:\/\/jornalfax.net\/index.php\/wp-json\/wp\/v2\/posts\/2970","targetHints":{"allow":["GET"]}}],"collection":[{"href":"https:\/\/jornalfax.net\/index.php\/wp-json\/wp\/v2\/posts"}],"about":[{"href":"https:\/\/jornalfax.net\/index.php\/wp-json\/wp\/v2\/types\/post"}],"author":[{"embeddable":true,"href":"https:\/\/jornalfax.net\/index.php\/wp-json\/wp\/v2\/users\/1"}],"replies":[{"embeddable":true,"href":"https:\/\/jornalfax.net\/index.php\/wp-json\/wp\/v2\/comments?post=2970"}],"version-history":[{"count":2,"href":"https:\/\/jornalfax.net\/index.php\/wp-json\/wp\/v2\/posts\/2970\/revisions"}],"predecessor-version":[{"id":2981,"href":"https:\/\/jornalfax.net\/index.php\/wp-json\/wp\/v2\/posts\/2970\/revisions\/2981"}],"wp:featuredmedia":[{"embeddable":true,"href":"https:\/\/jornalfax.net\/index.php\/wp-json\/wp\/v2\/media\/2971"}],"wp:attachment":[{"href":"https:\/\/jornalfax.net\/index.php\/wp-json\/wp\/v2\/media?parent=2970"}],"wp:term":[{"taxonomy":"category","embeddable":true,"href":"https:\/\/jornalfax.net\/index.php\/wp-json\/wp\/v2\/categories?post=2970"},{"taxonomy":"post_tag","embeddable":true,"href":"https:\/\/jornalfax.net\/index.php\/wp-json\/wp\/v2\/tags?post=2970"}],"curies":[{"name":"wp","href":"https:\/\/api.w.org\/{rel}","templated":true}]}}