{"id":2524,"date":"2024-05-13T20:44:41","date_gmt":"2024-05-13T23:44:41","guid":{"rendered":"https:\/\/jornalfax.net\/?p=2524"},"modified":"2024-05-13T20:44:42","modified_gmt":"2024-05-13T23:44:42","slug":"ana-dias-lourenco-participa-no-lancamento-da-campanha-unificadora-somos-todos-iguais","status":"publish","type":"post","link":"https:\/\/jornalfax.net\/index.php\/2024\/05\/13\/ana-dias-lourenco-participa-no-lancamento-da-campanha-unificadora-somos-todos-iguais\/","title":{"rendered":"ANA DIAS LOUREN\u00c7O PARTICIPA NO LAN\u00c7AMENTO DA CAMPANHA UNIFICADORA \u201cSOMOS TODOS IGUAIS\u201d"},"content":{"rendered":"\n<p>A Primeira-Dama da Rep\u00fablica de Angola, Ana Dias Louren\u00e7o, participou na cidade de Abuja, Nig\u00e9ria, no evento que marcou o lan\u00e7amento da Campanha \u201cWeAreEqual\/Somos Todos Iguais\u201d, com o tema \u201cEduca\u00e7\u00e3o, uma ferramenta poderosa para a mudan\u00e7a: nenhuma menina deve ser deixada para tr\u00e1s\u201d.<\/p>\n\n\n\n<p>JORNAL FAX: PASCOAL ZUA<\/p>\n\n\n\n<p>O evento promovido pela Primeira-Dama da Rep\u00fablica Federal da Nig\u00e9ria, Olumeri Tinubu visa, no \u00e2mbito da Campanha da OAFLAD #WeAreEqual, contribuir para a elimina\u00e7\u00e3o do gap entre homens e mulheres apostando na Educa\u00e7\u00e3o, Equidade e Oportunidade de Aprendizagem para Todos.<\/p>\n\n\n\n<p>Neste contexto, pretende expandir a \u201cEscola Secund\u00e1ria Alternativa para Meninas\u201d em todos os estados da Nig\u00e9ria, uma iniciativa que come\u00e7ou em 2007, que oferece uma 2\u00aa oportunidade \u00e0s jovens que j\u00e1 n\u00e3o est\u00e3o no sistema de ensino por raz\u00f5es adversas (gravidez precoce, marginaliza\u00e7\u00e3o econ\u00f3mica, casamento infantil, entre outras barreiras sociais) e querem continuar os seus estudos para realizarem os seus sonhos e aspira\u00e7\u00f5es, independentemente da sua idade.<\/p>\n\n\n\n<p>A campanha da OAFLAD \u201cWeAreEqual\/Somos Todos Iguais\u201d tem como objectivo a promo\u00e7\u00e3o da equidade e a elimina\u00e7\u00e3o das disparidades de g\u00e9nero em todo o Continente e transmite uma verdade essencial: \u201cSomos iguais &#8211; e sempre fomos\u201d.<\/p>\n\n\n\n<p>As Primeiras Damas dos Estados membros da Uni\u00e3o Africana, foram convidadas a lan\u00e7ar a campanha nos seus pa\u00edses durante o ano de 2024, em fun\u00e7\u00e3o de quatro pilares definidos: Sa\u00fade, Educa\u00e7\u00e3o, Empoderamento Econ\u00f3mico e Viol\u00eancia Baseada no G\u00e9nero.<\/p>\n\n\n\n<p>A Primeira-Dama da Rep\u00fablica de Angola, Ana Dias Louren\u00e7o, vai permanecer na Rep\u00fablica Federal da Nig\u00e9ria at\u00e9 \u00e0 pr\u00f3xima ter\u00e7a-feira, 14, dia em que regressar\u00e1 ao pa\u00eds.<\/p>\n\n\n\n<p>Abaixo, a Mensagem da Primeira-Dama Ana Dias Louren\u00e7o, proferida hoje em Abuja.<\/p>\n\n\n\n<p>\u00cdNTEGRA DO DISCURSO DA PRIMEIRA-DAMA DA REP\u00daBLICA DE ANGOLA, ANA DIAS LOUREN\u00c7O, NO LAN\u00c7AMENTO DA CAMPANHA UNIFICADORA #WeAreEqual\/SOMOS TODOS IGUAIS<\/p>\n\n\n\n<p>Come\u00e7o por agradecer o convite que me foi endere\u00e7ado para participar na celebra\u00e7\u00e3o do Lan\u00e7amento da Campanha de Unifica\u00e7\u00e3o #WeAreEqual da Organiza\u00e7\u00e3o das Primeiras Damas Africanas para o Desenvolvimento (OAFLAD).<\/p>\n\n\n\n<p>Permitam-me saudar as queridas irm\u00e3s, Vossas Excel\u00eancias Primeiras Damas e as distintas delega\u00e7\u00f5es, e os convidados presentes neste magno evento que se realiza nesta acolhedora cidade de Abuja.<\/p>\n\n\n\n<p>Dirijo especialmente palavras de apre\u00e7o e reconhecimento \u00e0 querida irm\u00e3 Senadora Oluremi Tinubu, Primeira-Dama da Nig\u00e9ria, por impulsionar a inclus\u00e3o de meninas na educa\u00e7\u00e3o, garantindo o alcance do Objectivo 4 dos ODS, relacionado com a educa\u00e7\u00e3o inclusiva e equitativa e promo\u00e7\u00e3o de oportunidades de aprendizagem ao longo da vida para todos.<\/p>\n\n\n\n<p>Angola vem se erguendo do pesado fardo da guerra que adiou durante longos anos as oportunidades de desenvolvimento humano e social do seu povo.<\/p>\n\n\n\n<p>Com o alcance da Paz em 2002, v\u00e1rios t\u00eam sido os esfor\u00e7os do Governo na implementa\u00e7\u00e3o de pol\u00edticas p\u00fablicas e na realiza\u00e7\u00e3o de ac\u00e7\u00f5es, programas e projectos que potenciem o desenvolvimento inclusivo e sustent\u00e1vel do Pa\u00eds.<\/p>\n\n\n\n<p>Nesta perspectiva, apostou seriamente na redu\u00e7\u00e3o das disparidades entre homens e mulheres impostas pelo sexismo estrutural, pelos estere\u00f3tipos sociais e pelas estruturas patriarcais enraizadas por quest\u00f5es culturais e tradicionais.<\/p>\n\n\n\n<p>Temos consci\u00eancia que nos confrontamos ainda com muitos obst\u00e1culos que dificultam e impedem as mulheres em Angola e em toda a \u00c1frica a desenvolverem todo o seu potencial com \u2013 a falta de recursos humanos e materiais em algumas comunidades, as diferentes formas de viol\u00eancia e abuso contra as mulheres e o acesso limitado \u00e0 educa\u00e7\u00e3o, em particular, \u00e0 educa\u00e7\u00e3o das meninas.<\/p>\n\n\n\n<p><strong>ESTIMADAS PRIMEIRAS DAMAS QUERIDAS IRM\u00c3S,<\/strong><\/p>\n\n\n\n<p><strong>MINHAS SENHORAS MEUS SENHORES<\/strong><\/p>\n\n\n\n<p>Os desafios ainda s\u00e3o imensos, n\u00e3o obstante a evolu\u00e7\u00e3o das sociedades africanas no sentido de uma maior justi\u00e7a, inclus\u00e3o e consci\u00eancia sobre a necessidade de uma maior representa\u00e7\u00e3o feminina em todas as \u00e1reas da vida social, econ\u00f3mica e pol\u00edtica.<\/p>\n\n\n\n<p>Contudo, um maior investimento nas pessoas, por uma educa\u00e7\u00e3o de qualidade, com o aumento do acesso \u00e0 educa\u00e7\u00e3o pr\u00e9-escolar e secund\u00e1ria especialmente para as meninas, \u00e9 essencial para que, com determina\u00e7\u00e3o e vis\u00e3o, possamos efectivamente homens e mulheres, contribuir para a sustentabilidade do nosso desenvolvimento com um olhar inovador e um compromisso inabal\u00e1vel para o bem-estar das comunidades.<\/p>\n\n\n\n<p>Face a esta realidade, a educa\u00e7\u00e3o \u00e9 vital para o futuro de qualquer pa\u00eds.<\/p>\n\n\n\n<p>Em Angola tratamos a educa\u00e7\u00e3o como um sector determinante para a valoriza\u00e7\u00e3o do capital humano.<\/p>\n\n\n\n<p>Temos um cuidado particular com a educa\u00e7\u00e3o das raparigas, pois educar uma mulher \u00e9 educar uma Na\u00e7\u00e3o.<\/p>\n\n\n\n<p>Neste contexto, minhas queridas irm\u00e3s, penso que devemos refor\u00e7ar a nosso papel de advocacia para alfabetizar e recuperar o atraso escolar das raparigas com especial aten\u00e7\u00e3o as das zonas rurais.<\/p>\n\n\n\n<p>Precisamos com urg\u00eancia promover a confian\u00e7a, a seguran\u00e7a e a estabilidade atrav\u00e9s da cria\u00e7\u00e3o de ambientes seguros, protegidos e est\u00e1veis e sensibilizar a juventude para os progressos significativos no desenvolvimento e crescimento da \u00c1frica que queremos.<\/p>\n\n\n\n<p><strong>ESTIMADOS CONVIDADOS<\/strong><\/p>\n\n\n\n<p><strong>MINHAS SENHORAS E MEUS SENHORES<\/strong><\/p>\n\n\n\n<p>Em Angola, nos diferentes n\u00edveis de ensino, ainda se registam diferen\u00e7as entre homens e mulheres o Governo apostou seriamente na redu\u00e7\u00e3o desta diferen\u00e7a.<\/p>\n\n\n\n<p>Recordo-me que nas minhas vestes de Ministra do Planeamento e depois como membro do Conselho de Administra\u00e7\u00e3o do Grupo do Banco Mundial, iniciamos a abordagem com esta institui\u00e7\u00e3o no sentido de apoiar Angola a ultrapassar os desafios que enfrent\u00e1vamos, relativos aos baixos resultados de aprendizagem e disparidade de g\u00e9nero, sobretudo no ensino secund\u00e1rio, ao abandono escolar das raparigas por raz\u00f5es diversas como a gravidez precoce, as dificuldades em assist\u00eancia \u00e0 sa\u00fade, a dist\u00e2ncia de casa para escola ou contextos familiares socialmente desfavor\u00e1veis.<\/p>\n\n\n\n<p>E assim se desenhou e est\u00e1 a ser implementado desde 2021 o Projecto de Empoderamento da Rapariga e Aprendizagem para Todos.<\/p>\n\n\n\n<p>\u00c9 um projecto que envolve cerca de 9 milh\u00f5es de alunos das escolas de Educa\u00e7\u00e3o Pr\u00e9-Escolar, Ensino Prim\u00e1rio e Secund\u00e1rio ao n\u00edvel de todo o Pa\u00eds.<\/p>\n\n\n\n<p>O Projecto visa a forma\u00e7\u00e3o de professores e gestores escolares, apoiar estrat\u00e9gias para promover o empoderamento das meninas atrav\u00e9s da melhoria do sistema educativo e acesso \u00e0 educa\u00e7\u00e3o, capacitando as meninas e jovens mulheres, dando-lhes oportunidade de matricularem-se e conclu\u00edrem pelo menos o ensino secund\u00e1rio.<\/p>\n\n\n\n<p>As principais actividades do projecto visam melhorar a qualidade do ensino, promover o acesso \u00e0 educa\u00e7\u00e3o, reduzir a taxa de evas\u00e3o escolar entre as meninas e facilitar o retorno das m\u00e3es adolescentes \u00e0 escola, consciencializar sobre educa\u00e7\u00e3o sexual e reprodutiva e sobre a viol\u00eancia baseada no g\u00e9nero com um fim \u00faltimo de capacitar os jovens, reduzir a vulnerabilidade dos adolescentes e jovens, empoderar os jovens e dot\u00e1-los com compet\u00eancias e habilidades para a vida.<\/p>\n\n\n\n<p>Ac\u00e7\u00f5es complementares a este projeto para garantir Sa\u00fade, Educa\u00e7\u00e3o e o Bem-Estar dos adolescentes e jovens, t\u00eam sido desenvolvidas pelas autoridades do meu Pa\u00eds, em particular pelo Minist\u00e9rio da Educa\u00e7\u00e3o com o apoio do Minist\u00e9rio da Sa\u00fade, com vista a dar resposta \u00e0 problem\u00e1tica das crian\u00e7as com desfasagem idade-classe, a reduzir o abandono escolar, em particular por parte das meninas que abandonam a escola antes de concluir o ensino obrigat\u00f3rio, por gravidez precoce: principal causa de um alto n\u00famero de abandono escolar.<\/p>\n\n\n\n<p>Por outro lado, medidas de pol\u00edtica foram adoptadas como: o sistema de ced\u00eancia de Bolsas de Estudo Internas, que abrange meninas vulner\u00e1veis provenientes das v\u00e1rias regi\u00f5es do pa\u00eds, para garantir o acesso \u00e0 escola; a reten\u00e7\u00e3o com a merenda escolar; sa\u00fade e ambiente escolar; educa\u00e7\u00e3o sexual, g\u00e9nero e sa\u00fade reprodutiva; promo\u00e7\u00e3o do desporto e outras actividades para garantirmos a inclus\u00e3o de meninas na escola.<\/p>\n\n\n\n<p>Permitam-me partilhar alguns n\u00fameros e factos que ilustram o compromisso do Governo de Angola com a educa\u00e7\u00e3o inclusiva e equitativa e com a promo\u00e7\u00e3o de oportunidades de aprendizagem ao longo da vida para todos:<\/p>\n\n\n\n<p>&#8211; Em 3 anos foi poss\u00edvel corrigir a desfasagem de 3.216.489 alunos, dos quais 2.536.412 s\u00e3o do sexo feminino;<\/p>\n\n\n\n<p>&#8211; Desde 2021 foram formados 10.357 professores do ensino prim\u00e1rio e do secund\u00e1rio em Sa\u00fade menstrual, e mais de 30.000 adolescentes beneficiaram de informa\u00e7\u00f5es sobre a mat\u00e9ria, tendo sido distribu\u00eddas 15.000 cuecas menstruais;<\/p>\n\n\n\n<p>&#8211; Nos \u00faltimos 4 anos foram distribu\u00eddas 21.244 bolsas de estudos para o ensino secund\u00e1rio, das quais 10.729 foram para meninas;<\/p>\n\n\n\n<p>&#8211; Nestes \u00faltimos anos foram constru\u00eddas e reabilitadas 1098 escolas do ensino prim\u00e1rio e secund\u00e1rio.<\/p>\n\n\n\n<p>Com o projecto de empoderamento das meninas e aprendizagem para todos prev\u00ea-se em 2024, iniciar a constru\u00e7\u00e3o de 55 novas escolas e reabilita\u00e7\u00e3o de 7 escolas.<\/p>\n\n\n\n<p>&#8211; A aposta na forma\u00e7\u00e3o de professores em mat\u00e9ria de educa\u00e7\u00e3o e sa\u00fade menstrual, apresentou resultados positivos e mereceu distin\u00e7\u00e3o de Angola na gala em alus\u00e3o ao 10\u00ba anivers\u00e1rio do programa de salvaguarda de adolescentes e jovens do Fundo das Na\u00e7\u00f5es Unidas para a Popula\u00e7\u00e3o (UNFPA), tendo sido classificada em 1\u00ba lugar na categoria de sa\u00fade menstrual da 5\u00aa e 6\u00aa classes, a n\u00edvel da regi\u00e3o austral.<\/p>\n\n\n\n<p>QUERIDAS IRM\u00c3S<\/p>\n\n\n\n<p>ESTIMADOS PARTICIPANTES<\/p>\n\n\n\n<p>Enquanto cidad\u00e3, sempre lutei pela liberdade e dignidade dos povos e pela igualdade do g\u00e9nero, agora como Primeira Dama e com a minha Funda\u00e7\u00e3o Ngana Zenza para o Desenvolvimento Comunit\u00e1rio (FDC), continuo comprometida com estas causas e empenhada na melhoria da qualidade e expans\u00e3o da educa\u00e7\u00e3o, no empoderamento das nossas meninas e meninos nas comunidades, atrav\u00e9s de iniciativas direcionadas \u00e0s mulheres, aos jovens, em particular \u00e0s jovens mulheres de v\u00e1rios segmentos da nossa sociedade como agentes de mudan\u00e7a e influ\u00eancia nas respectivas comunidades.<\/p>\n\n\n\n<p>Para terminar, sa\u00fado mais uma vez a Campanha \u201cTodos somos Iguais\u201c, por quanto as quest\u00f5es de g\u00e9nero e a sua paridade na lideran\u00e7a continuam a constituir mat\u00e9ria da nossa ac\u00e7\u00e3o. Angola abra\u00e7a a Campanha e brevemente far\u00e1 o seu Lan\u00e7amento.<\/p>\n\n\n\n<p>Desejo \u00e0s minhas queridas irm\u00e3s, as Primeiras Damas e a todos os presentes, muita sa\u00fade, paz e amor e espero podermos estar juntas novamente o mais breve poss\u00edvel.<\/p>\n\n\n\n<p>Juntas continuaremos a advogar para dinamiza\u00e7\u00e3o no \u201cano de 2024 a promo\u00e7\u00e3o de programas educacionais em \u00c1frica, buscando reavivar os esfor\u00e7os existentes para alcan\u00e7ar plenamente o Objetivo 4 dos ODS\u201d.<\/p>\n","protected":false},"excerpt":{"rendered":"<p>A Primeira-Dama da Rep\u00fablica de Angola, Ana Dias Louren\u00e7o, participou na cidade de Abuja, Nig\u00e9ria, no evento que marcou o lan\u00e7amento da Campanha \u201cWeAreEqual\/Somos Todos Iguais\u201d, com o tema \u201cEduca\u00e7\u00e3o, uma ferramenta poderosa para a mudan\u00e7a: nenhuma menina deve ser deixada para tr\u00e1s\u201d. JORNAL FAX: PASCOAL ZUA O evento promovido pela Primeira-Dama da Rep\u00fablica Federal [&hellip;]<\/p>\n<div class='heateor_sss_sharing_container heateor_sss_vertical_sharing heateor_sss_bottom_sharing' style='width:44px;left: -10px;top: 100px;-webkit-box-shadow:none;box-shadow:none;' data-heateor-sss-href='https:\/\/jornalfax.net\/index.php\/wp-json\/wp\/v2\/posts\/2524'><div class=\"heateor_sss_sharing_ul\"><a aria-label=\"Facebook\" class=\"heateor_sss_facebook\" href=\"https:\/\/www.facebook.com\/sharer\/sharer.php?u=https%3A%2F%2Fjornalfax.net%2Findex.php%2Fwp-json%2Fwp%2Fv2%2Fposts%2F2524\" title=\"Facebook\" rel=\"nofollow noopener\" target=\"_blank\" style=\"font-size:32px!important;box-shadow:none;display:inline-block;vertical-align:middle\"><span class=\"heateor_sss_svg\" style=\"background-color:#0765FE;width:40px;height:40px;margin:0;display:inline-block;opacity:1;float:left;font-size:32px;box-shadow:none;display:inline-block;font-size:16px;padding:0 4px;vertical-align:middle;background-repeat:repeat;overflow:hidden;padding:0;cursor:pointer;box-sizing:content-box\"><svg style=\"display:block;\" focusable=\"false\" aria-hidden=\"true\" xmlns=\"http:\/\/www.w3.org\/2000\/svg\" width=\"100%\" height=\"100%\" viewBox=\"0 0 32 32\"><path fill=\"#fff\" d=\"M28 16c0-6.627-5.373-12-12-12S4 9.373 4 16c0 5.628 3.875 10.35 9.101 11.647v-7.98h-2.474V16H13.1v-1.58c0-4.085 1.849-5.978 5.859-5.978.76 0 2.072.15 2.608.298v3.325c-.283-.03-.775-.045-1.386-.045-1.967 0-2.728.745-2.728 2.683V16h3.92l-.673 3.667h-3.247v8.245C23.395 27.195 28 22.135 28 16Z\"><\/path><\/svg><\/span><\/a><a aria-label=\"X\" class=\"heateor_sss_button_x\" href=\"https:\/\/twitter.com\/intent\/tweet?text=%20-%20&url=https%3A%2F%2Fjornalfax.net%2Findex.php%2Fwp-json%2Fwp%2Fv2%2Fposts%2F2524\" title=\"X\" rel=\"nofollow noopener\" target=\"_blank\" style=\"font-size:32px!important;box-shadow:none;display:inline-block;vertical-align:middle\"><span class=\"heateor_sss_svg heateor_sss_s__default heateor_sss_s_x\" style=\"background-color:#2a2a2a;width:40px;height:40px;margin:0;display:inline-block;opacity:1;float:left;font-size:32px;box-shadow:none;display:inline-block;font-size:16px;padding:0 4px;vertical-align:middle;background-repeat:repeat;overflow:hidden;padding:0;cursor:pointer;box-sizing:content-box\"><svg width=\"100%\" height=\"100%\" style=\"display:block;\" focusable=\"false\" aria-hidden=\"true\" xmlns=\"http:\/\/www.w3.org\/2000\/svg\" viewBox=\"0 0 32 32\"><path fill=\"#fff\" d=\"M21.751 7h3.067l-6.7 7.658L26 25.078h-6.172l-4.833-6.32-5.531 6.32h-3.07l7.167-8.19L6 7h6.328l4.37 5.777L21.75 7Zm-1.076 16.242h1.7L11.404 8.74H9.58l11.094 14.503Z\"><\/path><\/svg><\/span><\/a><a aria-label=\"Reddit\" class=\"heateor_sss_button_reddit\" href=\"http:\/\/reddit.com\/submit?url=https%3A%2F%2Fjornalfax.net%2Findex.php%2Fwp-json%2Fwp%2Fv2%2Fposts%2F2524&title=%20-%20\" title=\"Reddit\" rel=\"nofollow noopener\" target=\"_blank\" style=\"font-size:32px!important;box-shadow:none;display:inline-block;vertical-align:middle\"><span class=\"heateor_sss_svg heateor_sss_s__default heateor_sss_s_reddit\" style=\"background-color:#ff5700;width:40px;height:40px;margin:0;display:inline-block;opacity:1;float:left;font-size:32px;box-shadow:none;display:inline-block;font-size:16px;padding:0 4px;vertical-align:middle;background-repeat:repeat;overflow:hidden;padding:0;cursor:pointer;box-sizing:content-box\"><svg style=\"display:block;\" focusable=\"false\" aria-hidden=\"true\" xmlns=\"http:\/\/www.w3.org\/2000\/svg\" width=\"100%\" height=\"100%\" viewBox=\"-3.5 -3.5 39 39\"><path d=\"M28.543 15.774a2.953 2.953 0 0 0-2.951-2.949 2.882 2.882 0 0 0-1.9.713 14.075 14.075 0 0 0-6.85-2.044l1.38-4.349 3.768.884a2.452 2.452 0 1 0 .24-1.176l-4.274-1a.6.6 0 0 0-.709.4l-1.659 5.224a14.314 14.314 0 0 0-7.316 2.029 2.908 2.908 0 0 0-1.872-.681 2.942 2.942 0 0 0-1.618 5.4 5.109 5.109 0 0 0-.062.765c0 4.158 5.037 7.541 11.229 7.541s11.22-3.383 11.22-7.541a5.2 5.2 0 0 0-.053-.706 2.963 2.963 0 0 0 1.427-2.51zm-18.008 1.88a1.753 1.753 0 0 1 1.73-1.74 1.73 1.73 0 0 1 1.709 1.74 1.709 1.709 0 0 1-1.709 1.711 1.733 1.733 0 0 1-1.73-1.711zm9.565 4.968a5.573 5.573 0 0 1-4.081 1.272h-.032a5.576 5.576 0 0 1-4.087-1.272.6.6 0 0 1 .844-.854 4.5 4.5 0 0 0 3.238.927h.032a4.5 4.5 0 0 0 3.237-.927.6.6 0 1 1 .844.854zm-.331-3.256a1.726 1.726 0 1 1 1.709-1.712 1.717 1.717 0 0 1-1.712 1.712z\" fill=\"#fff\"\/><\/svg><\/span><\/a><a aria-label=\"Linkedin\" class=\"heateor_sss_button_linkedin\" href=\"https:\/\/www.linkedin.com\/sharing\/share-offsite\/?url=https%3A%2F%2Fjornalfax.net%2Findex.php%2Fwp-json%2Fwp%2Fv2%2Fposts%2F2524\" title=\"Linkedin\" rel=\"nofollow noopener\" target=\"_blank\" style=\"font-size:32px!important;box-shadow:none;display:inline-block;vertical-align:middle\"><span class=\"heateor_sss_svg heateor_sss_s__default heateor_sss_s_linkedin\" style=\"background-color:#0077b5;width:40px;height:40px;margin:0;display:inline-block;opacity:1;float:left;font-size:32px;box-shadow:none;display:inline-block;font-size:16px;padding:0 4px;vertical-align:middle;background-repeat:repeat;overflow:hidden;padding:0;cursor:pointer;box-sizing:content-box\"><svg style=\"display:block;\" focusable=\"false\" aria-hidden=\"true\" xmlns=\"http:\/\/www.w3.org\/2000\/svg\" width=\"100%\" height=\"100%\" viewBox=\"0 0 32 32\"><path d=\"M6.227 12.61h4.19v13.48h-4.19V12.61zm2.095-6.7a2.43 2.43 0 0 1 0 4.86c-1.344 0-2.428-1.09-2.428-2.43s1.084-2.43 2.428-2.43m4.72 6.7h4.02v1.84h.058c.56-1.058 1.927-2.176 3.965-2.176 4.238 0 5.02 2.792 5.02 6.42v7.395h-4.183v-6.56c0-1.564-.03-3.574-2.178-3.574-2.18 0-2.514 1.7-2.514 3.46v6.668h-4.187V12.61z\" fill=\"#fff\"><\/path><\/svg><\/span><\/a><a aria-label=\"Pinterest\" class=\"heateor_sss_button_pinterest\" href=\"https:\/\/jornalfax.net\/index.php\/wp-json\/wp\/v2\/posts\/2524\" onclick=\"event.preventDefault();javascript:void( (function() {var e=document.createElement('script' );e.setAttribute('type','text\/javascript' );e.setAttribute('charset','UTF-8' );e.setAttribute('src','\/\/assets.pinterest.com\/js\/pinmarklet.js?r='+Math.random()*99999999);document.body.appendChild(e)})());\" title=\"Pinterest\" rel=\"noopener\" style=\"font-size:32px!important;box-shadow:none;display:inline-block;vertical-align:middle\"><span class=\"heateor_sss_svg heateor_sss_s__default heateor_sss_s_pinterest\" style=\"background-color:#cc2329;width:40px;height:40px;margin:0;display:inline-block;opacity:1;float:left;font-size:32px;box-shadow:none;display:inline-block;font-size:16px;padding:0 4px;vertical-align:middle;background-repeat:repeat;overflow:hidden;padding:0;cursor:pointer;box-sizing:content-box\"><svg style=\"display:block;\" focusable=\"false\" aria-hidden=\"true\" xmlns=\"http:\/\/www.w3.org\/2000\/svg\" width=\"100%\" height=\"100%\" viewBox=\"-2 -2 35 35\"><path fill=\"#fff\" d=\"M16.539 4.5c-6.277 0-9.442 4.5-9.442 8.253 0 2.272.86 4.293 2.705 5.046.303.125.574.005.662-.33.061-.231.205-.816.27-1.06.088-.331.053-.447-.191-.736-.532-.627-.873-1.439-.873-2.591 0-3.338 2.498-6.327 6.505-6.327 3.548 0 5.497 2.168 5.497 5.062 0 3.81-1.686 7.025-4.188 7.025-1.382 0-2.416-1.142-2.085-2.545.397-1.674 1.166-3.48 1.166-4.689 0-1.081-.581-1.983-1.782-1.983-1.413 0-2.548 1.462-2.548 3.419 0 1.247.421 2.091.421 2.091l-1.699 7.199c-.505 2.137-.076 4.755-.039 5.019.021.158.223.196.314.077.13-.17 1.813-2.247 2.384-4.324.162-.587.929-3.631.929-3.631.46.876 1.801 1.646 3.227 1.646 4.247 0 7.128-3.871 7.128-9.053.003-3.918-3.317-7.568-8.361-7.568z\"\/><\/svg><\/span><\/a><a aria-label=\"Mastodon\" class=\"heateor_sss_button_mastodon\" href=\"https:\/\/mastodon.social\/share?text=https%3A%2F%2Fjornalfax.net%2Findex.php%2Fwp-json%2Fwp%2Fv2%2Fposts%2F2524&title=%20-%20\" title=\"Mastodon\" rel=\"nofollow noopener\" target=\"_blank\" style=\"font-size:32px!important;box-shadow:none;display:inline-block;vertical-align:middle\"><span class=\"heateor_sss_svg heateor_sss_s__default heateor_sss_s_mastodon\" style=\"background-color:#6364FF;width:40px;height:40px;margin:0;display:inline-block;opacity:1;float:left;font-size:32px;box-shadow:none;display:inline-block;font-size:16px;padding:0 4px;vertical-align:middle;background-repeat:repeat;overflow:hidden;padding:0;cursor:pointer;box-sizing:content-box\"><svg style=\"display:block;\" focusable=\"false\" aria-hidden=\"true\" xmlns=\"http:\/\/www.w3.org\/2000\/svg\" width=\"100%\" height=\"100%\" viewBox=\"-3.5 -3.5 39 39\"><path d=\"M27 12c0-5.12-3.35-6.62-3.35-6.62C22 4.56 19.05 4.23 16 4.21c-3 0-5.92.35-7.61 1.12C8.36 5.33 5 6.83 5 12v4c.12 5 .92 9.93 5.54 11.16a17.67 17.67 0 005.44.6 10.88 10.88 0 004.18-.95l-.09-1.95a13.36 13.36 0 01-4.07.54c-2.12-.07-4.37-.23-4.71-2.84a5.58 5.58 0 01-.05-.73 27.46 27.46 0 004.73.63 26.76 26.76 0 004.68-.28c3-.35 5.53-2.17 5.85-3.83A39.25 39.25 0 0027 12zm-3.95 6.59h-2.46v-6c0-1.27-.53-1.91-1.6-1.91s-1.77.76-1.77 2.27v3.29h-2.44v-3.35c0-1.51-.59-2.27-1.77-2.27s-1.6.64-1.6 1.91v6H9v-6.18a4.49 4.49 0 011-3 3.39 3.39 0 012.63-1.12 3.17 3.17 0 012.84 1.44l.61 1 .61-1a3.17 3.17 0 012.84-1.44 3.39 3.39 0 012.63 1.12 4.49 4.49 0 011 3z\" fill=\"#fff\"><\/path><\/svg><\/span><\/a><a aria-label=\"Mix\" class=\"heateor_sss_button_mix\" href=\"https:\/\/mix.com\/mixit?url=https%3A%2F%2Fjornalfax.net%2Findex.php%2Fwp-json%2Fwp%2Fv2%2Fposts%2F2524\" title=\"Mix\" rel=\"nofollow noopener\" target=\"_blank\" style=\"font-size:32px!important;box-shadow:none;display:inline-block;vertical-align:middle\"><span class=\"heateor_sss_svg heateor_sss_s__default heateor_sss_s_mix\" style=\"background-color:#ff8226;width:40px;height:40px;margin:0;display:inline-block;opacity:1;float:left;font-size:32px;box-shadow:none;display:inline-block;font-size:16px;padding:0 4px;vertical-align:middle;background-repeat:repeat;overflow:hidden;padding:0;cursor:pointer;box-sizing:content-box\"><svg focusable=\"false\" aria-hidden=\"true\" xmlns=\"http:\/\/www.w3.org\/2000\/svg\" width=\"100%\" height=\"100%\" viewBox=\"-7 -8 45 45\"><g fill=\"#fff\"><path opacity=\".8\" d=\"M27.87 4.125c-5.224 0-9.467 4.159-9.467 9.291v2.89c0-1.306 1.074-2.362 2.399-2.362s2.399 1.056 2.399 2.362v1.204c0 1.306 1.074 2.362 2.399 2.362s2.399-1.056 2.399-2.362V4.134c-.036-.009-.082-.009-.129-.009\"\/><path d=\"M4 4.125v12.94c2.566 0 4.668-1.973 4.807-4.465v-2.214c0-.065 0-.12.009-.176.093-1.213 1.13-2.177 2.39-2.177 1.325 0 2.399 1.056 2.399 2.362v9.226c0 1.306 1.074 2.353 2.399 2.353s2.399-1.056 2.399-2.353v-6.206c0-5.132 4.233-9.291 9.467-9.291H4z\"\/><path opacity=\".8\" d=\"M4 17.074v8.438c0 1.306 1.074 2.362 2.399 2.362s2.399-1.056 2.399-2.362V12.61C8.659 15.102 6.566 17.074 4 17.074\"\/><\/g><\/svg><\/span><\/a><a aria-label=\"Whatsapp\" class=\"heateor_sss_whatsapp\" href=\"https:\/\/api.whatsapp.com\/send?text=%20-%20%20https%3A%2F%2Fjornalfax.net%2Findex.php%2Fwp-json%2Fwp%2Fv2%2Fposts%2F2524\" title=\"Whatsapp\" rel=\"nofollow noopener\" target=\"_blank\" style=\"font-size:32px!important;box-shadow:none;display:inline-block;vertical-align:middle\"><span class=\"heateor_sss_svg\" style=\"background-color:#55eb4c;width:40px;height:40px;margin:0;display:inline-block;opacity:1;float:left;font-size:32px;box-shadow:none;display:inline-block;font-size:16px;padding:0 4px;vertical-align:middle;background-repeat:repeat;overflow:hidden;padding:0;cursor:pointer;box-sizing:content-box\"><svg style=\"display:block;\" focusable=\"false\" aria-hidden=\"true\" xmlns=\"http:\/\/www.w3.org\/2000\/svg\" width=\"100%\" height=\"100%\" viewBox=\"-6 -5 40 40\"><path class=\"heateor_sss_svg_stroke heateor_sss_no_fill\" stroke=\"#fff\" stroke-width=\"2\" fill=\"none\" d=\"M 11.579798566743314 24.396926207859085 A 10 10 0 1 0 6.808479557110079 20.73576436351046\"><\/path><path d=\"M 7 19 l -1 6 l 6 -1\" class=\"heateor_sss_no_fill heateor_sss_svg_stroke\" stroke=\"#fff\" stroke-width=\"2\" fill=\"none\"><\/path><path d=\"M 10 10 q -1 8 8 11 c 5 -1 0 -6 -1 -3 q -4 -3 -5 -5 c 4 -2 -1 -5 -1 -4\" fill=\"#fff\"><\/path><\/svg><\/span><\/a><a class=\"heateor_sss_more\" aria-label=\"More\" title=\"More\" rel=\"nofollow noopener\" style=\"font-size: 32px!important;border:0;box-shadow:none;display:inline-block!important;font-size:16px;padding:0 4px;vertical-align: middle;display:inline;\" href=\"https:\/\/jornalfax.net\/index.php\/wp-json\/wp\/v2\/posts\/2524\" onclick=\"event.preventDefault()\"><span class=\"heateor_sss_svg\" style=\"background-color:#ee8e2d;width:40px;height:40px;margin:0;display:inline-block!important;opacity:1;float:left;font-size:32px!important;box-shadow:none;display:inline-block;font-size:16px;padding:0 4px;vertical-align:middle;display:inline;background-repeat:repeat;overflow:hidden;padding:0;cursor:pointer;box-sizing:content-box;\" onclick=\"heateorSssMoreSharingPopup(this, 'https:\/\/jornalfax.net\/index.php\/wp-json\/wp\/v2\/posts\/2524', '%20-%20', '' )\"><svg xmlns=\"http:\/\/www.w3.org\/2000\/svg\" xmlns:xlink=\"http:\/\/www.w3.org\/1999\/xlink\" viewBox=\"-.3 0 32 32\" version=\"1.1\" width=\"100%\" height=\"100%\" style=\"display:block;\" xml:space=\"preserve\"><g><path fill=\"#fff\" d=\"M18 14V8h-4v6H8v4h6v6h4v-6h6v-4h-6z\" fill-rule=\"evenodd\"><\/path><\/g><\/svg><\/span><\/a><\/div><div class=\"heateorSssClear\"><\/div><\/div>","protected":false},"author":1,"featured_media":2525,"comment_status":"closed","ping_status":"closed","sticky":false,"template":"","format":"standard","meta":{"footnotes":""},"categories":[23,28],"tags":[],"class_list":["post-2524","post","type-post","status-publish","format-standard","has-post-thumbnail","hentry","category-destaque","category-em-foco"],"yoast_head":"<!-- This site is optimized with the Yoast SEO plugin v24.3 - https:\/\/yoast.com\/wordpress\/plugins\/seo\/ -->\n<title>ANA DIAS LOUREN\u00c7O PARTICIPA NO LAN\u00c7AMENTO DA CAMPANHA UNIFICADORA \u201cSOMOS TODOS IGUAIS\u201d -<\/title>\n<meta name=\"robots\" content=\"index, follow, max-snippet:-1, max-image-preview:large, max-video-preview:-1\" \/>\n<link rel=\"canonical\" href=\"https:\/\/jornalfax.net\/index.php\/2024\/05\/13\/ana-dias-lourenco-participa-no-lancamento-da-campanha-unificadora-somos-todos-iguais\/\" \/>\n<meta property=\"og:locale\" content=\"pt_BR\" \/>\n<meta property=\"og:type\" content=\"article\" \/>\n<meta property=\"og:title\" content=\"ANA DIAS LOUREN\u00c7O PARTICIPA NO LAN\u00c7AMENTO DA CAMPANHA UNIFICADORA \u201cSOMOS TODOS IGUAIS\u201d -\" \/>\n<meta property=\"og:description\" content=\"A Primeira-Dama da Rep\u00fablica de Angola, Ana Dias Louren\u00e7o, participou na cidade de Abuja, Nig\u00e9ria, no evento que marcou o lan\u00e7amento da Campanha \u201cWeAreEqual\/Somos Todos Iguais\u201d, com o tema \u201cEduca\u00e7\u00e3o, uma ferramenta poderosa para a mudan\u00e7a: nenhuma menina deve ser deixada para tr\u00e1s\u201d. JORNAL FAX: PASCOAL ZUA O evento promovido pela Primeira-Dama da Rep\u00fablica Federal [&hellip;]\" \/>\n<meta property=\"og:url\" content=\"https:\/\/jornalfax.net\/index.php\/2024\/05\/13\/ana-dias-lourenco-participa-no-lancamento-da-campanha-unificadora-somos-todos-iguais\/\" \/>\n<meta property=\"article:published_time\" content=\"2024-05-13T23:44:41+00:00\" \/>\n<meta property=\"article:modified_time\" content=\"2024-05-13T23:44:42+00:00\" \/>\n<meta property=\"og:image\" content=\"http:\/\/jornalfax.net\/wp-content\/uploads\/2024\/05\/images-9.jpg\" \/>\n\t<meta property=\"og:image:width\" content=\"276\" \/>\n\t<meta property=\"og:image:height\" content=\"183\" \/>\n\t<meta property=\"og:image:type\" content=\"image\/jpeg\" \/>\n<meta name=\"author\" content=\"jornalfax.net\" \/>\n<meta name=\"twitter:card\" content=\"summary_large_image\" \/>\n<meta name=\"twitter:label1\" content=\"Escrito por\" \/>\n\t<meta name=\"twitter:data1\" content=\"jornalfax.net\" \/>\n\t<meta name=\"twitter:label2\" content=\"Est. tempo de leitura\" \/>\n\t<meta name=\"twitter:data2\" content=\"8 minutos\" \/>\n<script type=\"application\/ld+json\" class=\"yoast-schema-graph\">{\"@context\":\"https:\/\/schema.org\",\"@graph\":[{\"@type\":\"WebPage\",\"@id\":\"https:\/\/jornalfax.net\/index.php\/2024\/05\/13\/ana-dias-lourenco-participa-no-lancamento-da-campanha-unificadora-somos-todos-iguais\/\",\"url\":\"https:\/\/jornalfax.net\/index.php\/2024\/05\/13\/ana-dias-lourenco-participa-no-lancamento-da-campanha-unificadora-somos-todos-iguais\/\",\"name\":\"ANA DIAS LOUREN\u00c7O PARTICIPA NO LAN\u00c7AMENTO DA CAMPANHA UNIFICADORA \u201cSOMOS TODOS IGUAIS\u201d -\",\"isPartOf\":{\"@id\":\"https:\/\/jornalfax.net\/#website\"},\"primaryImageOfPage\":{\"@id\":\"https:\/\/jornalfax.net\/index.php\/2024\/05\/13\/ana-dias-lourenco-participa-no-lancamento-da-campanha-unificadora-somos-todos-iguais\/#primaryimage\"},\"image\":{\"@id\":\"https:\/\/jornalfax.net\/index.php\/2024\/05\/13\/ana-dias-lourenco-participa-no-lancamento-da-campanha-unificadora-somos-todos-iguais\/#primaryimage\"},\"thumbnailUrl\":\"https:\/\/jornalfax.net\/wp-content\/uploads\/2024\/05\/images-9.jpg\",\"datePublished\":\"2024-05-13T23:44:41+00:00\",\"dateModified\":\"2024-05-13T23:44:42+00:00\",\"author\":{\"@id\":\"https:\/\/jornalfax.net\/#\/schema\/person\/ea5b5601e259b5e0c03c9cb7908e9ffd\"},\"breadcrumb\":{\"@id\":\"https:\/\/jornalfax.net\/index.php\/2024\/05\/13\/ana-dias-lourenco-participa-no-lancamento-da-campanha-unificadora-somos-todos-iguais\/#breadcrumb\"},\"inLanguage\":\"pt-BR\",\"potentialAction\":[{\"@type\":\"ReadAction\",\"target\":[\"https:\/\/jornalfax.net\/index.php\/2024\/05\/13\/ana-dias-lourenco-participa-no-lancamento-da-campanha-unificadora-somos-todos-iguais\/\"]}]},{\"@type\":\"ImageObject\",\"inLanguage\":\"pt-BR\",\"@id\":\"https:\/\/jornalfax.net\/index.php\/2024\/05\/13\/ana-dias-lourenco-participa-no-lancamento-da-campanha-unificadora-somos-todos-iguais\/#primaryimage\",\"url\":\"https:\/\/jornalfax.net\/wp-content\/uploads\/2024\/05\/images-9.jpg\",\"contentUrl\":\"https:\/\/jornalfax.net\/wp-content\/uploads\/2024\/05\/images-9.jpg\",\"width\":276,\"height\":183},{\"@type\":\"BreadcrumbList\",\"@id\":\"https:\/\/jornalfax.net\/index.php\/2024\/05\/13\/ana-dias-lourenco-participa-no-lancamento-da-campanha-unificadora-somos-todos-iguais\/#breadcrumb\",\"itemListElement\":[{\"@type\":\"ListItem\",\"position\":1,\"name\":\"In\u00edcio\",\"item\":\"https:\/\/jornalfax.net\/\"},{\"@type\":\"ListItem\",\"position\":2,\"name\":\"ANA DIAS LOUREN\u00c7O PARTICIPA NO LAN\u00c7AMENTO DA CAMPANHA UNIFICADORA \u201cSOMOS TODOS IGUAIS\u201d\"}]},{\"@type\":\"WebSite\",\"@id\":\"https:\/\/jornalfax.net\/#website\",\"url\":\"https:\/\/jornalfax.net\/\",\"name\":\"\",\"description\":\"\",\"potentialAction\":[{\"@type\":\"SearchAction\",\"target\":{\"@type\":\"EntryPoint\",\"urlTemplate\":\"https:\/\/jornalfax.net\/?s={search_term_string}\"},\"query-input\":{\"@type\":\"PropertyValueSpecification\",\"valueRequired\":true,\"valueName\":\"search_term_string\"}}],\"inLanguage\":\"pt-BR\"},{\"@type\":\"Person\",\"@id\":\"https:\/\/jornalfax.net\/#\/schema\/person\/ea5b5601e259b5e0c03c9cb7908e9ffd\",\"name\":\"jornalfax.net\",\"sameAs\":[\"http:\/\/jornalfax.net\"],\"url\":\"https:\/\/jornalfax.net\/index.php\/author\/jornalfax-net\/\"}]}<\/script>\n<!-- \/ Yoast SEO plugin. -->","yoast_head_json":{"title":"ANA DIAS LOUREN\u00c7O PARTICIPA NO LAN\u00c7AMENTO DA CAMPANHA UNIFICADORA \u201cSOMOS TODOS IGUAIS\u201d -","robots":{"index":"index","follow":"follow","max-snippet":"max-snippet:-1","max-image-preview":"max-image-preview:large","max-video-preview":"max-video-preview:-1"},"canonical":"https:\/\/jornalfax.net\/index.php\/2024\/05\/13\/ana-dias-lourenco-participa-no-lancamento-da-campanha-unificadora-somos-todos-iguais\/","og_locale":"pt_BR","og_type":"article","og_title":"ANA DIAS LOUREN\u00c7O PARTICIPA NO LAN\u00c7AMENTO DA CAMPANHA UNIFICADORA \u201cSOMOS TODOS IGUAIS\u201d -","og_description":"A Primeira-Dama da Rep\u00fablica de Angola, Ana Dias Louren\u00e7o, participou na cidade de Abuja, Nig\u00e9ria, no evento que marcou o lan\u00e7amento da Campanha \u201cWeAreEqual\/Somos Todos Iguais\u201d, com o tema \u201cEduca\u00e7\u00e3o, uma ferramenta poderosa para a mudan\u00e7a: nenhuma menina deve ser deixada para tr\u00e1s\u201d. JORNAL FAX: PASCOAL ZUA O evento promovido pela Primeira-Dama da Rep\u00fablica Federal [&hellip;]","og_url":"https:\/\/jornalfax.net\/index.php\/2024\/05\/13\/ana-dias-lourenco-participa-no-lancamento-da-campanha-unificadora-somos-todos-iguais\/","article_published_time":"2024-05-13T23:44:41+00:00","article_modified_time":"2024-05-13T23:44:42+00:00","og_image":[{"width":276,"height":183,"url":"http:\/\/jornalfax.net\/wp-content\/uploads\/2024\/05\/images-9.jpg","type":"image\/jpeg"}],"author":"jornalfax.net","twitter_card":"summary_large_image","twitter_misc":{"Escrito por":"jornalfax.net","Est. tempo de leitura":"8 minutos"},"schema":{"@context":"https:\/\/schema.org","@graph":[{"@type":"WebPage","@id":"https:\/\/jornalfax.net\/index.php\/2024\/05\/13\/ana-dias-lourenco-participa-no-lancamento-da-campanha-unificadora-somos-todos-iguais\/","url":"https:\/\/jornalfax.net\/index.php\/2024\/05\/13\/ana-dias-lourenco-participa-no-lancamento-da-campanha-unificadora-somos-todos-iguais\/","name":"ANA DIAS LOUREN\u00c7O PARTICIPA NO LAN\u00c7AMENTO DA CAMPANHA UNIFICADORA \u201cSOMOS TODOS IGUAIS\u201d -","isPartOf":{"@id":"https:\/\/jornalfax.net\/#website"},"primaryImageOfPage":{"@id":"https:\/\/jornalfax.net\/index.php\/2024\/05\/13\/ana-dias-lourenco-participa-no-lancamento-da-campanha-unificadora-somos-todos-iguais\/#primaryimage"},"image":{"@id":"https:\/\/jornalfax.net\/index.php\/2024\/05\/13\/ana-dias-lourenco-participa-no-lancamento-da-campanha-unificadora-somos-todos-iguais\/#primaryimage"},"thumbnailUrl":"https:\/\/jornalfax.net\/wp-content\/uploads\/2024\/05\/images-9.jpg","datePublished":"2024-05-13T23:44:41+00:00","dateModified":"2024-05-13T23:44:42+00:00","author":{"@id":"https:\/\/jornalfax.net\/#\/schema\/person\/ea5b5601e259b5e0c03c9cb7908e9ffd"},"breadcrumb":{"@id":"https:\/\/jornalfax.net\/index.php\/2024\/05\/13\/ana-dias-lourenco-participa-no-lancamento-da-campanha-unificadora-somos-todos-iguais\/#breadcrumb"},"inLanguage":"pt-BR","potentialAction":[{"@type":"ReadAction","target":["https:\/\/jornalfax.net\/index.php\/2024\/05\/13\/ana-dias-lourenco-participa-no-lancamento-da-campanha-unificadora-somos-todos-iguais\/"]}]},{"@type":"ImageObject","inLanguage":"pt-BR","@id":"https:\/\/jornalfax.net\/index.php\/2024\/05\/13\/ana-dias-lourenco-participa-no-lancamento-da-campanha-unificadora-somos-todos-iguais\/#primaryimage","url":"https:\/\/jornalfax.net\/wp-content\/uploads\/2024\/05\/images-9.jpg","contentUrl":"https:\/\/jornalfax.net\/wp-content\/uploads\/2024\/05\/images-9.jpg","width":276,"height":183},{"@type":"BreadcrumbList","@id":"https:\/\/jornalfax.net\/index.php\/2024\/05\/13\/ana-dias-lourenco-participa-no-lancamento-da-campanha-unificadora-somos-todos-iguais\/#breadcrumb","itemListElement":[{"@type":"ListItem","position":1,"name":"In\u00edcio","item":"https:\/\/jornalfax.net\/"},{"@type":"ListItem","position":2,"name":"ANA DIAS LOUREN\u00c7O PARTICIPA NO LAN\u00c7AMENTO DA CAMPANHA UNIFICADORA \u201cSOMOS TODOS IGUAIS\u201d"}]},{"@type":"WebSite","@id":"https:\/\/jornalfax.net\/#website","url":"https:\/\/jornalfax.net\/","name":"","description":"","potentialAction":[{"@type":"SearchAction","target":{"@type":"EntryPoint","urlTemplate":"https:\/\/jornalfax.net\/?s={search_term_string}"},"query-input":{"@type":"PropertyValueSpecification","valueRequired":true,"valueName":"search_term_string"}}],"inLanguage":"pt-BR"},{"@type":"Person","@id":"https:\/\/jornalfax.net\/#\/schema\/person\/ea5b5601e259b5e0c03c9cb7908e9ffd","name":"jornalfax.net","sameAs":["http:\/\/jornalfax.net"],"url":"https:\/\/jornalfax.net\/index.php\/author\/jornalfax-net\/"}]}},"_links":{"self":[{"href":"https:\/\/jornalfax.net\/index.php\/wp-json\/wp\/v2\/posts\/2524","targetHints":{"allow":["GET"]}}],"collection":[{"href":"https:\/\/jornalfax.net\/index.php\/wp-json\/wp\/v2\/posts"}],"about":[{"href":"https:\/\/jornalfax.net\/index.php\/wp-json\/wp\/v2\/types\/post"}],"author":[{"embeddable":true,"href":"https:\/\/jornalfax.net\/index.php\/wp-json\/wp\/v2\/users\/1"}],"replies":[{"embeddable":true,"href":"https:\/\/jornalfax.net\/index.php\/wp-json\/wp\/v2\/comments?post=2524"}],"version-history":[{"count":1,"href":"https:\/\/jornalfax.net\/index.php\/wp-json\/wp\/v2\/posts\/2524\/revisions"}],"predecessor-version":[{"id":2526,"href":"https:\/\/jornalfax.net\/index.php\/wp-json\/wp\/v2\/posts\/2524\/revisions\/2526"}],"wp:featuredmedia":[{"embeddable":true,"href":"https:\/\/jornalfax.net\/index.php\/wp-json\/wp\/v2\/media\/2525"}],"wp:attachment":[{"href":"https:\/\/jornalfax.net\/index.php\/wp-json\/wp\/v2\/media?parent=2524"}],"wp:term":[{"taxonomy":"category","embeddable":true,"href":"https:\/\/jornalfax.net\/index.php\/wp-json\/wp\/v2\/categories?post=2524"},{"taxonomy":"post_tag","embeddable":true,"href":"https:\/\/jornalfax.net\/index.php\/wp-json\/wp\/v2\/tags?post=2524"}],"curies":[{"name":"wp","href":"https:\/\/api.w.org\/{rel}","templated":true}]}}