{"id":2494,"date":"2024-05-07T18:04:18","date_gmt":"2024-05-07T21:04:18","guid":{"rendered":"https:\/\/jornalfax.net\/?p=2494"},"modified":"2024-05-07T18:04:19","modified_gmt":"2024-05-07T21:04:19","slug":"integra-do-discurso-do-presidente-joao-lourenco-na-cimeira-eua-africa","status":"publish","type":"post","link":"https:\/\/jornalfax.net\/index.php\/2024\/05\/07\/integra-do-discurso-do-presidente-joao-lourenco-na-cimeira-eua-africa\/","title":{"rendered":"\u00cdNTEGRA DO DISCURSO DO PRESIDENTE JO\u00c3O LOUREN\u00c7O NA CIMEIRA EUA-\u00c1FRICA"},"content":{"rendered":"\n<p>O Presidente Jo\u00e3o Louren\u00e7o discursou, esta ter\u00e7a-feira, em Dallas, na 16.\u00aa Cimeira Empresarial Estados Unidos-\u00c1frica, na qualidade de Primeiro Vice-Presidente da Assembleia de Chefes de Estado e de Governo da Uni\u00e3o Africana.<\/p>\n\n\n\n<p>Excelent\u00edssima Senhora Embaixadora Linda Thomas, representante do Governo dos Estados Unidos da Am\u00e9rica;<\/p>\n\n\n\n<p>Sua Excel\u00eancia Greg Abbott, Governador do Texas;<\/p>\n\n\n\n<p>Excelent\u00edssima Senhora Florizelle Liser, Directora Executiva do Conselho Corporativo para \u00c1frica;<\/p>\n\n\n\n<p>Excelent\u00edssimo Senhor John Olajide, Presidente do Conselho Corporativo para \u00c1frica;<\/p>\n\n\n\n<p>Excelent\u00edssimo Senhor Cynt Marshall, Presidente do Conselho de Administra\u00e7\u00e3o da C\u00e2mara Regional de Dallas;<\/p>\n\n\n\n<p>Caros Convidados;&nbsp;&nbsp;&nbsp;&nbsp;&nbsp;&nbsp;&nbsp;&nbsp;&nbsp;&nbsp;&nbsp;&nbsp;&nbsp;&nbsp;&nbsp;&nbsp;&nbsp;&nbsp;&nbsp;&nbsp;&nbsp;&nbsp;&nbsp;&nbsp;&nbsp;&nbsp;&nbsp;&nbsp;&nbsp;&nbsp;&nbsp;&nbsp;&nbsp;&nbsp;&nbsp;&nbsp;&nbsp;&nbsp;&nbsp;&nbsp;&nbsp;&nbsp;&nbsp;&nbsp;&nbsp;&nbsp;&nbsp;&nbsp;&nbsp;&nbsp;&nbsp;&nbsp;&nbsp;&nbsp;&nbsp;&nbsp;<\/p>\n\n\n\n<p>Minhas Senhoras, Meus Senhores<\/p>\n\n\n\n<p>Gostaria de come\u00e7ar por manifestar a minha grande satisfa\u00e7\u00e3o por participar, na minha qualidade de Primeiro Vice-Presidente da Assembleia de Chefes de Estado e de Governo da Uni\u00e3o Africana, nesta cimeira organizada pelo Conselho Empresarial sobre \u00c1frica, que tem por objectivo fazer reflex\u00f5es sobre as oportunidades de neg\u00f3cios e as suas perspectivas entre os Estados Unidos da Am\u00e9rica e o continente africano.<\/p>\n\n\n\n<p>Permitam-me real\u00e7ar a oportunidade deste encontro, que ocorre num momento em que os Estados Unidos da Am\u00e9rica e a \u00c1frica, plenamente conscientes do potencial de que disp\u00f5em, t\u00eam estado a intensificar o di\u00e1logo ao n\u00edvel institucional, no intuito de refor\u00e7ar as rela\u00e7\u00f5es de coopera\u00e7\u00e3o bilateral e multilateral, num contexto em que os Estados Unidos, com o seu desenvolvimento industrial, a sua capacidade de inova\u00e7\u00e3o tecnol\u00f3gica, e a \u00c1frica, com a sua vasta riqueza em recursos naturais, a sua popula\u00e7\u00e3o jovem e o seu mercado em expans\u00e3o, posicionam-se como parceiros incontorn\u00e1veis para juntos enfrentarem os grandes desafios da seguran\u00e7a alimentar, da seguran\u00e7a energ\u00e9tica, da defesa do Ambiente, do com\u00e9rcio internacional e da economia global.<\/p>\n\n\n\n<p>Esta iniciativa surgevna sequ\u00eancia da Cimeira dos L\u00edderes EUA-\u00c1frica, realizada em Dezembro de 2022 em Washington DC, cujas conclus\u00f5es abriram perspectivas bastante animadoras para a intensifica\u00e7\u00e3o de rela\u00e7\u00f5es de coopera\u00e7\u00e3o entre os EUA e o continente africano, mormente no cap\u00edtulo da constru\u00e7\u00e3o de infra-estruturas, o que representa um passo fundamental e crucial no processo de desenvolvimento econ\u00f3mico e social do continente africano.<\/p>\n\n\n\n<p>As lideran\u00e7as africanas v\u00eam se esfor\u00e7ando no sentido de alcan\u00e7ar o objectivo de silenciar as armas no continente, combater o terrorismo e as mudan\u00e7as inconstitucionais de poder e a democracia, criar um bom ambiente de neg\u00f3cios para atrair cada vez mais o investimento privado, para criar riqueza e emprego para as suas popula\u00e7\u00f5es.<\/p>\n\n\n\n<p>O investimento privado \u00e9 importante para a economia dos nossos pa\u00edses que precisam de aumentar e diversificar a produ\u00e7\u00e3o de bens de consumo e servi\u00e7os, transformar as mat\u00e9rias-primas e diversificar os produtos de exporta\u00e7\u00e3o.<\/p>\n\n\n\n<p>Contudo, reconhecemos a import\u00e2ncia do investimento p\u00fablico e das parcerias p\u00fablico-privadas em infra-estruturas, para o salto que o continente pretende dar e que j\u00e1 chega com atraso em compara\u00e7\u00e3o com outras regi\u00f5es do nosso planeta.<\/p>\n\n\n\n<p>\u00c1frica conta muito com esta nova parceria com os Estados Unidos da Am\u00e9rica para o financiamento e constru\u00e7\u00e3o das infra-estruturas de que necessita para o desenvolvimento.<\/p>\n\n\n\n<p>A integra\u00e7\u00e3o econ\u00f3mica das comunidades econ\u00f3micas regionais e de \u00c1frica no seu todo implica haver maior mobilidade, conectividade, maior facilidade de circula\u00e7\u00e3o e partilha de algumas infra-estruturas fundamentais entre os pa\u00edses africanos para se poder ligar facilmente os pa\u00edses do norte do continente, do Magreb, ao sul da \u00c1frica Austral, ou os pa\u00edses da costa ocidental africana banhada pelo oceano Atl\u00e2ntico, aos pa\u00edses da costa oriental africana banhados pelo oceano \u00cdndico.<\/p>\n\n\n\n<p>Isto s\u00f3 ser\u00e1 uma realidade quando se investir fortemente na constru\u00e7\u00e3o de vias rodovi\u00e1rias, estradas e autoestradas transnacionais, na constru\u00e7\u00e3o de mais caminhos de ferro, de mais barragens hidro-el\u00e9ctricas e respectivas linhas de transmiss\u00e3o, mais quil\u00f3metros de cabos submarinos e de fibra \u00f3ptica, o que vai tamb\u00e9m viabilizar a efectiva implementa\u00e7\u00e3o do Acordo de Livre Com\u00e9rcio Continental.<\/p>\n\n\n\n<p>O continente africano conta convosco para aumentar sua capacidade de produ\u00e7\u00e3o de energia hidro-el\u00e9ctrica a partir de seus abundantes recursos h\u00eddricos, a constru\u00e7\u00e3o de parques fotovoltaicos de produ\u00e7\u00e3o de energia solar num continente com abund\u00e2ncia de sol que se desperdi\u00e7a.<\/p>\n\n\n\n<p>As infra-estruturas de comunica\u00e7\u00e3o e informa\u00e7\u00e3o atrav\u00e9s de sat\u00e9lites, cabos submarinos, redes de fibra \u00f3ptica e torres repetidoras para a telefonia m\u00f3vel e expans\u00e3o do sinal de internet s\u00e3o de import\u00e2ncia vital para o mais r\u00e1pido desenvolvimento de \u00c1frica.<\/p>\n\n\n\n<p>Neste momento em que muito se fala da necessidade da gradual transi\u00e7\u00e3o energ\u00e9tica para se salvar o planeta Terra do efeito de estufa e suas j\u00e1 muito vis\u00edveis consequ\u00eancias, gostar\u00edamos de ver o investimento privado directo americano na explora\u00e7\u00e3o e transforma\u00e7\u00e3o, de prefer\u00eancia local, dos minerais cr\u00edticos abundantes em \u00c1frica, para a produ\u00e7\u00e3o de baterias para os carros el\u00e9ctricos, dos pain\u00e9is solares, dos semicondutores e ships nesta era do crescimento exponencial da intelig\u00eancia artificial.<\/p>\n\n\n\n<p>Minha Senhoras, Meus Senhores<\/p>\n\n\n\n<p>Para al\u00e9m da necessidade de se garantir a seguran\u00e7a energ\u00e9tica, o mundo est\u00e1 sobretudo preocupado com a necessidade de se garantir a seguran\u00e7a alimentar.<\/p>\n\n\n\n<p>Neste cap\u00edtulo, o mundo deve contar e olhar em primeiro lugar para \u00c1frica pela abund\u00e2ncia de terras ar\u00e1veis, abund\u00e2ncia de recursos h\u00eddricos, abund\u00e2ncia de sol e de m\u00e3o de obra jovem que f\u00e1cil e rapidamente pode dominar o manejo da maquinaria agr\u00edcola moderna e absorver os conhecimentos das mais modernas t\u00e9cnicas de cultivo.<\/p>\n\n\n\n<p>Precisamos de investimento privado e do know how americano para fazermosvdo continente um grande produtor e exportador de bens alimentares de qualidade para o mundo.<\/p>\n\n\n\n<p>O continente africano pode jogar um papel crucial na supera\u00e7\u00e3o quer da crise energ\u00e9tica como da crise alimentar que o mundo enfrenta. Por isso entendemos que um olhar diferente dos Estados Unidos da Am\u00e9rica para \u00c1frica pode ser a chave destes dois problemas que afligem a economia mundial. Sejam pragm\u00e1ticos e n\u00e3o desperdicem esta oportunidade que se abre para o benef\u00edcio de todos.<\/p>\n\n\n\n<p>Os investidores americanos t\u00eam toda a liberdade de investir em todos os dom\u00ednios das nossas economias onde os estudos de viabilidade lhes garantirem haver retorno e lucros do seu investimento, na ind\u00fastria, no agro neg\u00f3cio, nas pescas, nos recursos minerais, petr\u00f3leo e g\u00e1s, nas rochas ornamentais, na imobili\u00e1ria, na hotelaria e turismo, nas telecomunica\u00e7\u00f5es e outros.<\/p>\n\n\n\n<p>O investimento privado ou em parcerias p\u00fablico-privadas na constru\u00e7\u00e3o e gest\u00e3o de unidades hospitalares de refer\u00eancia, na produ\u00e7\u00e3o local de medicamentos e de vacinas ser\u00e1 muito bem-vindo e acarinhado pelos governos africanos no geral.<\/p>\n\n\n\n<p>As nossas Universidades e centros de investiga\u00e7\u00e3o cient\u00edfica t\u00eam todo o interesse em estreitar contactos e trabalhar&nbsp;<a href=\"https:\/\/l.facebook.com\/l.php?u=http%3A%2F%2Fcom.as%2F%3Ffbclid%3DIwZXh0bgNhZW0CMTAAAR12rEoFbp2w4AkOVj9SL2ATkjYQ3Gj3tkvJR0FzxzrlHjXTwzT09gHKGFQ_aem_ATH62A-x6cKK260ZHTPLqx9RMzm79Gw995s3E-UWYSpcL19rincWoSnH9OnGa0bYVHy11y-aBCo4IXOb-MccdsKw&amp;h=AT1cWcMYYz4fn0VZ7M2V62CIf6pwvUi4_1zqjS_OHyzlkh7QBV_-6PAmCmeQtnH_h_jgl9-m8mCXA9pjNNQJWSd7Jgf4OhsZWoPiVacd6XQ5JoSicR6upM3mmHS0eby8emYa&amp;__tn__=-UK-R&amp;c%5b0%5d=AT3KkD-C81L6vGhMkq5q6dfjNtQIpXEMdJSXA5ynGAav_wEU0Uuvk0g_hhr8w7cMymz1Lg6yu_xOpRVvPWRdzVY3yVvB6N5_9L7rRFHrlY5SlFdW3JAlxgJRThdYoCLWaKGgJOOXN9yrqbj85_seJAOYLsgDhq2OiRt0ney6HF_Yl-NUoXTc5lyu5_OPtNR_0sFwAyh_fwDPhYfMnZlGVv7Z8EebsoWkDv3O\" target=\"_blank\" rel=\"noreferrer noopener\">com.as<\/a>&nbsp;mais conceituadas Universidades e centros de investiga\u00e7\u00e3o americanos.<\/p>\n\n\n\n<p>Excel\u00eancias,<\/p>\n\n\n\n<p>Um importante vector da rela\u00e7\u00e3o de \u00c1frica com os Estados Unidos da Am\u00e9rica \u00e9 o com\u00e9rcio, no \u00e2mbito do qual se t\u00eam processado opera\u00e7\u00f5es com vantagens rec\u00edprocas para os Estados Unidos da Am\u00e9rica e para \u00c1frica, que consegue, por esta via, assegurar receitas consider\u00e1veis para a concretiza\u00e7\u00e3o de projectos de desenvolvimento s\u00f3cio-econ\u00f3mico.<\/p>\n\n\n\n<p>Temos seguido com aten\u00e7\u00e3o e interesse o processo de renova\u00e7\u00e3o do AGOA, por se tratar de um mecanismo importante para o enquadramento das trocas comerciais, que pretendemos que seja cada vez mais inclusivo e flex\u00edvel, para que se possa tirar destes benef\u00edcios rec\u00edprocos tang\u00edveis.<\/p>\n\n\n\n<p>Permitam-me aproveitar esta ocasi\u00e3o para destacar a grande preocupa\u00e7\u00e3o comum \u00e0 maior parte dos pa\u00edses africanos, que se prende com o desafio da d\u00edvida p\u00fablica que temos enfrentado e que condiciona seriamente a execu\u00e7\u00e3o dos programas de desenvolvimento e que deve merecer a aten\u00e7\u00e3o das institui\u00e7\u00f5es de cr\u00e9dito, de modo que seja estabelecido algum equil\u00edbrio entre as obriga\u00e7\u00f5es perante o credor e os imperativos de execu\u00e7\u00e3o dos programas de desenvolvimento dos pa\u00edses africanos.<\/p>\n\n\n\n<p>Permitam-me agradecer o convite que me foi endere\u00e7ado, que me proporciona a oportunidade de contribuir para a constru\u00e7\u00e3o do futuro das rela\u00e7\u00f5es econ\u00f3micas entrebo continente africano e os Estados Unidos da Am\u00e9rica.<\/p>\n\n\n\n<p>Fa\u00e7o votos de que os resultados dos nossos trabalhos sejam devidamente aproveitados para juntos construirmos uma parceria que promova o desenvolvimento econ\u00f3mico e social do continente africano e seja, ao mesmo tempo, ben\u00e9fica para as institui\u00e7\u00f5es credoras e investidores privados americanos.<\/p>\n\n\n\n<p>Muito obrigado!<\/p>\n","protected":false},"excerpt":{"rendered":"<p>O Presidente Jo\u00e3o Louren\u00e7o discursou, esta ter\u00e7a-feira, em Dallas, na 16.\u00aa Cimeira Empresarial Estados Unidos-\u00c1frica, na qualidade de Primeiro Vice-Presidente da Assembleia de Chefes de Estado e de Governo da Uni\u00e3o Africana. Excelent\u00edssima Senhora Embaixadora Linda Thomas, representante do Governo dos Estados Unidos da Am\u00e9rica; Sua Excel\u00eancia Greg Abbott, Governador do Texas; Excelent\u00edssima Senhora Florizelle [&hellip;]<\/p>\n<div class='heateor_sss_sharing_container heateor_sss_vertical_sharing heateor_sss_bottom_sharing' style='width:44px;left: -10px;top: 100px;-webkit-box-shadow:none;box-shadow:none;' data-heateor-sss-href='https:\/\/jornalfax.net\/index.php\/wp-json\/wp\/v2\/posts\/2494'><div class=\"heateor_sss_sharing_ul\"><a aria-label=\"Facebook\" class=\"heateor_sss_facebook\" href=\"https:\/\/www.facebook.com\/sharer\/sharer.php?u=https%3A%2F%2Fjornalfax.net%2Findex.php%2Fwp-json%2Fwp%2Fv2%2Fposts%2F2494\" title=\"Facebook\" rel=\"nofollow noopener\" target=\"_blank\" style=\"font-size:32px!important;box-shadow:none;display:inline-block;vertical-align:middle\"><span class=\"heateor_sss_svg\" style=\"background-color:#0765FE;width:40px;height:40px;margin:0;display:inline-block;opacity:1;float:left;font-size:32px;box-shadow:none;display:inline-block;font-size:16px;padding:0 4px;vertical-align:middle;background-repeat:repeat;overflow:hidden;padding:0;cursor:pointer;box-sizing:content-box\"><svg style=\"display:block;\" focusable=\"false\" aria-hidden=\"true\" xmlns=\"http:\/\/www.w3.org\/2000\/svg\" width=\"100%\" height=\"100%\" viewBox=\"0 0 32 32\"><path fill=\"#fff\" d=\"M28 16c0-6.627-5.373-12-12-12S4 9.373 4 16c0 5.628 3.875 10.35 9.101 11.647v-7.98h-2.474V16H13.1v-1.58c0-4.085 1.849-5.978 5.859-5.978.76 0 2.072.15 2.608.298v3.325c-.283-.03-.775-.045-1.386-.045-1.967 0-2.728.745-2.728 2.683V16h3.92l-.673 3.667h-3.247v8.245C23.395 27.195 28 22.135 28 16Z\"><\/path><\/svg><\/span><\/a><a aria-label=\"X\" class=\"heateor_sss_button_x\" href=\"https:\/\/twitter.com\/intent\/tweet?text=%20-%20&url=https%3A%2F%2Fjornalfax.net%2Findex.php%2Fwp-json%2Fwp%2Fv2%2Fposts%2F2494\" title=\"X\" rel=\"nofollow noopener\" target=\"_blank\" style=\"font-size:32px!important;box-shadow:none;display:inline-block;vertical-align:middle\"><span class=\"heateor_sss_svg heateor_sss_s__default heateor_sss_s_x\" style=\"background-color:#2a2a2a;width:40px;height:40px;margin:0;display:inline-block;opacity:1;float:left;font-size:32px;box-shadow:none;display:inline-block;font-size:16px;padding:0 4px;vertical-align:middle;background-repeat:repeat;overflow:hidden;padding:0;cursor:pointer;box-sizing:content-box\"><svg width=\"100%\" height=\"100%\" style=\"display:block;\" focusable=\"false\" aria-hidden=\"true\" xmlns=\"http:\/\/www.w3.org\/2000\/svg\" viewBox=\"0 0 32 32\"><path fill=\"#fff\" d=\"M21.751 7h3.067l-6.7 7.658L26 25.078h-6.172l-4.833-6.32-5.531 6.32h-3.07l7.167-8.19L6 7h6.328l4.37 5.777L21.75 7Zm-1.076 16.242h1.7L11.404 8.74H9.58l11.094 14.503Z\"><\/path><\/svg><\/span><\/a><a aria-label=\"Reddit\" class=\"heateor_sss_button_reddit\" href=\"http:\/\/reddit.com\/submit?url=https%3A%2F%2Fjornalfax.net%2Findex.php%2Fwp-json%2Fwp%2Fv2%2Fposts%2F2494&title=%20-%20\" title=\"Reddit\" rel=\"nofollow noopener\" target=\"_blank\" style=\"font-size:32px!important;box-shadow:none;display:inline-block;vertical-align:middle\"><span class=\"heateor_sss_svg heateor_sss_s__default heateor_sss_s_reddit\" style=\"background-color:#ff5700;width:40px;height:40px;margin:0;display:inline-block;opacity:1;float:left;font-size:32px;box-shadow:none;display:inline-block;font-size:16px;padding:0 4px;vertical-align:middle;background-repeat:repeat;overflow:hidden;padding:0;cursor:pointer;box-sizing:content-box\"><svg style=\"display:block;\" focusable=\"false\" aria-hidden=\"true\" xmlns=\"http:\/\/www.w3.org\/2000\/svg\" width=\"100%\" height=\"100%\" viewBox=\"-3.5 -3.5 39 39\"><path d=\"M28.543 15.774a2.953 2.953 0 0 0-2.951-2.949 2.882 2.882 0 0 0-1.9.713 14.075 14.075 0 0 0-6.85-2.044l1.38-4.349 3.768.884a2.452 2.452 0 1 0 .24-1.176l-4.274-1a.6.6 0 0 0-.709.4l-1.659 5.224a14.314 14.314 0 0 0-7.316 2.029 2.908 2.908 0 0 0-1.872-.681 2.942 2.942 0 0 0-1.618 5.4 5.109 5.109 0 0 0-.062.765c0 4.158 5.037 7.541 11.229 7.541s11.22-3.383 11.22-7.541a5.2 5.2 0 0 0-.053-.706 2.963 2.963 0 0 0 1.427-2.51zm-18.008 1.88a1.753 1.753 0 0 1 1.73-1.74 1.73 1.73 0 0 1 1.709 1.74 1.709 1.709 0 0 1-1.709 1.711 1.733 1.733 0 0 1-1.73-1.711zm9.565 4.968a5.573 5.573 0 0 1-4.081 1.272h-.032a5.576 5.576 0 0 1-4.087-1.272.6.6 0 0 1 .844-.854 4.5 4.5 0 0 0 3.238.927h.032a4.5 4.5 0 0 0 3.237-.927.6.6 0 1 1 .844.854zm-.331-3.256a1.726 1.726 0 1 1 1.709-1.712 1.717 1.717 0 0 1-1.712 1.712z\" fill=\"#fff\"\/><\/svg><\/span><\/a><a aria-label=\"Linkedin\" class=\"heateor_sss_button_linkedin\" href=\"https:\/\/www.linkedin.com\/sharing\/share-offsite\/?url=https%3A%2F%2Fjornalfax.net%2Findex.php%2Fwp-json%2Fwp%2Fv2%2Fposts%2F2494\" title=\"Linkedin\" rel=\"nofollow noopener\" target=\"_blank\" style=\"font-size:32px!important;box-shadow:none;display:inline-block;vertical-align:middle\"><span class=\"heateor_sss_svg heateor_sss_s__default heateor_sss_s_linkedin\" style=\"background-color:#0077b5;width:40px;height:40px;margin:0;display:inline-block;opacity:1;float:left;font-size:32px;box-shadow:none;display:inline-block;font-size:16px;padding:0 4px;vertical-align:middle;background-repeat:repeat;overflow:hidden;padding:0;cursor:pointer;box-sizing:content-box\"><svg style=\"display:block;\" focusable=\"false\" aria-hidden=\"true\" xmlns=\"http:\/\/www.w3.org\/2000\/svg\" width=\"100%\" height=\"100%\" viewBox=\"0 0 32 32\"><path d=\"M6.227 12.61h4.19v13.48h-4.19V12.61zm2.095-6.7a2.43 2.43 0 0 1 0 4.86c-1.344 0-2.428-1.09-2.428-2.43s1.084-2.43 2.428-2.43m4.72 6.7h4.02v1.84h.058c.56-1.058 1.927-2.176 3.965-2.176 4.238 0 5.02 2.792 5.02 6.42v7.395h-4.183v-6.56c0-1.564-.03-3.574-2.178-3.574-2.18 0-2.514 1.7-2.514 3.46v6.668h-4.187V12.61z\" fill=\"#fff\"><\/path><\/svg><\/span><\/a><a aria-label=\"Pinterest\" class=\"heateor_sss_button_pinterest\" href=\"https:\/\/jornalfax.net\/index.php\/wp-json\/wp\/v2\/posts\/2494\" onclick=\"event.preventDefault();javascript:void( (function() {var e=document.createElement('script' );e.setAttribute('type','text\/javascript' );e.setAttribute('charset','UTF-8' );e.setAttribute('src','\/\/assets.pinterest.com\/js\/pinmarklet.js?r='+Math.random()*99999999);document.body.appendChild(e)})());\" title=\"Pinterest\" rel=\"noopener\" style=\"font-size:32px!important;box-shadow:none;display:inline-block;vertical-align:middle\"><span class=\"heateor_sss_svg heateor_sss_s__default heateor_sss_s_pinterest\" style=\"background-color:#cc2329;width:40px;height:40px;margin:0;display:inline-block;opacity:1;float:left;font-size:32px;box-shadow:none;display:inline-block;font-size:16px;padding:0 4px;vertical-align:middle;background-repeat:repeat;overflow:hidden;padding:0;cursor:pointer;box-sizing:content-box\"><svg style=\"display:block;\" focusable=\"false\" aria-hidden=\"true\" xmlns=\"http:\/\/www.w3.org\/2000\/svg\" width=\"100%\" height=\"100%\" viewBox=\"-2 -2 35 35\"><path fill=\"#fff\" d=\"M16.539 4.5c-6.277 0-9.442 4.5-9.442 8.253 0 2.272.86 4.293 2.705 5.046.303.125.574.005.662-.33.061-.231.205-.816.27-1.06.088-.331.053-.447-.191-.736-.532-.627-.873-1.439-.873-2.591 0-3.338 2.498-6.327 6.505-6.327 3.548 0 5.497 2.168 5.497 5.062 0 3.81-1.686 7.025-4.188 7.025-1.382 0-2.416-1.142-2.085-2.545.397-1.674 1.166-3.48 1.166-4.689 0-1.081-.581-1.983-1.782-1.983-1.413 0-2.548 1.462-2.548 3.419 0 1.247.421 2.091.421 2.091l-1.699 7.199c-.505 2.137-.076 4.755-.039 5.019.021.158.223.196.314.077.13-.17 1.813-2.247 2.384-4.324.162-.587.929-3.631.929-3.631.46.876 1.801 1.646 3.227 1.646 4.247 0 7.128-3.871 7.128-9.053.003-3.918-3.317-7.568-8.361-7.568z\"\/><\/svg><\/span><\/a><a aria-label=\"Mastodon\" class=\"heateor_sss_button_mastodon\" href=\"https:\/\/mastodon.social\/share?text=https%3A%2F%2Fjornalfax.net%2Findex.php%2Fwp-json%2Fwp%2Fv2%2Fposts%2F2494&title=%20-%20\" title=\"Mastodon\" rel=\"nofollow noopener\" target=\"_blank\" style=\"font-size:32px!important;box-shadow:none;display:inline-block;vertical-align:middle\"><span class=\"heateor_sss_svg heateor_sss_s__default heateor_sss_s_mastodon\" style=\"background-color:#6364FF;width:40px;height:40px;margin:0;display:inline-block;opacity:1;float:left;font-size:32px;box-shadow:none;display:inline-block;font-size:16px;padding:0 4px;vertical-align:middle;background-repeat:repeat;overflow:hidden;padding:0;cursor:pointer;box-sizing:content-box\"><svg style=\"display:block;\" focusable=\"false\" aria-hidden=\"true\" xmlns=\"http:\/\/www.w3.org\/2000\/svg\" width=\"100%\" height=\"100%\" viewBox=\"-3.5 -3.5 39 39\"><path d=\"M27 12c0-5.12-3.35-6.62-3.35-6.62C22 4.56 19.05 4.23 16 4.21c-3 0-5.92.35-7.61 1.12C8.36 5.33 5 6.83 5 12v4c.12 5 .92 9.93 5.54 11.16a17.67 17.67 0 005.44.6 10.88 10.88 0 004.18-.95l-.09-1.95a13.36 13.36 0 01-4.07.54c-2.12-.07-4.37-.23-4.71-2.84a5.58 5.58 0 01-.05-.73 27.46 27.46 0 004.73.63 26.76 26.76 0 004.68-.28c3-.35 5.53-2.17 5.85-3.83A39.25 39.25 0 0027 12zm-3.95 6.59h-2.46v-6c0-1.27-.53-1.91-1.6-1.91s-1.77.76-1.77 2.27v3.29h-2.44v-3.35c0-1.51-.59-2.27-1.77-2.27s-1.6.64-1.6 1.91v6H9v-6.18a4.49 4.49 0 011-3 3.39 3.39 0 012.63-1.12 3.17 3.17 0 012.84 1.44l.61 1 .61-1a3.17 3.17 0 012.84-1.44 3.39 3.39 0 012.63 1.12 4.49 4.49 0 011 3z\" fill=\"#fff\"><\/path><\/svg><\/span><\/a><a aria-label=\"Mix\" class=\"heateor_sss_button_mix\" href=\"https:\/\/mix.com\/mixit?url=https%3A%2F%2Fjornalfax.net%2Findex.php%2Fwp-json%2Fwp%2Fv2%2Fposts%2F2494\" title=\"Mix\" rel=\"nofollow noopener\" target=\"_blank\" style=\"font-size:32px!important;box-shadow:none;display:inline-block;vertical-align:middle\"><span class=\"heateor_sss_svg heateor_sss_s__default heateor_sss_s_mix\" style=\"background-color:#ff8226;width:40px;height:40px;margin:0;display:inline-block;opacity:1;float:left;font-size:32px;box-shadow:none;display:inline-block;font-size:16px;padding:0 4px;vertical-align:middle;background-repeat:repeat;overflow:hidden;padding:0;cursor:pointer;box-sizing:content-box\"><svg focusable=\"false\" aria-hidden=\"true\" xmlns=\"http:\/\/www.w3.org\/2000\/svg\" width=\"100%\" height=\"100%\" viewBox=\"-7 -8 45 45\"><g fill=\"#fff\"><path opacity=\".8\" d=\"M27.87 4.125c-5.224 0-9.467 4.159-9.467 9.291v2.89c0-1.306 1.074-2.362 2.399-2.362s2.399 1.056 2.399 2.362v1.204c0 1.306 1.074 2.362 2.399 2.362s2.399-1.056 2.399-2.362V4.134c-.036-.009-.082-.009-.129-.009\"\/><path d=\"M4 4.125v12.94c2.566 0 4.668-1.973 4.807-4.465v-2.214c0-.065 0-.12.009-.176.093-1.213 1.13-2.177 2.39-2.177 1.325 0 2.399 1.056 2.399 2.362v9.226c0 1.306 1.074 2.353 2.399 2.353s2.399-1.056 2.399-2.353v-6.206c0-5.132 4.233-9.291 9.467-9.291H4z\"\/><path opacity=\".8\" d=\"M4 17.074v8.438c0 1.306 1.074 2.362 2.399 2.362s2.399-1.056 2.399-2.362V12.61C8.659 15.102 6.566 17.074 4 17.074\"\/><\/g><\/svg><\/span><\/a><a aria-label=\"Whatsapp\" class=\"heateor_sss_whatsapp\" href=\"https:\/\/api.whatsapp.com\/send?text=%20-%20%20https%3A%2F%2Fjornalfax.net%2Findex.php%2Fwp-json%2Fwp%2Fv2%2Fposts%2F2494\" title=\"Whatsapp\" rel=\"nofollow noopener\" target=\"_blank\" style=\"font-size:32px!important;box-shadow:none;display:inline-block;vertical-align:middle\"><span class=\"heateor_sss_svg\" style=\"background-color:#55eb4c;width:40px;height:40px;margin:0;display:inline-block;opacity:1;float:left;font-size:32px;box-shadow:none;display:inline-block;font-size:16px;padding:0 4px;vertical-align:middle;background-repeat:repeat;overflow:hidden;padding:0;cursor:pointer;box-sizing:content-box\"><svg style=\"display:block;\" focusable=\"false\" aria-hidden=\"true\" xmlns=\"http:\/\/www.w3.org\/2000\/svg\" width=\"100%\" height=\"100%\" viewBox=\"-6 -5 40 40\"><path class=\"heateor_sss_svg_stroke heateor_sss_no_fill\" stroke=\"#fff\" stroke-width=\"2\" fill=\"none\" d=\"M 11.579798566743314 24.396926207859085 A 10 10 0 1 0 6.808479557110079 20.73576436351046\"><\/path><path d=\"M 7 19 l -1 6 l 6 -1\" class=\"heateor_sss_no_fill heateor_sss_svg_stroke\" stroke=\"#fff\" stroke-width=\"2\" fill=\"none\"><\/path><path d=\"M 10 10 q -1 8 8 11 c 5 -1 0 -6 -1 -3 q -4 -3 -5 -5 c 4 -2 -1 -5 -1 -4\" fill=\"#fff\"><\/path><\/svg><\/span><\/a><a class=\"heateor_sss_more\" aria-label=\"More\" title=\"More\" rel=\"nofollow noopener\" style=\"font-size: 32px!important;border:0;box-shadow:none;display:inline-block!important;font-size:16px;padding:0 4px;vertical-align: middle;display:inline;\" href=\"https:\/\/jornalfax.net\/index.php\/wp-json\/wp\/v2\/posts\/2494\" onclick=\"event.preventDefault()\"><span class=\"heateor_sss_svg\" style=\"background-color:#ee8e2d;width:40px;height:40px;margin:0;display:inline-block!important;opacity:1;float:left;font-size:32px!important;box-shadow:none;display:inline-block;font-size:16px;padding:0 4px;vertical-align:middle;display:inline;background-repeat:repeat;overflow:hidden;padding:0;cursor:pointer;box-sizing:content-box;\" onclick=\"heateorSssMoreSharingPopup(this, 'https:\/\/jornalfax.net\/index.php\/wp-json\/wp\/v2\/posts\/2494', '%20-%20', '' )\"><svg xmlns=\"http:\/\/www.w3.org\/2000\/svg\" xmlns:xlink=\"http:\/\/www.w3.org\/1999\/xlink\" viewBox=\"-.3 0 32 32\" version=\"1.1\" width=\"100%\" height=\"100%\" style=\"display:block;\" xml:space=\"preserve\"><g><path fill=\"#fff\" d=\"M18 14V8h-4v6H8v4h6v6h4v-6h6v-4h-6z\" fill-rule=\"evenodd\"><\/path><\/g><\/svg><\/span><\/a><\/div><div class=\"heateorSssClear\"><\/div><\/div>","protected":false},"author":1,"featured_media":2495,"comment_status":"closed","ping_status":"closed","sticky":false,"template":"","format":"standard","meta":{"footnotes":""},"categories":[23,28],"tags":[],"class_list":["post-2494","post","type-post","status-publish","format-standard","has-post-thumbnail","hentry","category-destaque","category-em-foco"],"yoast_head":"<!-- This site is optimized with the Yoast SEO plugin v24.3 - https:\/\/yoast.com\/wordpress\/plugins\/seo\/ -->\n<title>\u00cdNTEGRA DO DISCURSO DO PRESIDENTE JO\u00c3O LOUREN\u00c7O NA CIMEIRA EUA-\u00c1FRICA -<\/title>\n<meta name=\"robots\" content=\"index, follow, max-snippet:-1, max-image-preview:large, max-video-preview:-1\" \/>\n<link rel=\"canonical\" href=\"https:\/\/jornalfax.net\/index.php\/2024\/05\/07\/integra-do-discurso-do-presidente-joao-lourenco-na-cimeira-eua-africa\/\" \/>\n<meta property=\"og:locale\" content=\"pt_BR\" \/>\n<meta property=\"og:type\" content=\"article\" \/>\n<meta property=\"og:title\" content=\"\u00cdNTEGRA DO DISCURSO DO PRESIDENTE JO\u00c3O LOUREN\u00c7O NA CIMEIRA EUA-\u00c1FRICA -\" \/>\n<meta property=\"og:description\" content=\"O Presidente Jo\u00e3o Louren\u00e7o discursou, esta ter\u00e7a-feira, em Dallas, na 16.\u00aa Cimeira Empresarial Estados Unidos-\u00c1frica, na qualidade de Primeiro Vice-Presidente da Assembleia de Chefes de Estado e de Governo da Uni\u00e3o Africana. Excelent\u00edssima Senhora Embaixadora Linda Thomas, representante do Governo dos Estados Unidos da Am\u00e9rica; Sua Excel\u00eancia Greg Abbott, Governador do Texas; Excelent\u00edssima Senhora Florizelle [&hellip;]\" \/>\n<meta property=\"og:url\" content=\"https:\/\/jornalfax.net\/index.php\/2024\/05\/07\/integra-do-discurso-do-presidente-joao-lourenco-na-cimeira-eua-africa\/\" \/>\n<meta property=\"article:published_time\" content=\"2024-05-07T21:04:18+00:00\" \/>\n<meta property=\"article:modified_time\" content=\"2024-05-07T21:04:19+00:00\" \/>\n<meta property=\"og:image\" content=\"http:\/\/jornalfax.net\/wp-content\/uploads\/2024\/05\/dalas_pr_1282726568663a73c6bd737.jpg\" \/>\n\t<meta property=\"og:image:width\" content=\"620\" \/>\n\t<meta property=\"og:image:height\" content=\"347\" \/>\n\t<meta property=\"og:image:type\" content=\"image\/jpeg\" \/>\n<meta name=\"author\" content=\"jornalfax.net\" \/>\n<meta name=\"twitter:card\" content=\"summary_large_image\" \/>\n<meta name=\"twitter:label1\" content=\"Escrito por\" \/>\n\t<meta name=\"twitter:data1\" content=\"jornalfax.net\" \/>\n\t<meta name=\"twitter:label2\" content=\"Est. tempo de leitura\" \/>\n\t<meta name=\"twitter:data2\" content=\"6 minutos\" \/>\n<script type=\"application\/ld+json\" class=\"yoast-schema-graph\">{\"@context\":\"https:\/\/schema.org\",\"@graph\":[{\"@type\":\"WebPage\",\"@id\":\"https:\/\/jornalfax.net\/index.php\/2024\/05\/07\/integra-do-discurso-do-presidente-joao-lourenco-na-cimeira-eua-africa\/\",\"url\":\"https:\/\/jornalfax.net\/index.php\/2024\/05\/07\/integra-do-discurso-do-presidente-joao-lourenco-na-cimeira-eua-africa\/\",\"name\":\"\u00cdNTEGRA DO DISCURSO DO PRESIDENTE JO\u00c3O LOUREN\u00c7O NA CIMEIRA EUA-\u00c1FRICA -\",\"isPartOf\":{\"@id\":\"https:\/\/jornalfax.net\/#website\"},\"primaryImageOfPage\":{\"@id\":\"https:\/\/jornalfax.net\/index.php\/2024\/05\/07\/integra-do-discurso-do-presidente-joao-lourenco-na-cimeira-eua-africa\/#primaryimage\"},\"image\":{\"@id\":\"https:\/\/jornalfax.net\/index.php\/2024\/05\/07\/integra-do-discurso-do-presidente-joao-lourenco-na-cimeira-eua-africa\/#primaryimage\"},\"thumbnailUrl\":\"https:\/\/jornalfax.net\/wp-content\/uploads\/2024\/05\/dalas_pr_1282726568663a73c6bd737.jpg\",\"datePublished\":\"2024-05-07T21:04:18+00:00\",\"dateModified\":\"2024-05-07T21:04:19+00:00\",\"author\":{\"@id\":\"https:\/\/jornalfax.net\/#\/schema\/person\/ea5b5601e259b5e0c03c9cb7908e9ffd\"},\"breadcrumb\":{\"@id\":\"https:\/\/jornalfax.net\/index.php\/2024\/05\/07\/integra-do-discurso-do-presidente-joao-lourenco-na-cimeira-eua-africa\/#breadcrumb\"},\"inLanguage\":\"pt-BR\",\"potentialAction\":[{\"@type\":\"ReadAction\",\"target\":[\"https:\/\/jornalfax.net\/index.php\/2024\/05\/07\/integra-do-discurso-do-presidente-joao-lourenco-na-cimeira-eua-africa\/\"]}]},{\"@type\":\"ImageObject\",\"inLanguage\":\"pt-BR\",\"@id\":\"https:\/\/jornalfax.net\/index.php\/2024\/05\/07\/integra-do-discurso-do-presidente-joao-lourenco-na-cimeira-eua-africa\/#primaryimage\",\"url\":\"https:\/\/jornalfax.net\/wp-content\/uploads\/2024\/05\/dalas_pr_1282726568663a73c6bd737.jpg\",\"contentUrl\":\"https:\/\/jornalfax.net\/wp-content\/uploads\/2024\/05\/dalas_pr_1282726568663a73c6bd737.jpg\",\"width\":620,\"height\":347},{\"@type\":\"BreadcrumbList\",\"@id\":\"https:\/\/jornalfax.net\/index.php\/2024\/05\/07\/integra-do-discurso-do-presidente-joao-lourenco-na-cimeira-eua-africa\/#breadcrumb\",\"itemListElement\":[{\"@type\":\"ListItem\",\"position\":1,\"name\":\"In\u00edcio\",\"item\":\"https:\/\/jornalfax.net\/\"},{\"@type\":\"ListItem\",\"position\":2,\"name\":\"\u00cdNTEGRA DO DISCURSO DO PRESIDENTE JO\u00c3O LOUREN\u00c7O NA CIMEIRA EUA-\u00c1FRICA\"}]},{\"@type\":\"WebSite\",\"@id\":\"https:\/\/jornalfax.net\/#website\",\"url\":\"https:\/\/jornalfax.net\/\",\"name\":\"\",\"description\":\"\",\"potentialAction\":[{\"@type\":\"SearchAction\",\"target\":{\"@type\":\"EntryPoint\",\"urlTemplate\":\"https:\/\/jornalfax.net\/?s={search_term_string}\"},\"query-input\":{\"@type\":\"PropertyValueSpecification\",\"valueRequired\":true,\"valueName\":\"search_term_string\"}}],\"inLanguage\":\"pt-BR\"},{\"@type\":\"Person\",\"@id\":\"https:\/\/jornalfax.net\/#\/schema\/person\/ea5b5601e259b5e0c03c9cb7908e9ffd\",\"name\":\"jornalfax.net\",\"sameAs\":[\"http:\/\/jornalfax.net\"],\"url\":\"https:\/\/jornalfax.net\/index.php\/author\/jornalfax-net\/\"}]}<\/script>\n<!-- \/ Yoast SEO plugin. -->","yoast_head_json":{"title":"\u00cdNTEGRA DO DISCURSO DO PRESIDENTE JO\u00c3O LOUREN\u00c7O NA CIMEIRA EUA-\u00c1FRICA -","robots":{"index":"index","follow":"follow","max-snippet":"max-snippet:-1","max-image-preview":"max-image-preview:large","max-video-preview":"max-video-preview:-1"},"canonical":"https:\/\/jornalfax.net\/index.php\/2024\/05\/07\/integra-do-discurso-do-presidente-joao-lourenco-na-cimeira-eua-africa\/","og_locale":"pt_BR","og_type":"article","og_title":"\u00cdNTEGRA DO DISCURSO DO PRESIDENTE JO\u00c3O LOUREN\u00c7O NA CIMEIRA EUA-\u00c1FRICA -","og_description":"O Presidente Jo\u00e3o Louren\u00e7o discursou, esta ter\u00e7a-feira, em Dallas, na 16.\u00aa Cimeira Empresarial Estados Unidos-\u00c1frica, na qualidade de Primeiro Vice-Presidente da Assembleia de Chefes de Estado e de Governo da Uni\u00e3o Africana. Excelent\u00edssima Senhora Embaixadora Linda Thomas, representante do Governo dos Estados Unidos da Am\u00e9rica; Sua Excel\u00eancia Greg Abbott, Governador do Texas; Excelent\u00edssima Senhora Florizelle [&hellip;]","og_url":"https:\/\/jornalfax.net\/index.php\/2024\/05\/07\/integra-do-discurso-do-presidente-joao-lourenco-na-cimeira-eua-africa\/","article_published_time":"2024-05-07T21:04:18+00:00","article_modified_time":"2024-05-07T21:04:19+00:00","og_image":[{"width":620,"height":347,"url":"http:\/\/jornalfax.net\/wp-content\/uploads\/2024\/05\/dalas_pr_1282726568663a73c6bd737.jpg","type":"image\/jpeg"}],"author":"jornalfax.net","twitter_card":"summary_large_image","twitter_misc":{"Escrito por":"jornalfax.net","Est. tempo de leitura":"6 minutos"},"schema":{"@context":"https:\/\/schema.org","@graph":[{"@type":"WebPage","@id":"https:\/\/jornalfax.net\/index.php\/2024\/05\/07\/integra-do-discurso-do-presidente-joao-lourenco-na-cimeira-eua-africa\/","url":"https:\/\/jornalfax.net\/index.php\/2024\/05\/07\/integra-do-discurso-do-presidente-joao-lourenco-na-cimeira-eua-africa\/","name":"\u00cdNTEGRA DO DISCURSO DO PRESIDENTE JO\u00c3O LOUREN\u00c7O NA CIMEIRA EUA-\u00c1FRICA -","isPartOf":{"@id":"https:\/\/jornalfax.net\/#website"},"primaryImageOfPage":{"@id":"https:\/\/jornalfax.net\/index.php\/2024\/05\/07\/integra-do-discurso-do-presidente-joao-lourenco-na-cimeira-eua-africa\/#primaryimage"},"image":{"@id":"https:\/\/jornalfax.net\/index.php\/2024\/05\/07\/integra-do-discurso-do-presidente-joao-lourenco-na-cimeira-eua-africa\/#primaryimage"},"thumbnailUrl":"https:\/\/jornalfax.net\/wp-content\/uploads\/2024\/05\/dalas_pr_1282726568663a73c6bd737.jpg","datePublished":"2024-05-07T21:04:18+00:00","dateModified":"2024-05-07T21:04:19+00:00","author":{"@id":"https:\/\/jornalfax.net\/#\/schema\/person\/ea5b5601e259b5e0c03c9cb7908e9ffd"},"breadcrumb":{"@id":"https:\/\/jornalfax.net\/index.php\/2024\/05\/07\/integra-do-discurso-do-presidente-joao-lourenco-na-cimeira-eua-africa\/#breadcrumb"},"inLanguage":"pt-BR","potentialAction":[{"@type":"ReadAction","target":["https:\/\/jornalfax.net\/index.php\/2024\/05\/07\/integra-do-discurso-do-presidente-joao-lourenco-na-cimeira-eua-africa\/"]}]},{"@type":"ImageObject","inLanguage":"pt-BR","@id":"https:\/\/jornalfax.net\/index.php\/2024\/05\/07\/integra-do-discurso-do-presidente-joao-lourenco-na-cimeira-eua-africa\/#primaryimage","url":"https:\/\/jornalfax.net\/wp-content\/uploads\/2024\/05\/dalas_pr_1282726568663a73c6bd737.jpg","contentUrl":"https:\/\/jornalfax.net\/wp-content\/uploads\/2024\/05\/dalas_pr_1282726568663a73c6bd737.jpg","width":620,"height":347},{"@type":"BreadcrumbList","@id":"https:\/\/jornalfax.net\/index.php\/2024\/05\/07\/integra-do-discurso-do-presidente-joao-lourenco-na-cimeira-eua-africa\/#breadcrumb","itemListElement":[{"@type":"ListItem","position":1,"name":"In\u00edcio","item":"https:\/\/jornalfax.net\/"},{"@type":"ListItem","position":2,"name":"\u00cdNTEGRA DO DISCURSO DO PRESIDENTE JO\u00c3O LOUREN\u00c7O NA CIMEIRA EUA-\u00c1FRICA"}]},{"@type":"WebSite","@id":"https:\/\/jornalfax.net\/#website","url":"https:\/\/jornalfax.net\/","name":"","description":"","potentialAction":[{"@type":"SearchAction","target":{"@type":"EntryPoint","urlTemplate":"https:\/\/jornalfax.net\/?s={search_term_string}"},"query-input":{"@type":"PropertyValueSpecification","valueRequired":true,"valueName":"search_term_string"}}],"inLanguage":"pt-BR"},{"@type":"Person","@id":"https:\/\/jornalfax.net\/#\/schema\/person\/ea5b5601e259b5e0c03c9cb7908e9ffd","name":"jornalfax.net","sameAs":["http:\/\/jornalfax.net"],"url":"https:\/\/jornalfax.net\/index.php\/author\/jornalfax-net\/"}]}},"_links":{"self":[{"href":"https:\/\/jornalfax.net\/index.php\/wp-json\/wp\/v2\/posts\/2494","targetHints":{"allow":["GET"]}}],"collection":[{"href":"https:\/\/jornalfax.net\/index.php\/wp-json\/wp\/v2\/posts"}],"about":[{"href":"https:\/\/jornalfax.net\/index.php\/wp-json\/wp\/v2\/types\/post"}],"author":[{"embeddable":true,"href":"https:\/\/jornalfax.net\/index.php\/wp-json\/wp\/v2\/users\/1"}],"replies":[{"embeddable":true,"href":"https:\/\/jornalfax.net\/index.php\/wp-json\/wp\/v2\/comments?post=2494"}],"version-history":[{"count":1,"href":"https:\/\/jornalfax.net\/index.php\/wp-json\/wp\/v2\/posts\/2494\/revisions"}],"predecessor-version":[{"id":2496,"href":"https:\/\/jornalfax.net\/index.php\/wp-json\/wp\/v2\/posts\/2494\/revisions\/2496"}],"wp:featuredmedia":[{"embeddable":true,"href":"https:\/\/jornalfax.net\/index.php\/wp-json\/wp\/v2\/media\/2495"}],"wp:attachment":[{"href":"https:\/\/jornalfax.net\/index.php\/wp-json\/wp\/v2\/media?parent=2494"}],"wp:term":[{"taxonomy":"category","embeddable":true,"href":"https:\/\/jornalfax.net\/index.php\/wp-json\/wp\/v2\/categories?post=2494"},{"taxonomy":"post_tag","embeddable":true,"href":"https:\/\/jornalfax.net\/index.php\/wp-json\/wp\/v2\/tags?post=2494"}],"curies":[{"name":"wp","href":"https:\/\/api.w.org\/{rel}","templated":true}]}}