{"id":2346,"date":"2024-04-19T16:55:56","date_gmt":"2024-04-19T19:55:56","guid":{"rendered":"https:\/\/jornalfax.net\/?p=2346"},"modified":"2024-04-19T16:55:57","modified_gmt":"2024-04-19T19:55:57","slug":"delegacao-angolana-participa-na-conferencia-regional-da-fao","status":"publish","type":"post","link":"https:\/\/jornalfax.net\/index.php\/2024\/04\/19\/delegacao-angolana-participa-na-conferencia-regional-da-fao\/","title":{"rendered":"DELEGA\u00c7\u00c3O ANGOLANA PARTICIPA NA CONFER\u00caNCIA REGIONAL DA FAO"},"content":{"rendered":"\n<p>A embaixadora de Angola em Roma e representante permanente junto do Fundo das Na\u00e7\u00f5es Unidas para a Alimenta\u00e7\u00e3o e Agricultura (FAO), F\u00e1tima Jardim, chefia uma delega\u00e7\u00e3o que participa, desde ontem, em Rabat, Marrocos, na 33\u00aa Confer\u00eancia Regional daquela ag\u00eancia da ONU.<\/p>\n\n\n\n<p>De acordo com uma nota da Embaixada de Angola em Marrocos, F\u00e1tima Jardim representa o ministro da Agricultura e Florestas, Ant\u00f3nio Francisco de Assis, e faz-se acompanhar pelo embaixador acreditado em Rabat, Baltazar Diogo Crist\u00f3v\u00e3o.<\/p>\n\n\n\n<p>As confer\u00eancias regionais da FAO constituem uma plataforma de partilha de experi\u00eancias entre os v\u00e1rios pa\u00edses sobre a concep\u00e7\u00e3o, desenvolvimento e execu\u00e7\u00e3o de Programas de Transforma\u00e7\u00e3o de Sistemas Agro-alimentares em diferentes pa\u00edses.<\/p>\n\n\n\n<p>As actividades decorrem sob o lema &#8220;Sistema de resili\u00eancia agroalimentar e transforma\u00e7\u00e3o rural inclusiva\u201d e procura destacar a melhor produ\u00e7\u00e3o, nutri\u00e7\u00e3o, ambiente e vida da popula\u00e7\u00e3o.<\/p>\n\n\n\n<p>Mais de mil milh\u00f5es de africanos sem dieta saud\u00e1vel<\/p>\n\n\n\n<p>A comiss\u00e1ria para a Agricultura, Desenvolvimento Rural, Economia Azul e Ambiente Sustent\u00e1vel da Uni\u00e3o Africana, Josefa Correia Sacko, afirmou, ontem, em Rabat, que mais de mil milh\u00f5es de pessoas no continente continuam a n\u00e3o ter meios para ter uma dieta saud\u00e1vel, em compara\u00e7\u00e3o com 42 por cento da popula\u00e7\u00e3o a n\u00edvel mundial.<\/p>\n\n\n\n<p>A diplomata, que falava na 33\u00aa Confer\u00eancia Regional para \u00c1frica da FAO, disse que este n\u00famero est\u00e1 a aumentar vertiginosamente devido \u00e0 sobreposi\u00e7\u00e3o de novas crises.<\/p>\n\n\n\n<p>Josefa Sacko avan\u00e7ou que as estat\u00edsticas apresentadas no panorama regional africano da seguran\u00e7a alimentar e nutri\u00e7\u00e3o \u2013 estat\u00edsticas e tend\u00eancias de 2023 \u2013 indicam que cerca de 282 milh\u00f5es de pessoas em \u00c1frica (cerca de 20 por cento da popula\u00e7\u00e3o) est\u00e3o subnutridas, um aumento de 57 milh\u00f5es de pessoas desde o in\u00edcio da pandemia da Covid-19.<\/p>\n\n\n\n<p>&#8220;Precisamos, portanto, de uma ac\u00e7\u00e3o urgente e abrangente, uma vez que \u00c1frica est\u00e1 a enfrentar uma crise alimentar sem precedentes, que se agrava todos os anos, devido \u00e0 sobreposi\u00e7\u00e3o de novas crises\u201d, destacou.<\/p>\n\n\n\n<p>Para colmatar este mal que atinge propor\u00e7\u00f5es alarmantes no continente, Sacko defendeu a promo\u00e7\u00e3o de uma melhor produ\u00e7\u00e3o, transforma\u00e7\u00e3o ampla, na utiliza\u00e7\u00e3o de alimentos nativos, atrav\u00e9s da intensifica\u00e7\u00e3o dos investimentos no dom\u00ednio da investiga\u00e7\u00e3o, bem como na salvaguarda da biodiversidade relevante, incluindo a mecaniza\u00e7\u00e3o em toda a cadeia de valor alimentar.<\/p>\n\n\n\n<p>De acordo com a especialista em agro-economia, estas culturas \u00f3rf\u00e3s, incluindo os produtos alimentares n\u00e3o-madeireiros, que comp\u00f5em os&nbsp; principais alimentos b\u00e1sicos africanos, devem ser considerados como as &#8220;culturas de oportunidade\u201d, tal como consta na estrat\u00e9gia &#8220;Vis\u00e3o para culturas e solos adaptados\u201d, lan\u00e7ada conjuntamente, muito recentemente, pela UA, FAO, USAID e outros parceiros, como os CAAP (Agro-Parques Africanos Comuns).<\/p>\n\n\n\n<p>Outra ac\u00e7\u00e3o urgente \u00e9, segundo a comiss\u00e1ria da UA, a operacionaliza\u00e7\u00e3o efectiva do Quadro para a Mecaniza\u00e7\u00e3o Agr\u00edcola Sustent\u00e1vel em \u00c1frica(F-SAMA), incluindo o desenvolvimento de tecnologia adaptada \u00e0s necessidades dos pequenos agricultores, em particular das mulheres e dos jovens.<\/p>\n\n\n\n<p>A angolana Josefa Sacko reiterou a colabora\u00e7\u00e3o entre UA e a&nbsp; FAO e destacou o apoio na implementa\u00e7\u00e3o do acordo de Com\u00e9rcio Livre Continental Africano, especialmente no que diz respeito \u00e0 promo\u00e7\u00e3o do com\u00e9rcio agr\u00edcola, para o&nbsp; alcance da soberania alimentar, atrav\u00e9s da redu\u00e7\u00e3o das importa\u00e7\u00f5es de alimentos em \u00c1frica.<\/p>\n","protected":false},"excerpt":{"rendered":"<p>A embaixadora de Angola em Roma e representante permanente junto do Fundo das Na\u00e7\u00f5es Unidas para a Alimenta\u00e7\u00e3o e Agricultura (FAO), F\u00e1tima Jardim, chefia uma delega\u00e7\u00e3o que participa, desde ontem, em Rabat, Marrocos, na 33\u00aa Confer\u00eancia Regional daquela ag\u00eancia da ONU. De acordo com uma nota da Embaixada de Angola em Marrocos, F\u00e1tima Jardim representa [&hellip;]<\/p>\n<div class='heateor_sss_sharing_container heateor_sss_vertical_sharing heateor_sss_bottom_sharing' style='width:44px;left: -10px;top: 100px;-webkit-box-shadow:none;box-shadow:none;' data-heateor-sss-href='https:\/\/jornalfax.net\/index.php\/wp-json\/wp\/v2\/posts\/2346'><div class=\"heateor_sss_sharing_ul\"><a aria-label=\"Facebook\" class=\"heateor_sss_facebook\" href=\"https:\/\/www.facebook.com\/sharer\/sharer.php?u=https%3A%2F%2Fjornalfax.net%2Findex.php%2Fwp-json%2Fwp%2Fv2%2Fposts%2F2346\" title=\"Facebook\" rel=\"nofollow noopener\" target=\"_blank\" style=\"font-size:32px!important;box-shadow:none;display:inline-block;vertical-align:middle\"><span class=\"heateor_sss_svg\" style=\"background-color:#0765FE;width:40px;height:40px;margin:0;display:inline-block;opacity:1;float:left;font-size:32px;box-shadow:none;display:inline-block;font-size:16px;padding:0 4px;vertical-align:middle;background-repeat:repeat;overflow:hidden;padding:0;cursor:pointer;box-sizing:content-box\"><svg style=\"display:block;\" focusable=\"false\" aria-hidden=\"true\" xmlns=\"http:\/\/www.w3.org\/2000\/svg\" width=\"100%\" height=\"100%\" viewBox=\"0 0 32 32\"><path fill=\"#fff\" d=\"M28 16c0-6.627-5.373-12-12-12S4 9.373 4 16c0 5.628 3.875 10.35 9.101 11.647v-7.98h-2.474V16H13.1v-1.58c0-4.085 1.849-5.978 5.859-5.978.76 0 2.072.15 2.608.298v3.325c-.283-.03-.775-.045-1.386-.045-1.967 0-2.728.745-2.728 2.683V16h3.92l-.673 3.667h-3.247v8.245C23.395 27.195 28 22.135 28 16Z\"><\/path><\/svg><\/span><\/a><a aria-label=\"X\" class=\"heateor_sss_button_x\" href=\"https:\/\/twitter.com\/intent\/tweet?text=%20-%20&url=https%3A%2F%2Fjornalfax.net%2Findex.php%2Fwp-json%2Fwp%2Fv2%2Fposts%2F2346\" title=\"X\" rel=\"nofollow noopener\" target=\"_blank\" style=\"font-size:32px!important;box-shadow:none;display:inline-block;vertical-align:middle\"><span class=\"heateor_sss_svg heateor_sss_s__default heateor_sss_s_x\" style=\"background-color:#2a2a2a;width:40px;height:40px;margin:0;display:inline-block;opacity:1;float:left;font-size:32px;box-shadow:none;display:inline-block;font-size:16px;padding:0 4px;vertical-align:middle;background-repeat:repeat;overflow:hidden;padding:0;cursor:pointer;box-sizing:content-box\"><svg width=\"100%\" height=\"100%\" style=\"display:block;\" focusable=\"false\" aria-hidden=\"true\" xmlns=\"http:\/\/www.w3.org\/2000\/svg\" viewBox=\"0 0 32 32\"><path fill=\"#fff\" d=\"M21.751 7h3.067l-6.7 7.658L26 25.078h-6.172l-4.833-6.32-5.531 6.32h-3.07l7.167-8.19L6 7h6.328l4.37 5.777L21.75 7Zm-1.076 16.242h1.7L11.404 8.74H9.58l11.094 14.503Z\"><\/path><\/svg><\/span><\/a><a aria-label=\"Reddit\" class=\"heateor_sss_button_reddit\" href=\"http:\/\/reddit.com\/submit?url=https%3A%2F%2Fjornalfax.net%2Findex.php%2Fwp-json%2Fwp%2Fv2%2Fposts%2F2346&title=%20-%20\" title=\"Reddit\" rel=\"nofollow noopener\" target=\"_blank\" style=\"font-size:32px!important;box-shadow:none;display:inline-block;vertical-align:middle\"><span class=\"heateor_sss_svg heateor_sss_s__default heateor_sss_s_reddit\" style=\"background-color:#ff5700;width:40px;height:40px;margin:0;display:inline-block;opacity:1;float:left;font-size:32px;box-shadow:none;display:inline-block;font-size:16px;padding:0 4px;vertical-align:middle;background-repeat:repeat;overflow:hidden;padding:0;cursor:pointer;box-sizing:content-box\"><svg style=\"display:block;\" focusable=\"false\" aria-hidden=\"true\" xmlns=\"http:\/\/www.w3.org\/2000\/svg\" width=\"100%\" height=\"100%\" viewBox=\"-3.5 -3.5 39 39\"><path d=\"M28.543 15.774a2.953 2.953 0 0 0-2.951-2.949 2.882 2.882 0 0 0-1.9.713 14.075 14.075 0 0 0-6.85-2.044l1.38-4.349 3.768.884a2.452 2.452 0 1 0 .24-1.176l-4.274-1a.6.6 0 0 0-.709.4l-1.659 5.224a14.314 14.314 0 0 0-7.316 2.029 2.908 2.908 0 0 0-1.872-.681 2.942 2.942 0 0 0-1.618 5.4 5.109 5.109 0 0 0-.062.765c0 4.158 5.037 7.541 11.229 7.541s11.22-3.383 11.22-7.541a5.2 5.2 0 0 0-.053-.706 2.963 2.963 0 0 0 1.427-2.51zm-18.008 1.88a1.753 1.753 0 0 1 1.73-1.74 1.73 1.73 0 0 1 1.709 1.74 1.709 1.709 0 0 1-1.709 1.711 1.733 1.733 0 0 1-1.73-1.711zm9.565 4.968a5.573 5.573 0 0 1-4.081 1.272h-.032a5.576 5.576 0 0 1-4.087-1.272.6.6 0 0 1 .844-.854 4.5 4.5 0 0 0 3.238.927h.032a4.5 4.5 0 0 0 3.237-.927.6.6 0 1 1 .844.854zm-.331-3.256a1.726 1.726 0 1 1 1.709-1.712 1.717 1.717 0 0 1-1.712 1.712z\" fill=\"#fff\"\/><\/svg><\/span><\/a><a aria-label=\"Linkedin\" class=\"heateor_sss_button_linkedin\" href=\"https:\/\/www.linkedin.com\/sharing\/share-offsite\/?url=https%3A%2F%2Fjornalfax.net%2Findex.php%2Fwp-json%2Fwp%2Fv2%2Fposts%2F2346\" title=\"Linkedin\" rel=\"nofollow noopener\" target=\"_blank\" style=\"font-size:32px!important;box-shadow:none;display:inline-block;vertical-align:middle\"><span class=\"heateor_sss_svg heateor_sss_s__default heateor_sss_s_linkedin\" style=\"background-color:#0077b5;width:40px;height:40px;margin:0;display:inline-block;opacity:1;float:left;font-size:32px;box-shadow:none;display:inline-block;font-size:16px;padding:0 4px;vertical-align:middle;background-repeat:repeat;overflow:hidden;padding:0;cursor:pointer;box-sizing:content-box\"><svg style=\"display:block;\" focusable=\"false\" aria-hidden=\"true\" xmlns=\"http:\/\/www.w3.org\/2000\/svg\" width=\"100%\" height=\"100%\" viewBox=\"0 0 32 32\"><path d=\"M6.227 12.61h4.19v13.48h-4.19V12.61zm2.095-6.7a2.43 2.43 0 0 1 0 4.86c-1.344 0-2.428-1.09-2.428-2.43s1.084-2.43 2.428-2.43m4.72 6.7h4.02v1.84h.058c.56-1.058 1.927-2.176 3.965-2.176 4.238 0 5.02 2.792 5.02 6.42v7.395h-4.183v-6.56c0-1.564-.03-3.574-2.178-3.574-2.18 0-2.514 1.7-2.514 3.46v6.668h-4.187V12.61z\" fill=\"#fff\"><\/path><\/svg><\/span><\/a><a aria-label=\"Pinterest\" class=\"heateor_sss_button_pinterest\" href=\"https:\/\/jornalfax.net\/index.php\/wp-json\/wp\/v2\/posts\/2346\" onclick=\"event.preventDefault();javascript:void( (function() {var e=document.createElement('script' );e.setAttribute('type','text\/javascript' );e.setAttribute('charset','UTF-8' );e.setAttribute('src','\/\/assets.pinterest.com\/js\/pinmarklet.js?r='+Math.random()*99999999);document.body.appendChild(e)})());\" title=\"Pinterest\" rel=\"noopener\" style=\"font-size:32px!important;box-shadow:none;display:inline-block;vertical-align:middle\"><span class=\"heateor_sss_svg heateor_sss_s__default heateor_sss_s_pinterest\" style=\"background-color:#cc2329;width:40px;height:40px;margin:0;display:inline-block;opacity:1;float:left;font-size:32px;box-shadow:none;display:inline-block;font-size:16px;padding:0 4px;vertical-align:middle;background-repeat:repeat;overflow:hidden;padding:0;cursor:pointer;box-sizing:content-box\"><svg style=\"display:block;\" focusable=\"false\" aria-hidden=\"true\" xmlns=\"http:\/\/www.w3.org\/2000\/svg\" width=\"100%\" height=\"100%\" viewBox=\"-2 -2 35 35\"><path fill=\"#fff\" d=\"M16.539 4.5c-6.277 0-9.442 4.5-9.442 8.253 0 2.272.86 4.293 2.705 5.046.303.125.574.005.662-.33.061-.231.205-.816.27-1.06.088-.331.053-.447-.191-.736-.532-.627-.873-1.439-.873-2.591 0-3.338 2.498-6.327 6.505-6.327 3.548 0 5.497 2.168 5.497 5.062 0 3.81-1.686 7.025-4.188 7.025-1.382 0-2.416-1.142-2.085-2.545.397-1.674 1.166-3.48 1.166-4.689 0-1.081-.581-1.983-1.782-1.983-1.413 0-2.548 1.462-2.548 3.419 0 1.247.421 2.091.421 2.091l-1.699 7.199c-.505 2.137-.076 4.755-.039 5.019.021.158.223.196.314.077.13-.17 1.813-2.247 2.384-4.324.162-.587.929-3.631.929-3.631.46.876 1.801 1.646 3.227 1.646 4.247 0 7.128-3.871 7.128-9.053.003-3.918-3.317-7.568-8.361-7.568z\"\/><\/svg><\/span><\/a><a aria-label=\"Mastodon\" class=\"heateor_sss_button_mastodon\" href=\"https:\/\/mastodon.social\/share?text=https%3A%2F%2Fjornalfax.net%2Findex.php%2Fwp-json%2Fwp%2Fv2%2Fposts%2F2346&title=%20-%20\" title=\"Mastodon\" rel=\"nofollow noopener\" target=\"_blank\" style=\"font-size:32px!important;box-shadow:none;display:inline-block;vertical-align:middle\"><span class=\"heateor_sss_svg heateor_sss_s__default heateor_sss_s_mastodon\" style=\"background-color:#6364FF;width:40px;height:40px;margin:0;display:inline-block;opacity:1;float:left;font-size:32px;box-shadow:none;display:inline-block;font-size:16px;padding:0 4px;vertical-align:middle;background-repeat:repeat;overflow:hidden;padding:0;cursor:pointer;box-sizing:content-box\"><svg style=\"display:block;\" focusable=\"false\" aria-hidden=\"true\" xmlns=\"http:\/\/www.w3.org\/2000\/svg\" width=\"100%\" height=\"100%\" viewBox=\"-3.5 -3.5 39 39\"><path d=\"M27 12c0-5.12-3.35-6.62-3.35-6.62C22 4.56 19.05 4.23 16 4.21c-3 0-5.92.35-7.61 1.12C8.36 5.33 5 6.83 5 12v4c.12 5 .92 9.93 5.54 11.16a17.67 17.67 0 005.44.6 10.88 10.88 0 004.18-.95l-.09-1.95a13.36 13.36 0 01-4.07.54c-2.12-.07-4.37-.23-4.71-2.84a5.58 5.58 0 01-.05-.73 27.46 27.46 0 004.73.63 26.76 26.76 0 004.68-.28c3-.35 5.53-2.17 5.85-3.83A39.25 39.25 0 0027 12zm-3.95 6.59h-2.46v-6c0-1.27-.53-1.91-1.6-1.91s-1.77.76-1.77 2.27v3.29h-2.44v-3.35c0-1.51-.59-2.27-1.77-2.27s-1.6.64-1.6 1.91v6H9v-6.18a4.49 4.49 0 011-3 3.39 3.39 0 012.63-1.12 3.17 3.17 0 012.84 1.44l.61 1 .61-1a3.17 3.17 0 012.84-1.44 3.39 3.39 0 012.63 1.12 4.49 4.49 0 011 3z\" fill=\"#fff\"><\/path><\/svg><\/span><\/a><a aria-label=\"Mix\" class=\"heateor_sss_button_mix\" href=\"https:\/\/mix.com\/mixit?url=https%3A%2F%2Fjornalfax.net%2Findex.php%2Fwp-json%2Fwp%2Fv2%2Fposts%2F2346\" title=\"Mix\" rel=\"nofollow noopener\" target=\"_blank\" style=\"font-size:32px!important;box-shadow:none;display:inline-block;vertical-align:middle\"><span class=\"heateor_sss_svg heateor_sss_s__default heateor_sss_s_mix\" style=\"background-color:#ff8226;width:40px;height:40px;margin:0;display:inline-block;opacity:1;float:left;font-size:32px;box-shadow:none;display:inline-block;font-size:16px;padding:0 4px;vertical-align:middle;background-repeat:repeat;overflow:hidden;padding:0;cursor:pointer;box-sizing:content-box\"><svg focusable=\"false\" aria-hidden=\"true\" xmlns=\"http:\/\/www.w3.org\/2000\/svg\" width=\"100%\" height=\"100%\" viewBox=\"-7 -8 45 45\"><g fill=\"#fff\"><path opacity=\".8\" d=\"M27.87 4.125c-5.224 0-9.467 4.159-9.467 9.291v2.89c0-1.306 1.074-2.362 2.399-2.362s2.399 1.056 2.399 2.362v1.204c0 1.306 1.074 2.362 2.399 2.362s2.399-1.056 2.399-2.362V4.134c-.036-.009-.082-.009-.129-.009\"\/><path d=\"M4 4.125v12.94c2.566 0 4.668-1.973 4.807-4.465v-2.214c0-.065 0-.12.009-.176.093-1.213 1.13-2.177 2.39-2.177 1.325 0 2.399 1.056 2.399 2.362v9.226c0 1.306 1.074 2.353 2.399 2.353s2.399-1.056 2.399-2.353v-6.206c0-5.132 4.233-9.291 9.467-9.291H4z\"\/><path opacity=\".8\" d=\"M4 17.074v8.438c0 1.306 1.074 2.362 2.399 2.362s2.399-1.056 2.399-2.362V12.61C8.659 15.102 6.566 17.074 4 17.074\"\/><\/g><\/svg><\/span><\/a><a aria-label=\"Whatsapp\" class=\"heateor_sss_whatsapp\" href=\"https:\/\/api.whatsapp.com\/send?text=%20-%20%20https%3A%2F%2Fjornalfax.net%2Findex.php%2Fwp-json%2Fwp%2Fv2%2Fposts%2F2346\" title=\"Whatsapp\" rel=\"nofollow noopener\" target=\"_blank\" style=\"font-size:32px!important;box-shadow:none;display:inline-block;vertical-align:middle\"><span class=\"heateor_sss_svg\" style=\"background-color:#55eb4c;width:40px;height:40px;margin:0;display:inline-block;opacity:1;float:left;font-size:32px;box-shadow:none;display:inline-block;font-size:16px;padding:0 4px;vertical-align:middle;background-repeat:repeat;overflow:hidden;padding:0;cursor:pointer;box-sizing:content-box\"><svg style=\"display:block;\" focusable=\"false\" aria-hidden=\"true\" xmlns=\"http:\/\/www.w3.org\/2000\/svg\" width=\"100%\" height=\"100%\" viewBox=\"-6 -5 40 40\"><path class=\"heateor_sss_svg_stroke heateor_sss_no_fill\" stroke=\"#fff\" stroke-width=\"2\" fill=\"none\" d=\"M 11.579798566743314 24.396926207859085 A 10 10 0 1 0 6.808479557110079 20.73576436351046\"><\/path><path d=\"M 7 19 l -1 6 l 6 -1\" class=\"heateor_sss_no_fill heateor_sss_svg_stroke\" stroke=\"#fff\" stroke-width=\"2\" fill=\"none\"><\/path><path d=\"M 10 10 q -1 8 8 11 c 5 -1 0 -6 -1 -3 q -4 -3 -5 -5 c 4 -2 -1 -5 -1 -4\" fill=\"#fff\"><\/path><\/svg><\/span><\/a><a class=\"heateor_sss_more\" aria-label=\"More\" title=\"More\" rel=\"nofollow noopener\" style=\"font-size: 32px!important;border:0;box-shadow:none;display:inline-block!important;font-size:16px;padding:0 4px;vertical-align: middle;display:inline;\" href=\"https:\/\/jornalfax.net\/index.php\/wp-json\/wp\/v2\/posts\/2346\" onclick=\"event.preventDefault()\"><span class=\"heateor_sss_svg\" style=\"background-color:#ee8e2d;width:40px;height:40px;margin:0;display:inline-block!important;opacity:1;float:left;font-size:32px!important;box-shadow:none;display:inline-block;font-size:16px;padding:0 4px;vertical-align:middle;display:inline;background-repeat:repeat;overflow:hidden;padding:0;cursor:pointer;box-sizing:content-box;\" onclick=\"heateorSssMoreSharingPopup(this, 'https:\/\/jornalfax.net\/index.php\/wp-json\/wp\/v2\/posts\/2346', '%20-%20', '' )\"><svg xmlns=\"http:\/\/www.w3.org\/2000\/svg\" xmlns:xlink=\"http:\/\/www.w3.org\/1999\/xlink\" viewBox=\"-.3 0 32 32\" version=\"1.1\" width=\"100%\" height=\"100%\" style=\"display:block;\" xml:space=\"preserve\"><g><path fill=\"#fff\" d=\"M18 14V8h-4v6H8v4h6v6h4v-6h6v-4h-6z\" fill-rule=\"evenodd\"><\/path><\/g><\/svg><\/span><\/a><\/div><div class=\"heateorSssClear\"><\/div><\/div>","protected":false},"author":1,"featured_media":2347,"comment_status":"closed","ping_status":"closed","sticky":false,"template":"","format":"standard","meta":{"footnotes":""},"categories":[23,26],"tags":[],"class_list":["post-2346","post","type-post","status-publish","format-standard","has-post-thumbnail","hentry","category-destaque","category-politica"],"yoast_head":"<!-- This site is optimized with the Yoast SEO plugin v24.3 - https:\/\/yoast.com\/wordpress\/plugins\/seo\/ -->\n<title>DELEGA\u00c7\u00c3O ANGOLANA PARTICIPA NA CONFER\u00caNCIA REGIONAL DA FAO -<\/title>\n<meta name=\"robots\" content=\"index, follow, max-snippet:-1, max-image-preview:large, max-video-preview:-1\" \/>\n<link rel=\"canonical\" href=\"https:\/\/jornalfax.net\/index.php\/2024\/04\/19\/delegacao-angolana-participa-na-conferencia-regional-da-fao\/\" \/>\n<meta property=\"og:locale\" content=\"pt_BR\" \/>\n<meta property=\"og:type\" content=\"article\" \/>\n<meta property=\"og:title\" content=\"DELEGA\u00c7\u00c3O ANGOLANA PARTICIPA NA CONFER\u00caNCIA REGIONAL DA FAO -\" \/>\n<meta property=\"og:description\" content=\"A embaixadora de Angola em Roma e representante permanente junto do Fundo das Na\u00e7\u00f5es Unidas para a Alimenta\u00e7\u00e3o e Agricultura (FAO), F\u00e1tima Jardim, chefia uma delega\u00e7\u00e3o que participa, desde ontem, em Rabat, Marrocos, na 33\u00aa Confer\u00eancia Regional daquela ag\u00eancia da ONU. De acordo com uma nota da Embaixada de Angola em Marrocos, F\u00e1tima Jardim representa [&hellip;]\" \/>\n<meta property=\"og:url\" content=\"https:\/\/jornalfax.net\/index.php\/2024\/04\/19\/delegacao-angolana-participa-na-conferencia-regional-da-fao\/\" \/>\n<meta property=\"article:published_time\" content=\"2024-04-19T19:55:56+00:00\" \/>\n<meta property=\"article:modified_time\" content=\"2024-04-19T19:55:57+00:00\" \/>\n<meta property=\"og:image\" content=\"http:\/\/jornalfax.net\/wp-content\/uploads\/2024\/04\/conferencia_regional_da_fao_1369315966223b7ab7a7c.jpg\" \/>\n\t<meta property=\"og:image:width\" content=\"421\" \/>\n\t<meta property=\"og:image:height\" content=\"298\" \/>\n\t<meta property=\"og:image:type\" content=\"image\/jpeg\" \/>\n<meta name=\"author\" content=\"jornalfax.net\" \/>\n<meta name=\"twitter:card\" content=\"summary_large_image\" \/>\n<meta name=\"twitter:label1\" content=\"Escrito por\" \/>\n\t<meta name=\"twitter:data1\" content=\"jornalfax.net\" \/>\n\t<meta name=\"twitter:label2\" content=\"Est. tempo de leitura\" \/>\n\t<meta name=\"twitter:data2\" content=\"3 minutos\" \/>\n<script type=\"application\/ld+json\" class=\"yoast-schema-graph\">{\"@context\":\"https:\/\/schema.org\",\"@graph\":[{\"@type\":\"WebPage\",\"@id\":\"https:\/\/jornalfax.net\/index.php\/2024\/04\/19\/delegacao-angolana-participa-na-conferencia-regional-da-fao\/\",\"url\":\"https:\/\/jornalfax.net\/index.php\/2024\/04\/19\/delegacao-angolana-participa-na-conferencia-regional-da-fao\/\",\"name\":\"DELEGA\u00c7\u00c3O ANGOLANA PARTICIPA NA CONFER\u00caNCIA REGIONAL DA FAO -\",\"isPartOf\":{\"@id\":\"https:\/\/jornalfax.net\/#website\"},\"primaryImageOfPage\":{\"@id\":\"https:\/\/jornalfax.net\/index.php\/2024\/04\/19\/delegacao-angolana-participa-na-conferencia-regional-da-fao\/#primaryimage\"},\"image\":{\"@id\":\"https:\/\/jornalfax.net\/index.php\/2024\/04\/19\/delegacao-angolana-participa-na-conferencia-regional-da-fao\/#primaryimage\"},\"thumbnailUrl\":\"https:\/\/jornalfax.net\/wp-content\/uploads\/2024\/04\/conferencia_regional_da_fao_1369315966223b7ab7a7c.jpg\",\"datePublished\":\"2024-04-19T19:55:56+00:00\",\"dateModified\":\"2024-04-19T19:55:57+00:00\",\"author\":{\"@id\":\"https:\/\/jornalfax.net\/#\/schema\/person\/ea5b5601e259b5e0c03c9cb7908e9ffd\"},\"breadcrumb\":{\"@id\":\"https:\/\/jornalfax.net\/index.php\/2024\/04\/19\/delegacao-angolana-participa-na-conferencia-regional-da-fao\/#breadcrumb\"},\"inLanguage\":\"pt-BR\",\"potentialAction\":[{\"@type\":\"ReadAction\",\"target\":[\"https:\/\/jornalfax.net\/index.php\/2024\/04\/19\/delegacao-angolana-participa-na-conferencia-regional-da-fao\/\"]}]},{\"@type\":\"ImageObject\",\"inLanguage\":\"pt-BR\",\"@id\":\"https:\/\/jornalfax.net\/index.php\/2024\/04\/19\/delegacao-angolana-participa-na-conferencia-regional-da-fao\/#primaryimage\",\"url\":\"https:\/\/jornalfax.net\/wp-content\/uploads\/2024\/04\/conferencia_regional_da_fao_1369315966223b7ab7a7c.jpg\",\"contentUrl\":\"https:\/\/jornalfax.net\/wp-content\/uploads\/2024\/04\/conferencia_regional_da_fao_1369315966223b7ab7a7c.jpg\",\"width\":421,\"height\":298},{\"@type\":\"BreadcrumbList\",\"@id\":\"https:\/\/jornalfax.net\/index.php\/2024\/04\/19\/delegacao-angolana-participa-na-conferencia-regional-da-fao\/#breadcrumb\",\"itemListElement\":[{\"@type\":\"ListItem\",\"position\":1,\"name\":\"In\u00edcio\",\"item\":\"https:\/\/jornalfax.net\/\"},{\"@type\":\"ListItem\",\"position\":2,\"name\":\"DELEGA\u00c7\u00c3O ANGOLANA PARTICIPA NA CONFER\u00caNCIA REGIONAL DA FAO\"}]},{\"@type\":\"WebSite\",\"@id\":\"https:\/\/jornalfax.net\/#website\",\"url\":\"https:\/\/jornalfax.net\/\",\"name\":\"\",\"description\":\"\",\"potentialAction\":[{\"@type\":\"SearchAction\",\"target\":{\"@type\":\"EntryPoint\",\"urlTemplate\":\"https:\/\/jornalfax.net\/?s={search_term_string}\"},\"query-input\":{\"@type\":\"PropertyValueSpecification\",\"valueRequired\":true,\"valueName\":\"search_term_string\"}}],\"inLanguage\":\"pt-BR\"},{\"@type\":\"Person\",\"@id\":\"https:\/\/jornalfax.net\/#\/schema\/person\/ea5b5601e259b5e0c03c9cb7908e9ffd\",\"name\":\"jornalfax.net\",\"sameAs\":[\"http:\/\/jornalfax.net\"],\"url\":\"https:\/\/jornalfax.net\/index.php\/author\/jornalfax-net\/\"}]}<\/script>\n<!-- \/ Yoast SEO plugin. -->","yoast_head_json":{"title":"DELEGA\u00c7\u00c3O ANGOLANA PARTICIPA NA CONFER\u00caNCIA REGIONAL DA FAO -","robots":{"index":"index","follow":"follow","max-snippet":"max-snippet:-1","max-image-preview":"max-image-preview:large","max-video-preview":"max-video-preview:-1"},"canonical":"https:\/\/jornalfax.net\/index.php\/2024\/04\/19\/delegacao-angolana-participa-na-conferencia-regional-da-fao\/","og_locale":"pt_BR","og_type":"article","og_title":"DELEGA\u00c7\u00c3O ANGOLANA PARTICIPA NA CONFER\u00caNCIA REGIONAL DA FAO -","og_description":"A embaixadora de Angola em Roma e representante permanente junto do Fundo das Na\u00e7\u00f5es Unidas para a Alimenta\u00e7\u00e3o e Agricultura (FAO), F\u00e1tima Jardim, chefia uma delega\u00e7\u00e3o que participa, desde ontem, em Rabat, Marrocos, na 33\u00aa Confer\u00eancia Regional daquela ag\u00eancia da ONU. De acordo com uma nota da Embaixada de Angola em Marrocos, F\u00e1tima Jardim representa [&hellip;]","og_url":"https:\/\/jornalfax.net\/index.php\/2024\/04\/19\/delegacao-angolana-participa-na-conferencia-regional-da-fao\/","article_published_time":"2024-04-19T19:55:56+00:00","article_modified_time":"2024-04-19T19:55:57+00:00","og_image":[{"width":421,"height":298,"url":"http:\/\/jornalfax.net\/wp-content\/uploads\/2024\/04\/conferencia_regional_da_fao_1369315966223b7ab7a7c.jpg","type":"image\/jpeg"}],"author":"jornalfax.net","twitter_card":"summary_large_image","twitter_misc":{"Escrito por":"jornalfax.net","Est. tempo de leitura":"3 minutos"},"schema":{"@context":"https:\/\/schema.org","@graph":[{"@type":"WebPage","@id":"https:\/\/jornalfax.net\/index.php\/2024\/04\/19\/delegacao-angolana-participa-na-conferencia-regional-da-fao\/","url":"https:\/\/jornalfax.net\/index.php\/2024\/04\/19\/delegacao-angolana-participa-na-conferencia-regional-da-fao\/","name":"DELEGA\u00c7\u00c3O ANGOLANA PARTICIPA NA CONFER\u00caNCIA REGIONAL DA FAO -","isPartOf":{"@id":"https:\/\/jornalfax.net\/#website"},"primaryImageOfPage":{"@id":"https:\/\/jornalfax.net\/index.php\/2024\/04\/19\/delegacao-angolana-participa-na-conferencia-regional-da-fao\/#primaryimage"},"image":{"@id":"https:\/\/jornalfax.net\/index.php\/2024\/04\/19\/delegacao-angolana-participa-na-conferencia-regional-da-fao\/#primaryimage"},"thumbnailUrl":"https:\/\/jornalfax.net\/wp-content\/uploads\/2024\/04\/conferencia_regional_da_fao_1369315966223b7ab7a7c.jpg","datePublished":"2024-04-19T19:55:56+00:00","dateModified":"2024-04-19T19:55:57+00:00","author":{"@id":"https:\/\/jornalfax.net\/#\/schema\/person\/ea5b5601e259b5e0c03c9cb7908e9ffd"},"breadcrumb":{"@id":"https:\/\/jornalfax.net\/index.php\/2024\/04\/19\/delegacao-angolana-participa-na-conferencia-regional-da-fao\/#breadcrumb"},"inLanguage":"pt-BR","potentialAction":[{"@type":"ReadAction","target":["https:\/\/jornalfax.net\/index.php\/2024\/04\/19\/delegacao-angolana-participa-na-conferencia-regional-da-fao\/"]}]},{"@type":"ImageObject","inLanguage":"pt-BR","@id":"https:\/\/jornalfax.net\/index.php\/2024\/04\/19\/delegacao-angolana-participa-na-conferencia-regional-da-fao\/#primaryimage","url":"https:\/\/jornalfax.net\/wp-content\/uploads\/2024\/04\/conferencia_regional_da_fao_1369315966223b7ab7a7c.jpg","contentUrl":"https:\/\/jornalfax.net\/wp-content\/uploads\/2024\/04\/conferencia_regional_da_fao_1369315966223b7ab7a7c.jpg","width":421,"height":298},{"@type":"BreadcrumbList","@id":"https:\/\/jornalfax.net\/index.php\/2024\/04\/19\/delegacao-angolana-participa-na-conferencia-regional-da-fao\/#breadcrumb","itemListElement":[{"@type":"ListItem","position":1,"name":"In\u00edcio","item":"https:\/\/jornalfax.net\/"},{"@type":"ListItem","position":2,"name":"DELEGA\u00c7\u00c3O ANGOLANA PARTICIPA NA CONFER\u00caNCIA REGIONAL DA FAO"}]},{"@type":"WebSite","@id":"https:\/\/jornalfax.net\/#website","url":"https:\/\/jornalfax.net\/","name":"","description":"","potentialAction":[{"@type":"SearchAction","target":{"@type":"EntryPoint","urlTemplate":"https:\/\/jornalfax.net\/?s={search_term_string}"},"query-input":{"@type":"PropertyValueSpecification","valueRequired":true,"valueName":"search_term_string"}}],"inLanguage":"pt-BR"},{"@type":"Person","@id":"https:\/\/jornalfax.net\/#\/schema\/person\/ea5b5601e259b5e0c03c9cb7908e9ffd","name":"jornalfax.net","sameAs":["http:\/\/jornalfax.net"],"url":"https:\/\/jornalfax.net\/index.php\/author\/jornalfax-net\/"}]}},"_links":{"self":[{"href":"https:\/\/jornalfax.net\/index.php\/wp-json\/wp\/v2\/posts\/2346","targetHints":{"allow":["GET"]}}],"collection":[{"href":"https:\/\/jornalfax.net\/index.php\/wp-json\/wp\/v2\/posts"}],"about":[{"href":"https:\/\/jornalfax.net\/index.php\/wp-json\/wp\/v2\/types\/post"}],"author":[{"embeddable":true,"href":"https:\/\/jornalfax.net\/index.php\/wp-json\/wp\/v2\/users\/1"}],"replies":[{"embeddable":true,"href":"https:\/\/jornalfax.net\/index.php\/wp-json\/wp\/v2\/comments?post=2346"}],"version-history":[{"count":1,"href":"https:\/\/jornalfax.net\/index.php\/wp-json\/wp\/v2\/posts\/2346\/revisions"}],"predecessor-version":[{"id":2348,"href":"https:\/\/jornalfax.net\/index.php\/wp-json\/wp\/v2\/posts\/2346\/revisions\/2348"}],"wp:featuredmedia":[{"embeddable":true,"href":"https:\/\/jornalfax.net\/index.php\/wp-json\/wp\/v2\/media\/2347"}],"wp:attachment":[{"href":"https:\/\/jornalfax.net\/index.php\/wp-json\/wp\/v2\/media?parent=2346"}],"wp:term":[{"taxonomy":"category","embeddable":true,"href":"https:\/\/jornalfax.net\/index.php\/wp-json\/wp\/v2\/categories?post=2346"},{"taxonomy":"post_tag","embeddable":true,"href":"https:\/\/jornalfax.net\/index.php\/wp-json\/wp\/v2\/tags?post=2346"}],"curies":[{"name":"wp","href":"https:\/\/api.w.org\/{rel}","templated":true}]}}