{"id":1484,"date":"2024-02-08T06:24:53","date_gmt":"2024-02-08T09:24:53","guid":{"rendered":"https:\/\/jornalfax.net\/?p=1484"},"modified":"2024-02-08T06:24:55","modified_gmt":"2024-02-08T09:24:55","slug":"fundacao-27-de-maio-acusa-mpla-e-unita-de-politizarem-reconciliacao-nacional","status":"publish","type":"post","link":"https:\/\/jornalfax.net\/index.php\/2024\/02\/08\/fundacao-27-de-maio-acusa-mpla-e-unita-de-politizarem-reconciliacao-nacional\/","title":{"rendered":"FUNDA\u00c7\u00c3O 27 DE MAIO ACUSA MPLA E UNITA DE POLITIZAREM RECONCILIA\u00c7\u00c3O NACIONAL"},"content":{"rendered":"\n<p>O presidente da Funda\u00e7\u00e3o 27 de Maio, o General Silva Mateus, acusou o MPLA e a UNITA de quererem politizar a Comiss\u00e3o de Reconcilia\u00e7\u00e3o em Mem\u00f3ria das V\u00edtimas de Conflitos Pol\u00edticos \u201cCIVICOP\u201d agora abandonada pela UNITA.<\/p>\n\n\n\n<p>A funda\u00e7\u00e3o participa na comiss\u00e3o para defender os interesses dos familiares de vitimas da repress\u00e3o que se seguiu aos confrontos de 27 de Maio de 1977 quando milhares de pessoas foram mortas e presas sem qualquer processo juridico, ap\u00f3s uma alegada rebeli\u00e3o liderada por um antigo membro do MPLA Nito Alves.<\/p>\n\n\n\n<p>O general disse que a actual crise no seio da CIVICOP se deveu a excessos da televis\u00e3o p\u00fablica de Angola em quest\u00f5es relativas a abusos da UNITA durante a guerra.<\/p>\n\n\n\n<p>\u201cO que se passa \u00e9 que quando a subcomiss\u00e3o de localiza\u00e7\u00e3o e exuma\u00e7\u00e3o das ossadas foi na \u00e1rea da Jamba onde est\u00e3o enterrados alguns elementos que foram mortos por Savimbi, a Televis\u00e3o P\u00fablica de Angola fez muito alarido a isto e chateou a UNITA\u201d, disse.<\/p>\n\n\n\n<p>Mas Silva Mateus, acusou os dois partidos, MPLA e UNITA de estarem a politizar a CIVICOP afirmando que os desacordos seve a quest\u00f5es pol\u00edticas que nada t\u00eam a ver com o processo de reconcilia\u00e7\u00e3o.<\/p>\n\n\n\n<p>&#8220;Sguindo o que estamos a fazer n\u00e3o h\u00e1 nada de pol\u00edtica mas metendo MPLA e a UNITA j\u00e1 entra a pol\u00edtica e isto \u00e9 que n\u00f3s queremos destrin\u00e7ar&#8221;, disse afirmando n\u00e3o opor-se \u00e0 presen\u00e7a dos partidos mas n\u00e3o como tal e sim &#8220;como integrantes da comiss\u00e3o\u201d<\/p>\n\n\n\n<p>Silva Mateus aconselhou igualmente a UNITA a reintegrar a comiss\u00e3o<\/p>\n\n\n\n<p>A UNITA mant\u00e9m no entanto a sua sa\u00edda da CIVICOP que esteve reunida em Luanda embora o Ministro da Justi\u00e7a dos Direitos Humanos, Marcy Lopes tenha dito que a CIVICOP n\u00e3o foi notificada oficialmente pela UNITA da sua sa\u00edda.<\/p>\n\n\n\n<p>\u201cN\u00e3o fomos formalmente notificados desta retirada\u201d disse.<\/p>\n\n\n\n<p>A Comiss\u00e3o analisou esta ter\u00e7a-feira o programa de ac\u00e7\u00f5es a serem desenvolvidas ao longo primeiro semestre deste ano, e informou, igualmente, que ao longo do ano passado, novos corpos de v\u00edtimas de conflitos pol\u00edticos foram encontrados.<\/p>\n\n\n\n<p>Em resposta, o partido UNITA, diz manter a decis\u00e3o da sua retirada da Comiss\u00e3o.<\/p>\n\n\n\n<p>Evaldo Evangelista, Secret\u00e1rio da Comunica\u00e7\u00e3o e Marketing daquele partido, a UNITA defende para Angola a cria\u00e7\u00e3o de uma plataforma plural \u00e0 semelhan\u00e7a da Comiss\u00e3o da Verdade e Reconcilia\u00e7\u00e3o na \u00c1frica do Sul, que teve como coordenador o Bispo Desmond Tutu.<\/p>\n\n\n\n<p>\u201cA sociedade angolana deve debater a sua hist\u00f3ria e o seu passado, com verdade e com o esp\u00edrito de reconcilia\u00e7\u00e3o para que o perd\u00e3o seja genu\u00edno e duradouro&#8221;, disse Evangelista para quem &#8220;tal s\u00f3 ser\u00e1 poss\u00edvel com a cria\u00e7\u00e3o de uma Comiss\u00e3o da Verdade, do Perd\u00e3o e da Reconcilia\u00e7\u00e3o\u201d.<\/p>\n\n\n\n<p>\u201cO partido decidiu terminar e j\u00e1 n\u00e3o volta CIVICOP\u201d, frisou.<\/p>\n\n\n\n<p>O porta voz da UNITA acusou o governo de &#8220;partidarizar para um \u00e2ngulo de divis\u00e3o e n\u00e3o de reconcilia\u00e7\u00e3o\u201d.<\/p>\n\n\n\n<p>Fonte: VOA<\/p>\n","protected":false},"excerpt":{"rendered":"<p>O presidente da Funda\u00e7\u00e3o 27 de Maio, o General Silva Mateus, acusou o MPLA e a UNITA de quererem politizar a Comiss\u00e3o de Reconcilia\u00e7\u00e3o em Mem\u00f3ria das V\u00edtimas de Conflitos Pol\u00edticos \u201cCIVICOP\u201d agora abandonada pela UNITA. A funda\u00e7\u00e3o participa na comiss\u00e3o para defender os interesses dos familiares de vitimas da repress\u00e3o que se seguiu aos [&hellip;]<\/p>\n<div class='heateor_sss_sharing_container heateor_sss_vertical_sharing heateor_sss_bottom_sharing' style='width:44px;left: -10px;top: 100px;-webkit-box-shadow:none;box-shadow:none;' data-heateor-sss-href='https:\/\/jornalfax.net\/index.php\/wp-json\/wp\/v2\/posts\/1484'><div class=\"heateor_sss_sharing_ul\"><a aria-label=\"Facebook\" class=\"heateor_sss_facebook\" href=\"https:\/\/www.facebook.com\/sharer\/sharer.php?u=https%3A%2F%2Fjornalfax.net%2Findex.php%2Fwp-json%2Fwp%2Fv2%2Fposts%2F1484\" title=\"Facebook\" rel=\"nofollow noopener\" target=\"_blank\" style=\"font-size:32px!important;box-shadow:none;display:inline-block;vertical-align:middle\"><span class=\"heateor_sss_svg\" style=\"background-color:#0765FE;width:40px;height:40px;margin:0;display:inline-block;opacity:1;float:left;font-size:32px;box-shadow:none;display:inline-block;font-size:16px;padding:0 4px;vertical-align:middle;background-repeat:repeat;overflow:hidden;padding:0;cursor:pointer;box-sizing:content-box\"><svg style=\"display:block;\" focusable=\"false\" aria-hidden=\"true\" xmlns=\"http:\/\/www.w3.org\/2000\/svg\" width=\"100%\" height=\"100%\" viewBox=\"0 0 32 32\"><path fill=\"#fff\" d=\"M28 16c0-6.627-5.373-12-12-12S4 9.373 4 16c0 5.628 3.875 10.35 9.101 11.647v-7.98h-2.474V16H13.1v-1.58c0-4.085 1.849-5.978 5.859-5.978.76 0 2.072.15 2.608.298v3.325c-.283-.03-.775-.045-1.386-.045-1.967 0-2.728.745-2.728 2.683V16h3.92l-.673 3.667h-3.247v8.245C23.395 27.195 28 22.135 28 16Z\"><\/path><\/svg><\/span><\/a><a aria-label=\"X\" class=\"heateor_sss_button_x\" href=\"https:\/\/twitter.com\/intent\/tweet?text=%20-%20&url=https%3A%2F%2Fjornalfax.net%2Findex.php%2Fwp-json%2Fwp%2Fv2%2Fposts%2F1484\" title=\"X\" rel=\"nofollow noopener\" target=\"_blank\" style=\"font-size:32px!important;box-shadow:none;display:inline-block;vertical-align:middle\"><span class=\"heateor_sss_svg heateor_sss_s__default heateor_sss_s_x\" style=\"background-color:#2a2a2a;width:40px;height:40px;margin:0;display:inline-block;opacity:1;float:left;font-size:32px;box-shadow:none;display:inline-block;font-size:16px;padding:0 4px;vertical-align:middle;background-repeat:repeat;overflow:hidden;padding:0;cursor:pointer;box-sizing:content-box\"><svg width=\"100%\" height=\"100%\" style=\"display:block;\" focusable=\"false\" aria-hidden=\"true\" xmlns=\"http:\/\/www.w3.org\/2000\/svg\" viewBox=\"0 0 32 32\"><path fill=\"#fff\" d=\"M21.751 7h3.067l-6.7 7.658L26 25.078h-6.172l-4.833-6.32-5.531 6.32h-3.07l7.167-8.19L6 7h6.328l4.37 5.777L21.75 7Zm-1.076 16.242h1.7L11.404 8.74H9.58l11.094 14.503Z\"><\/path><\/svg><\/span><\/a><a aria-label=\"Reddit\" class=\"heateor_sss_button_reddit\" href=\"http:\/\/reddit.com\/submit?url=https%3A%2F%2Fjornalfax.net%2Findex.php%2Fwp-json%2Fwp%2Fv2%2Fposts%2F1484&title=%20-%20\" title=\"Reddit\" rel=\"nofollow noopener\" target=\"_blank\" style=\"font-size:32px!important;box-shadow:none;display:inline-block;vertical-align:middle\"><span class=\"heateor_sss_svg heateor_sss_s__default heateor_sss_s_reddit\" style=\"background-color:#ff5700;width:40px;height:40px;margin:0;display:inline-block;opacity:1;float:left;font-size:32px;box-shadow:none;display:inline-block;font-size:16px;padding:0 4px;vertical-align:middle;background-repeat:repeat;overflow:hidden;padding:0;cursor:pointer;box-sizing:content-box\"><svg style=\"display:block;\" focusable=\"false\" aria-hidden=\"true\" xmlns=\"http:\/\/www.w3.org\/2000\/svg\" width=\"100%\" height=\"100%\" viewBox=\"-3.5 -3.5 39 39\"><path d=\"M28.543 15.774a2.953 2.953 0 0 0-2.951-2.949 2.882 2.882 0 0 0-1.9.713 14.075 14.075 0 0 0-6.85-2.044l1.38-4.349 3.768.884a2.452 2.452 0 1 0 .24-1.176l-4.274-1a.6.6 0 0 0-.709.4l-1.659 5.224a14.314 14.314 0 0 0-7.316 2.029 2.908 2.908 0 0 0-1.872-.681 2.942 2.942 0 0 0-1.618 5.4 5.109 5.109 0 0 0-.062.765c0 4.158 5.037 7.541 11.229 7.541s11.22-3.383 11.22-7.541a5.2 5.2 0 0 0-.053-.706 2.963 2.963 0 0 0 1.427-2.51zm-18.008 1.88a1.753 1.753 0 0 1 1.73-1.74 1.73 1.73 0 0 1 1.709 1.74 1.709 1.709 0 0 1-1.709 1.711 1.733 1.733 0 0 1-1.73-1.711zm9.565 4.968a5.573 5.573 0 0 1-4.081 1.272h-.032a5.576 5.576 0 0 1-4.087-1.272.6.6 0 0 1 .844-.854 4.5 4.5 0 0 0 3.238.927h.032a4.5 4.5 0 0 0 3.237-.927.6.6 0 1 1 .844.854zm-.331-3.256a1.726 1.726 0 1 1 1.709-1.712 1.717 1.717 0 0 1-1.712 1.712z\" fill=\"#fff\"\/><\/svg><\/span><\/a><a aria-label=\"Linkedin\" class=\"heateor_sss_button_linkedin\" href=\"https:\/\/www.linkedin.com\/sharing\/share-offsite\/?url=https%3A%2F%2Fjornalfax.net%2Findex.php%2Fwp-json%2Fwp%2Fv2%2Fposts%2F1484\" title=\"Linkedin\" rel=\"nofollow noopener\" target=\"_blank\" style=\"font-size:32px!important;box-shadow:none;display:inline-block;vertical-align:middle\"><span class=\"heateor_sss_svg heateor_sss_s__default heateor_sss_s_linkedin\" style=\"background-color:#0077b5;width:40px;height:40px;margin:0;display:inline-block;opacity:1;float:left;font-size:32px;box-shadow:none;display:inline-block;font-size:16px;padding:0 4px;vertical-align:middle;background-repeat:repeat;overflow:hidden;padding:0;cursor:pointer;box-sizing:content-box\"><svg style=\"display:block;\" focusable=\"false\" aria-hidden=\"true\" xmlns=\"http:\/\/www.w3.org\/2000\/svg\" width=\"100%\" height=\"100%\" viewBox=\"0 0 32 32\"><path d=\"M6.227 12.61h4.19v13.48h-4.19V12.61zm2.095-6.7a2.43 2.43 0 0 1 0 4.86c-1.344 0-2.428-1.09-2.428-2.43s1.084-2.43 2.428-2.43m4.72 6.7h4.02v1.84h.058c.56-1.058 1.927-2.176 3.965-2.176 4.238 0 5.02 2.792 5.02 6.42v7.395h-4.183v-6.56c0-1.564-.03-3.574-2.178-3.574-2.18 0-2.514 1.7-2.514 3.46v6.668h-4.187V12.61z\" fill=\"#fff\"><\/path><\/svg><\/span><\/a><a aria-label=\"Pinterest\" class=\"heateor_sss_button_pinterest\" href=\"https:\/\/jornalfax.net\/index.php\/wp-json\/wp\/v2\/posts\/1484\" onclick=\"event.preventDefault();javascript:void( (function() {var e=document.createElement('script' );e.setAttribute('type','text\/javascript' );e.setAttribute('charset','UTF-8' );e.setAttribute('src','\/\/assets.pinterest.com\/js\/pinmarklet.js?r='+Math.random()*99999999);document.body.appendChild(e)})());\" title=\"Pinterest\" rel=\"noopener\" style=\"font-size:32px!important;box-shadow:none;display:inline-block;vertical-align:middle\"><span class=\"heateor_sss_svg heateor_sss_s__default heateor_sss_s_pinterest\" style=\"background-color:#cc2329;width:40px;height:40px;margin:0;display:inline-block;opacity:1;float:left;font-size:32px;box-shadow:none;display:inline-block;font-size:16px;padding:0 4px;vertical-align:middle;background-repeat:repeat;overflow:hidden;padding:0;cursor:pointer;box-sizing:content-box\"><svg style=\"display:block;\" focusable=\"false\" aria-hidden=\"true\" xmlns=\"http:\/\/www.w3.org\/2000\/svg\" width=\"100%\" height=\"100%\" viewBox=\"-2 -2 35 35\"><path fill=\"#fff\" d=\"M16.539 4.5c-6.277 0-9.442 4.5-9.442 8.253 0 2.272.86 4.293 2.705 5.046.303.125.574.005.662-.33.061-.231.205-.816.27-1.06.088-.331.053-.447-.191-.736-.532-.627-.873-1.439-.873-2.591 0-3.338 2.498-6.327 6.505-6.327 3.548 0 5.497 2.168 5.497 5.062 0 3.81-1.686 7.025-4.188 7.025-1.382 0-2.416-1.142-2.085-2.545.397-1.674 1.166-3.48 1.166-4.689 0-1.081-.581-1.983-1.782-1.983-1.413 0-2.548 1.462-2.548 3.419 0 1.247.421 2.091.421 2.091l-1.699 7.199c-.505 2.137-.076 4.755-.039 5.019.021.158.223.196.314.077.13-.17 1.813-2.247 2.384-4.324.162-.587.929-3.631.929-3.631.46.876 1.801 1.646 3.227 1.646 4.247 0 7.128-3.871 7.128-9.053.003-3.918-3.317-7.568-8.361-7.568z\"\/><\/svg><\/span><\/a><a aria-label=\"Mastodon\" class=\"heateor_sss_button_mastodon\" href=\"https:\/\/mastodon.social\/share?text=https%3A%2F%2Fjornalfax.net%2Findex.php%2Fwp-json%2Fwp%2Fv2%2Fposts%2F1484&title=%20-%20\" title=\"Mastodon\" rel=\"nofollow noopener\" target=\"_blank\" style=\"font-size:32px!important;box-shadow:none;display:inline-block;vertical-align:middle\"><span class=\"heateor_sss_svg heateor_sss_s__default heateor_sss_s_mastodon\" style=\"background-color:#6364FF;width:40px;height:40px;margin:0;display:inline-block;opacity:1;float:left;font-size:32px;box-shadow:none;display:inline-block;font-size:16px;padding:0 4px;vertical-align:middle;background-repeat:repeat;overflow:hidden;padding:0;cursor:pointer;box-sizing:content-box\"><svg style=\"display:block;\" focusable=\"false\" aria-hidden=\"true\" xmlns=\"http:\/\/www.w3.org\/2000\/svg\" width=\"100%\" height=\"100%\" viewBox=\"-3.5 -3.5 39 39\"><path d=\"M27 12c0-5.12-3.35-6.62-3.35-6.62C22 4.56 19.05 4.23 16 4.21c-3 0-5.92.35-7.61 1.12C8.36 5.33 5 6.83 5 12v4c.12 5 .92 9.93 5.54 11.16a17.67 17.67 0 005.44.6 10.88 10.88 0 004.18-.95l-.09-1.95a13.36 13.36 0 01-4.07.54c-2.12-.07-4.37-.23-4.71-2.84a5.58 5.58 0 01-.05-.73 27.46 27.46 0 004.73.63 26.76 26.76 0 004.68-.28c3-.35 5.53-2.17 5.85-3.83A39.25 39.25 0 0027 12zm-3.95 6.59h-2.46v-6c0-1.27-.53-1.91-1.6-1.91s-1.77.76-1.77 2.27v3.29h-2.44v-3.35c0-1.51-.59-2.27-1.77-2.27s-1.6.64-1.6 1.91v6H9v-6.18a4.49 4.49 0 011-3 3.39 3.39 0 012.63-1.12 3.17 3.17 0 012.84 1.44l.61 1 .61-1a3.17 3.17 0 012.84-1.44 3.39 3.39 0 012.63 1.12 4.49 4.49 0 011 3z\" fill=\"#fff\"><\/path><\/svg><\/span><\/a><a aria-label=\"Mix\" class=\"heateor_sss_button_mix\" href=\"https:\/\/mix.com\/mixit?url=https%3A%2F%2Fjornalfax.net%2Findex.php%2Fwp-json%2Fwp%2Fv2%2Fposts%2F1484\" title=\"Mix\" rel=\"nofollow noopener\" target=\"_blank\" style=\"font-size:32px!important;box-shadow:none;display:inline-block;vertical-align:middle\"><span class=\"heateor_sss_svg heateor_sss_s__default heateor_sss_s_mix\" style=\"background-color:#ff8226;width:40px;height:40px;margin:0;display:inline-block;opacity:1;float:left;font-size:32px;box-shadow:none;display:inline-block;font-size:16px;padding:0 4px;vertical-align:middle;background-repeat:repeat;overflow:hidden;padding:0;cursor:pointer;box-sizing:content-box\"><svg focusable=\"false\" aria-hidden=\"true\" xmlns=\"http:\/\/www.w3.org\/2000\/svg\" width=\"100%\" height=\"100%\" viewBox=\"-7 -8 45 45\"><g fill=\"#fff\"><path opacity=\".8\" d=\"M27.87 4.125c-5.224 0-9.467 4.159-9.467 9.291v2.89c0-1.306 1.074-2.362 2.399-2.362s2.399 1.056 2.399 2.362v1.204c0 1.306 1.074 2.362 2.399 2.362s2.399-1.056 2.399-2.362V4.134c-.036-.009-.082-.009-.129-.009\"\/><path d=\"M4 4.125v12.94c2.566 0 4.668-1.973 4.807-4.465v-2.214c0-.065 0-.12.009-.176.093-1.213 1.13-2.177 2.39-2.177 1.325 0 2.399 1.056 2.399 2.362v9.226c0 1.306 1.074 2.353 2.399 2.353s2.399-1.056 2.399-2.353v-6.206c0-5.132 4.233-9.291 9.467-9.291H4z\"\/><path opacity=\".8\" d=\"M4 17.074v8.438c0 1.306 1.074 2.362 2.399 2.362s2.399-1.056 2.399-2.362V12.61C8.659 15.102 6.566 17.074 4 17.074\"\/><\/g><\/svg><\/span><\/a><a aria-label=\"Whatsapp\" class=\"heateor_sss_whatsapp\" href=\"https:\/\/api.whatsapp.com\/send?text=%20-%20%20https%3A%2F%2Fjornalfax.net%2Findex.php%2Fwp-json%2Fwp%2Fv2%2Fposts%2F1484\" title=\"Whatsapp\" rel=\"nofollow noopener\" target=\"_blank\" style=\"font-size:32px!important;box-shadow:none;display:inline-block;vertical-align:middle\"><span class=\"heateor_sss_svg\" style=\"background-color:#55eb4c;width:40px;height:40px;margin:0;display:inline-block;opacity:1;float:left;font-size:32px;box-shadow:none;display:inline-block;font-size:16px;padding:0 4px;vertical-align:middle;background-repeat:repeat;overflow:hidden;padding:0;cursor:pointer;box-sizing:content-box\"><svg style=\"display:block;\" focusable=\"false\" aria-hidden=\"true\" xmlns=\"http:\/\/www.w3.org\/2000\/svg\" width=\"100%\" height=\"100%\" viewBox=\"-6 -5 40 40\"><path class=\"heateor_sss_svg_stroke heateor_sss_no_fill\" stroke=\"#fff\" stroke-width=\"2\" fill=\"none\" d=\"M 11.579798566743314 24.396926207859085 A 10 10 0 1 0 6.808479557110079 20.73576436351046\"><\/path><path d=\"M 7 19 l -1 6 l 6 -1\" class=\"heateor_sss_no_fill heateor_sss_svg_stroke\" stroke=\"#fff\" stroke-width=\"2\" fill=\"none\"><\/path><path d=\"M 10 10 q -1 8 8 11 c 5 -1 0 -6 -1 -3 q -4 -3 -5 -5 c 4 -2 -1 -5 -1 -4\" fill=\"#fff\"><\/path><\/svg><\/span><\/a><a class=\"heateor_sss_more\" aria-label=\"More\" title=\"More\" rel=\"nofollow noopener\" style=\"font-size: 32px!important;border:0;box-shadow:none;display:inline-block!important;font-size:16px;padding:0 4px;vertical-align: middle;display:inline;\" href=\"https:\/\/jornalfax.net\/index.php\/wp-json\/wp\/v2\/posts\/1484\" onclick=\"event.preventDefault()\"><span class=\"heateor_sss_svg\" style=\"background-color:#ee8e2d;width:40px;height:40px;margin:0;display:inline-block!important;opacity:1;float:left;font-size:32px!important;box-shadow:none;display:inline-block;font-size:16px;padding:0 4px;vertical-align:middle;display:inline;background-repeat:repeat;overflow:hidden;padding:0;cursor:pointer;box-sizing:content-box;\" onclick=\"heateorSssMoreSharingPopup(this, 'https:\/\/jornalfax.net\/index.php\/wp-json\/wp\/v2\/posts\/1484', '%20-%20', '' )\"><svg xmlns=\"http:\/\/www.w3.org\/2000\/svg\" xmlns:xlink=\"http:\/\/www.w3.org\/1999\/xlink\" viewBox=\"-.3 0 32 32\" version=\"1.1\" width=\"100%\" height=\"100%\" style=\"display:block;\" xml:space=\"preserve\"><g><path fill=\"#fff\" d=\"M18 14V8h-4v6H8v4h6v6h4v-6h6v-4h-6z\" fill-rule=\"evenodd\"><\/path><\/g><\/svg><\/span><\/a><\/div><div class=\"heateorSssClear\"><\/div><\/div>","protected":false},"author":1,"featured_media":1485,"comment_status":"closed","ping_status":"closed","sticky":false,"template":"","format":"standard","meta":{"footnotes":""},"categories":[22,23],"tags":[],"class_list":["post-1484","post","type-post","status-publish","format-standard","has-post-thumbnail","hentry","category-actualidade","category-destaque"],"yoast_head":"<!-- This site is optimized with the Yoast SEO plugin v24.3 - https:\/\/yoast.com\/wordpress\/plugins\/seo\/ -->\n<title>FUNDA\u00c7\u00c3O 27 DE MAIO ACUSA MPLA E UNITA DE POLITIZAREM RECONCILIA\u00c7\u00c3O NACIONAL -<\/title>\n<meta name=\"robots\" content=\"index, follow, max-snippet:-1, max-image-preview:large, max-video-preview:-1\" \/>\n<link rel=\"canonical\" href=\"https:\/\/jornalfax.net\/index.php\/2024\/02\/08\/fundacao-27-de-maio-acusa-mpla-e-unita-de-politizarem-reconciliacao-nacional\/\" \/>\n<meta property=\"og:locale\" content=\"pt_BR\" \/>\n<meta property=\"og:type\" content=\"article\" \/>\n<meta property=\"og:title\" content=\"FUNDA\u00c7\u00c3O 27 DE MAIO ACUSA MPLA E UNITA DE POLITIZAREM RECONCILIA\u00c7\u00c3O NACIONAL -\" \/>\n<meta property=\"og:description\" content=\"O presidente da Funda\u00e7\u00e3o 27 de Maio, o General Silva Mateus, acusou o MPLA e a UNITA de quererem politizar a Comiss\u00e3o de Reconcilia\u00e7\u00e3o em Mem\u00f3ria das V\u00edtimas de Conflitos Pol\u00edticos \u201cCIVICOP\u201d agora abandonada pela UNITA. A funda\u00e7\u00e3o participa na comiss\u00e3o para defender os interesses dos familiares de vitimas da repress\u00e3o que se seguiu aos [&hellip;]\" \/>\n<meta property=\"og:url\" content=\"https:\/\/jornalfax.net\/index.php\/2024\/02\/08\/fundacao-27-de-maio-acusa-mpla-e-unita-de-politizarem-reconciliacao-nacional\/\" \/>\n<meta property=\"article:published_time\" content=\"2024-02-08T09:24:53+00:00\" \/>\n<meta property=\"article:modified_time\" content=\"2024-02-08T09:24:55+00:00\" \/>\n<meta property=\"og:image\" content=\"http:\/\/jornalfax.net\/wp-content\/uploads\/2024\/02\/general-silva-mateus.jpg\" \/>\n\t<meta property=\"og:image:width\" content=\"640\" \/>\n\t<meta property=\"og:image:height\" content=\"361\" \/>\n\t<meta property=\"og:image:type\" content=\"image\/jpeg\" \/>\n<meta name=\"author\" content=\"jornalfax.net\" \/>\n<meta name=\"twitter:card\" content=\"summary_large_image\" \/>\n<meta name=\"twitter:label1\" content=\"Escrito por\" \/>\n\t<meta name=\"twitter:data1\" content=\"jornalfax.net\" \/>\n\t<meta name=\"twitter:label2\" content=\"Est. tempo de leitura\" \/>\n\t<meta name=\"twitter:data2\" content=\"3 minutos\" \/>\n<script type=\"application\/ld+json\" class=\"yoast-schema-graph\">{\"@context\":\"https:\/\/schema.org\",\"@graph\":[{\"@type\":\"WebPage\",\"@id\":\"https:\/\/jornalfax.net\/index.php\/2024\/02\/08\/fundacao-27-de-maio-acusa-mpla-e-unita-de-politizarem-reconciliacao-nacional\/\",\"url\":\"https:\/\/jornalfax.net\/index.php\/2024\/02\/08\/fundacao-27-de-maio-acusa-mpla-e-unita-de-politizarem-reconciliacao-nacional\/\",\"name\":\"FUNDA\u00c7\u00c3O 27 DE MAIO ACUSA MPLA E UNITA DE POLITIZAREM RECONCILIA\u00c7\u00c3O NACIONAL -\",\"isPartOf\":{\"@id\":\"https:\/\/jornalfax.net\/#website\"},\"primaryImageOfPage\":{\"@id\":\"https:\/\/jornalfax.net\/index.php\/2024\/02\/08\/fundacao-27-de-maio-acusa-mpla-e-unita-de-politizarem-reconciliacao-nacional\/#primaryimage\"},\"image\":{\"@id\":\"https:\/\/jornalfax.net\/index.php\/2024\/02\/08\/fundacao-27-de-maio-acusa-mpla-e-unita-de-politizarem-reconciliacao-nacional\/#primaryimage\"},\"thumbnailUrl\":\"https:\/\/jornalfax.net\/wp-content\/uploads\/2024\/02\/general-silva-mateus.jpg\",\"datePublished\":\"2024-02-08T09:24:53+00:00\",\"dateModified\":\"2024-02-08T09:24:55+00:00\",\"author\":{\"@id\":\"https:\/\/jornalfax.net\/#\/schema\/person\/ea5b5601e259b5e0c03c9cb7908e9ffd\"},\"breadcrumb\":{\"@id\":\"https:\/\/jornalfax.net\/index.php\/2024\/02\/08\/fundacao-27-de-maio-acusa-mpla-e-unita-de-politizarem-reconciliacao-nacional\/#breadcrumb\"},\"inLanguage\":\"pt-BR\",\"potentialAction\":[{\"@type\":\"ReadAction\",\"target\":[\"https:\/\/jornalfax.net\/index.php\/2024\/02\/08\/fundacao-27-de-maio-acusa-mpla-e-unita-de-politizarem-reconciliacao-nacional\/\"]}]},{\"@type\":\"ImageObject\",\"inLanguage\":\"pt-BR\",\"@id\":\"https:\/\/jornalfax.net\/index.php\/2024\/02\/08\/fundacao-27-de-maio-acusa-mpla-e-unita-de-politizarem-reconciliacao-nacional\/#primaryimage\",\"url\":\"https:\/\/jornalfax.net\/wp-content\/uploads\/2024\/02\/general-silva-mateus.jpg\",\"contentUrl\":\"https:\/\/jornalfax.net\/wp-content\/uploads\/2024\/02\/general-silva-mateus.jpg\",\"width\":640,\"height\":361},{\"@type\":\"BreadcrumbList\",\"@id\":\"https:\/\/jornalfax.net\/index.php\/2024\/02\/08\/fundacao-27-de-maio-acusa-mpla-e-unita-de-politizarem-reconciliacao-nacional\/#breadcrumb\",\"itemListElement\":[{\"@type\":\"ListItem\",\"position\":1,\"name\":\"In\u00edcio\",\"item\":\"https:\/\/jornalfax.net\/\"},{\"@type\":\"ListItem\",\"position\":2,\"name\":\"FUNDA\u00c7\u00c3O 27 DE MAIO ACUSA MPLA E UNITA DE POLITIZAREM RECONCILIA\u00c7\u00c3O NACIONAL\"}]},{\"@type\":\"WebSite\",\"@id\":\"https:\/\/jornalfax.net\/#website\",\"url\":\"https:\/\/jornalfax.net\/\",\"name\":\"\",\"description\":\"\",\"potentialAction\":[{\"@type\":\"SearchAction\",\"target\":{\"@type\":\"EntryPoint\",\"urlTemplate\":\"https:\/\/jornalfax.net\/?s={search_term_string}\"},\"query-input\":{\"@type\":\"PropertyValueSpecification\",\"valueRequired\":true,\"valueName\":\"search_term_string\"}}],\"inLanguage\":\"pt-BR\"},{\"@type\":\"Person\",\"@id\":\"https:\/\/jornalfax.net\/#\/schema\/person\/ea5b5601e259b5e0c03c9cb7908e9ffd\",\"name\":\"jornalfax.net\",\"sameAs\":[\"http:\/\/jornalfax.net\"],\"url\":\"https:\/\/jornalfax.net\/index.php\/author\/jornalfax-net\/\"}]}<\/script>\n<!-- \/ Yoast SEO plugin. -->","yoast_head_json":{"title":"FUNDA\u00c7\u00c3O 27 DE MAIO ACUSA MPLA E UNITA DE POLITIZAREM RECONCILIA\u00c7\u00c3O NACIONAL -","robots":{"index":"index","follow":"follow","max-snippet":"max-snippet:-1","max-image-preview":"max-image-preview:large","max-video-preview":"max-video-preview:-1"},"canonical":"https:\/\/jornalfax.net\/index.php\/2024\/02\/08\/fundacao-27-de-maio-acusa-mpla-e-unita-de-politizarem-reconciliacao-nacional\/","og_locale":"pt_BR","og_type":"article","og_title":"FUNDA\u00c7\u00c3O 27 DE MAIO ACUSA MPLA E UNITA DE POLITIZAREM RECONCILIA\u00c7\u00c3O NACIONAL -","og_description":"O presidente da Funda\u00e7\u00e3o 27 de Maio, o General Silva Mateus, acusou o MPLA e a UNITA de quererem politizar a Comiss\u00e3o de Reconcilia\u00e7\u00e3o em Mem\u00f3ria das V\u00edtimas de Conflitos Pol\u00edticos \u201cCIVICOP\u201d agora abandonada pela UNITA. A funda\u00e7\u00e3o participa na comiss\u00e3o para defender os interesses dos familiares de vitimas da repress\u00e3o que se seguiu aos [&hellip;]","og_url":"https:\/\/jornalfax.net\/index.php\/2024\/02\/08\/fundacao-27-de-maio-acusa-mpla-e-unita-de-politizarem-reconciliacao-nacional\/","article_published_time":"2024-02-08T09:24:53+00:00","article_modified_time":"2024-02-08T09:24:55+00:00","og_image":[{"width":640,"height":361,"url":"http:\/\/jornalfax.net\/wp-content\/uploads\/2024\/02\/general-silva-mateus.jpg","type":"image\/jpeg"}],"author":"jornalfax.net","twitter_card":"summary_large_image","twitter_misc":{"Escrito por":"jornalfax.net","Est. tempo de leitura":"3 minutos"},"schema":{"@context":"https:\/\/schema.org","@graph":[{"@type":"WebPage","@id":"https:\/\/jornalfax.net\/index.php\/2024\/02\/08\/fundacao-27-de-maio-acusa-mpla-e-unita-de-politizarem-reconciliacao-nacional\/","url":"https:\/\/jornalfax.net\/index.php\/2024\/02\/08\/fundacao-27-de-maio-acusa-mpla-e-unita-de-politizarem-reconciliacao-nacional\/","name":"FUNDA\u00c7\u00c3O 27 DE MAIO ACUSA MPLA E UNITA DE POLITIZAREM RECONCILIA\u00c7\u00c3O NACIONAL -","isPartOf":{"@id":"https:\/\/jornalfax.net\/#website"},"primaryImageOfPage":{"@id":"https:\/\/jornalfax.net\/index.php\/2024\/02\/08\/fundacao-27-de-maio-acusa-mpla-e-unita-de-politizarem-reconciliacao-nacional\/#primaryimage"},"image":{"@id":"https:\/\/jornalfax.net\/index.php\/2024\/02\/08\/fundacao-27-de-maio-acusa-mpla-e-unita-de-politizarem-reconciliacao-nacional\/#primaryimage"},"thumbnailUrl":"https:\/\/jornalfax.net\/wp-content\/uploads\/2024\/02\/general-silva-mateus.jpg","datePublished":"2024-02-08T09:24:53+00:00","dateModified":"2024-02-08T09:24:55+00:00","author":{"@id":"https:\/\/jornalfax.net\/#\/schema\/person\/ea5b5601e259b5e0c03c9cb7908e9ffd"},"breadcrumb":{"@id":"https:\/\/jornalfax.net\/index.php\/2024\/02\/08\/fundacao-27-de-maio-acusa-mpla-e-unita-de-politizarem-reconciliacao-nacional\/#breadcrumb"},"inLanguage":"pt-BR","potentialAction":[{"@type":"ReadAction","target":["https:\/\/jornalfax.net\/index.php\/2024\/02\/08\/fundacao-27-de-maio-acusa-mpla-e-unita-de-politizarem-reconciliacao-nacional\/"]}]},{"@type":"ImageObject","inLanguage":"pt-BR","@id":"https:\/\/jornalfax.net\/index.php\/2024\/02\/08\/fundacao-27-de-maio-acusa-mpla-e-unita-de-politizarem-reconciliacao-nacional\/#primaryimage","url":"https:\/\/jornalfax.net\/wp-content\/uploads\/2024\/02\/general-silva-mateus.jpg","contentUrl":"https:\/\/jornalfax.net\/wp-content\/uploads\/2024\/02\/general-silva-mateus.jpg","width":640,"height":361},{"@type":"BreadcrumbList","@id":"https:\/\/jornalfax.net\/index.php\/2024\/02\/08\/fundacao-27-de-maio-acusa-mpla-e-unita-de-politizarem-reconciliacao-nacional\/#breadcrumb","itemListElement":[{"@type":"ListItem","position":1,"name":"In\u00edcio","item":"https:\/\/jornalfax.net\/"},{"@type":"ListItem","position":2,"name":"FUNDA\u00c7\u00c3O 27 DE MAIO ACUSA MPLA E UNITA DE POLITIZAREM RECONCILIA\u00c7\u00c3O NACIONAL"}]},{"@type":"WebSite","@id":"https:\/\/jornalfax.net\/#website","url":"https:\/\/jornalfax.net\/","name":"","description":"","potentialAction":[{"@type":"SearchAction","target":{"@type":"EntryPoint","urlTemplate":"https:\/\/jornalfax.net\/?s={search_term_string}"},"query-input":{"@type":"PropertyValueSpecification","valueRequired":true,"valueName":"search_term_string"}}],"inLanguage":"pt-BR"},{"@type":"Person","@id":"https:\/\/jornalfax.net\/#\/schema\/person\/ea5b5601e259b5e0c03c9cb7908e9ffd","name":"jornalfax.net","sameAs":["http:\/\/jornalfax.net"],"url":"https:\/\/jornalfax.net\/index.php\/author\/jornalfax-net\/"}]}},"_links":{"self":[{"href":"https:\/\/jornalfax.net\/index.php\/wp-json\/wp\/v2\/posts\/1484","targetHints":{"allow":["GET"]}}],"collection":[{"href":"https:\/\/jornalfax.net\/index.php\/wp-json\/wp\/v2\/posts"}],"about":[{"href":"https:\/\/jornalfax.net\/index.php\/wp-json\/wp\/v2\/types\/post"}],"author":[{"embeddable":true,"href":"https:\/\/jornalfax.net\/index.php\/wp-json\/wp\/v2\/users\/1"}],"replies":[{"embeddable":true,"href":"https:\/\/jornalfax.net\/index.php\/wp-json\/wp\/v2\/comments?post=1484"}],"version-history":[{"count":1,"href":"https:\/\/jornalfax.net\/index.php\/wp-json\/wp\/v2\/posts\/1484\/revisions"}],"predecessor-version":[{"id":1486,"href":"https:\/\/jornalfax.net\/index.php\/wp-json\/wp\/v2\/posts\/1484\/revisions\/1486"}],"wp:featuredmedia":[{"embeddable":true,"href":"https:\/\/jornalfax.net\/index.php\/wp-json\/wp\/v2\/media\/1485"}],"wp:attachment":[{"href":"https:\/\/jornalfax.net\/index.php\/wp-json\/wp\/v2\/media?parent=1484"}],"wp:term":[{"taxonomy":"category","embeddable":true,"href":"https:\/\/jornalfax.net\/index.php\/wp-json\/wp\/v2\/categories?post=1484"},{"taxonomy":"post_tag","embeddable":true,"href":"https:\/\/jornalfax.net\/index.php\/wp-json\/wp\/v2\/tags?post=1484"}],"curies":[{"name":"wp","href":"https:\/\/api.w.org\/{rel}","templated":true}]}}