{"id":1394,"date":"2024-02-02T10:32:00","date_gmt":"2024-02-02T13:32:00","guid":{"rendered":"https:\/\/jornalfax.net\/?p=1394"},"modified":"2024-02-02T10:32:00","modified_gmt":"2024-02-02T13:32:00","slug":"discurso-do-chefe-de-estado-angolano-e-presidente-em-exercicio-da-sadc","status":"publish","type":"post","link":"https:\/\/jornalfax.net\/index.php\/2024\/02\/02\/discurso-do-chefe-de-estado-angolano-e-presidente-em-exercicio-da-sadc\/","title":{"rendered":"DISCURSO DO CHEFE DE ESTADO ANGOLANO E PRESIDENTE EM EXERC\u00cdCIO DA SADC"},"content":{"rendered":"\n<p>Interven\u00e7\u00e3o do Presidente da Rep\u00fablica de Angola e presidente em exerc\u00edcio da Comunidade de Desenvolvimento da \u00c1frica Austral, Jo\u00e3o Louren\u00e7o, na abertura da Cimeira Extraordin\u00e1ria dos Chefes de Estado e do Governo da SADC, esta sexta-feira (2 de Fevereiro de 2024).<\/p>\n\n\n\n<p>JORNAL FAX<\/p>\n\n\n\n<p>\u00cdNTEGRA DO DISCURSO DE JO\u00c3O LOUREN\u00c7O, PRESIDENTE DA ANGOLA E PRESIDENTE EM EXERC\u00cdCIO DA COMUNIDADE DE DESENVOLVIMENTO DA \u00c1FRICA AUSTRAL, NA ABERTURA DA CIMEIRA EXTRAORDIN\u00c1RIA DOS CHEFES DE ESTADO E DO GOVERNO DA SADC<\/p>\n\n\n\n<p>A Comunidade de Desenvolvimento da \u00c1frica Austral (SADC) analisou hoje a situa\u00e7\u00e3o causada pelo surto de c\u00f3lera que assola a regi\u00e3o, em cimeira virtual dirigida pelo seu Presidente em Exerc\u00edcio, o Chefe de Estado de Angola, Jo\u00e3o Louren\u00e7o.<\/p>\n\n\n\n<p>NDOMBI ZADIMENGA<\/p>\n\n\n\n<p>Convocada com car\u00e1cter de urg\u00eancia, dada a dimens\u00e3o do problema de sa\u00fade nos pa\u00edses em que se manifesta e o risco de propaga\u00e7\u00e3o transfronteiri\u00e7a, a reuni\u00e3o de Chefes de Estado e de Governo procurou encontrar respostas efectivas \u00e0 doen\u00e7a, com base nas constata\u00e7\u00f5es dos Ministros da Sa\u00fade da regi\u00e3o, que debateram h\u00e1 poucos dias a amea\u00e7a.<\/p>\n\n\n\n<p>O Presidente em Exerc\u00edcio da SADC, Jo\u00e3o Louren\u00e7o, que conduziu os trabalhos da Cimeira Extraordin\u00e1ria de hoje, discursou na abertura do encontro para reconhecer &#8220;a urg\u00eancia&#8221; de uma resposta e a necessidade de uma ac\u00e7\u00e3o coordenada e eficaz, pois &#8211; como frisou &#8211; &#8220;a c\u00f3lera n\u00e3o conhece fronteiras e exige uma abordagem regional para enfrent\u00e1-la&#8221;.<\/p>\n\n\n\n<p>Eis o discurso, em vers\u00e3o integral, do Presidente da Rep\u00fablica:<\/p>\n\n\n\n<h2 class=\"wp-block-heading\">&nbsp;<\/h2>\n\n\n\n<p>-Sua Majestade Mswati III,<\/p>\n\n\n\n<p>Soberano do Reino de Eswatini;<\/p>\n\n\n\n<p>-Sua Excel\u00eancia Emmerson Dambudzo Mnangagwa, Presidente da Rep\u00fablica do Zimbabwe e Vice-Presidente em Exerc\u00edcio da Comunidade de Desenvolvimento da \u00c1frica Austral;<\/p>\n\n\n\n<p>-Sua Excel\u00eancia Felix Antoine Tshisekedi Tshilombo, Presidente da Rep\u00fablica Democr\u00e1tica do Congo e Presidente cessante da Comunidade de Desenvolvimento da \u00c1frica Austral;<\/p>\n\n\n\n<p>-Suas Excel\u00eancias Chefes de Estado e de Governo da Comunidade de Desenvolvimento da \u00c1frica Austral; -Sua Excel\u00eancia Embaixador Tete Ant\u00f3nio, Ministro das Rela\u00e7\u00f5es Exteriores da Rep\u00fablica de Angola e Presidente em Exerc\u00edcio do Conselho de Ministros da SADC;<\/p>\n\n\n\n<p>-Sua Excel\u00eancia Elias Mpedi Magosi, Secret\u00e1rio Executivo da Comunidade de Desenvolvimento da \u00c1frica Austral SADC;<\/p>\n\n\n\n<p>-Excel\u00eancias -Minhas Senhoras,<\/p>\n\n\n\n<p>Meus Senhores<\/p>\n\n\n\n<p>Permitam-me expressar o meu sincero apre\u00e7o a Vossas Excel\u00eancias pela Vossa pronta resposta e coopera\u00e7\u00e3o para participarem na Cimeira Extraordin\u00e1ria dos Chefes de Estado e de Governo, que foi convocada com muito pouca anteced\u00eancia para abordarmos o surto de c\u00f3lera que assola a nossa regi\u00e3o.<\/p>\n\n\n\n<p>Em momentos de desafios como este, a solidariedade e a ac\u00e7\u00e3o conjunta que nos une s\u00e3o indispens\u00e1veis e exige uma resposta colectiva e coordenada para prevenir e controlar a propaga\u00e7\u00e3o desta doen\u00e7a na nossa comunidade.<\/p>\n\n\n\n<p>Permitam-me tamb\u00e9m estender uma palavra de apre\u00e7o ao Secretariado Executivo da SADC que trabalhou na prepara\u00e7\u00e3o desta Cimeira.<\/p>\n\n\n\n<p>Neste momento cr\u00edtico, gostaria de expressar a minha solidariedade para com os pa\u00edses afectados por esta doen\u00e7a devastadora, assim como para com as fam\u00edlias que perderam entes queridos e com aqueles que neste momento est\u00e3o a lutar contra a doen\u00e7a nos pa\u00edses irm\u00e3os afectados.<\/p>\n\n\n\n<p>Permitam-me reconhecer o apoio prestado pelos nossos parceiros, nomeadamente a Organiza\u00e7\u00e3o Mundial da Sa\u00fade, o Centro Africano para o Controlo e Preven\u00e7\u00e3o de Doen\u00e7as CDC \u00c1frica e o UNICEF em mat\u00e9ria de aconselhamento t\u00e9cnico e orienta\u00e7\u00e3o em quest\u00f5es relacionadas com a sa\u00fade p\u00fablica.<\/p>\n\n\n\n<h2 class=\"wp-block-heading\">&nbsp;<\/h2>\n\n\n\n<p>EXCEL\u00caNCIAS MINHAS SENHORAS,<\/p>\n\n\n\n<p>MEUS SENHORES<\/p>\n\n\n\n<h2 class=\"wp-block-heading\">&nbsp;<\/h2>\n\n\n\n<p>A Rep\u00fablica de Angola comprometeu-se a liderar o processo de integra\u00e7\u00e3o e desenvolvimento regionais orientados pelo lema, \u00abCapital Humano e Financeiro: Os Principais Factores para a Industrializa\u00e7\u00e3o Sustent\u00e1vel da Regi\u00e3o da SADC\u00bb.<\/p>\n\n\n\n<p>Sem boa sa\u00fade e bem-estar dos nossos cidad\u00e3os, que constituem o nosso capital humano, n\u00e3o pode haver qualquer progresso marcante tendo em vista o alcance das nossas aspira\u00e7\u00f5es colectivas de uma regi\u00e3o industrializada, pac\u00edfica, inclusiva e competitiva.<\/p>\n\n\n\n<p>A crise de sa\u00fade p\u00fablica que assola a nossa regi\u00e3o representa uma s\u00e9ria amea\u00e7a ao desenvolvimento sustent\u00e1vel e ao bem-estar dos nossos povos.<\/p>\n\n\n\n<p>Neste momento cr\u00edtico, devemos reconhecer a urg\u00eancia da nossa resposta e a necessidade de uma ac\u00e7\u00e3o coordenada e eficaz, pois a c\u00f3lera n\u00e3o conhece fronteiras e exige uma abordagem regional para enfrent\u00e1-la.<\/p>\n\n\n\n<p>EXCEL\u00caNCIAS.<\/p>\n\n\n\n<p>MINHAS SENHORAS,<\/p>\n\n\n\n<p>MEUS SENHORES,<\/p>\n\n\n\n<p>Ao reunirmo-nos para avaliar o surto de c\u00f3lera que est\u00e1 a assolar a Regi\u00e3o da SADC, procuraremos tomar decis\u00f5es para prevenir, combater a sua propaga\u00e7\u00e3o e dar uma resposta efectiva a esta doen\u00e7a, baseadas nas constata\u00e7\u00f5es dos Ministros da Sa\u00fade e no relat\u00f3rio do Conselho de Ministros da SADC, que exige uma abordagem integrada e hol\u00edstica que aborde n\u00e3o s\u00f3 os desafios da sa\u00fade, mas tamb\u00e9m os desafios econ\u00f3micos, sociais, ambientais e de governan\u00e7a de forma eficaz e sustent\u00e1vel.<\/p>\n\n\n\n<p>Apesar do compromisso dos Estados-Membros da SADC, evidenciado por investimentos em capital humano, no refor\u00e7o de infra-estruturas, no aumento do acesso equitativo aos servi\u00e7os de sa\u00fade, \u00e0 \u00e1gua pot\u00e1vel em quantidade e qualidade e ao saneamento b\u00e1sico, reconhecemos, contudo, que o caminho a percorrer para alcan\u00e7ar o quadro regional para a aplica\u00e7\u00e3o da Estrat\u00e9gia Mundial 2030 de Preven\u00e7\u00e3o e Controlo da C\u00f3lera est\u00e1 amea\u00e7ado com surtos de c\u00f3lera recorrentes relacionados com as altera\u00e7\u00f5es clim\u00e1ticas, que propiciam a prolifera\u00e7\u00e3o desta doen\u00e7a, como tamb\u00e9m limitam a nossa capacidade de resposta r\u00e1pida e eficaz.<\/p>\n\n\n\n<p>Ao longo dos anos, a SADC enfrentou grandes e in\u00fameros desafios que soubemos ultrapassar gra\u00e7as \u00e0 nossa unidade de ac\u00e7\u00e3o.<\/p>\n\n\n\n<p>Em 2023, presenci\u00e1mos um alarmante n\u00famero de casos e \u00f3bitos nos Estados atingidos por ciclones devastadores como na Z\u00e2mbia, no Zimbabwe, no Malawi, em Mo\u00e7ambique e na Rep\u00fablica Unida da Tanz\u00e2nia, agravado, este ano, pelas chuvas e as inunda\u00e7\u00f5es que serviram de rastilho para uma nova onda de casos, o que representa um obst\u00e1culo \u00e0 nossa agenda de desenvolvimento econ\u00f3mico e social da regi\u00e3o.<\/p>\n\n\n\n<p>EXCEL\u00caNCIAS.<\/p>\n\n\n\n<p>MINHAS SENHORAS,<\/p>\n\n\n\n<p>MEUS SENHORES,<\/p>\n\n\n\n<h2 class=\"wp-block-heading\">&nbsp;<\/h2>\n\n\n\n<p>A nossa prepara\u00e7\u00e3o para emerg\u00eancias de sa\u00fade p\u00fablica constitui uma exig\u00eancia vital, no momento actual.<\/p>\n\n\n\n<p>Devemos estar prontos para enfrentar e superar os desafios que se colocam, tendo em conta que a preven\u00e7\u00e3o \u00e9 a chave do problema.<\/p>\n\n\n\n<p>Por isso, devemos nos empenhar em fortalecer os nossos sistemas de sa\u00fade, a vigil\u00e2ncia epidemiol\u00f3gica, laboratorial e ambiental, mitigar os riscos e educar a nossa popula\u00e7\u00e3o.<\/p>\n\n\n\n<p>Precisamos de planos de emerg\u00eancia s\u00f3lidos, recursos humanos capacitados e sistemas de alerta eficazes que respondam rapidamente, com efici\u00eancia e de forma coordenada, para podermos controlar e prevenir surtos de c\u00f3lera na nossa regi\u00e3o.<\/p>\n\n\n\n<p>A nossa luta contra a c\u00f3lera exige mais do que o simples tratamento m\u00e9dico, ela requer uma estrat\u00e9gia abrangente que integre a promo\u00e7\u00e3o da sa\u00fade nas comunidades, cuidados de sa\u00fade de qualidade, gest\u00e3o eficaz de casos e o uso estrat\u00e9gico de vacinas orais contra a c\u00f3lera, como medida preventiva.<\/p>\n\n\n\n<p>Contudo, muitos dos nossos pa\u00edses disp\u00f5em de recursos limitados para aquisi\u00e7\u00e3o de produtos m\u00e9dicos, vacinas, testes e reagentes laboratoriais, para a preven\u00e7\u00e3o e a gest\u00e3o adequada e oportuna dos casos.<\/p>\n\n\n\n<p>O mais preocupante ainda \u00e9 a nossa capacidade limitada no acesso \u00e0s vacinas, pelo que precisamos de desafiar as normas existentes e adapt\u00e1-las ao contexto actual, para que os pa\u00edses possam ter um acesso oportuno, equitativo e em quantidades seguras para todas as popula\u00e7\u00f5es em \u00e1reas afectadas e de alto risco, nomeadamente popula\u00e7\u00f5es v\u00edtimas de cat\u00e1strofes naturais e de zonas fronteiri\u00e7as com casos activos.<\/p>\n\n\n\n<p>\u00c9 urgente que se fortale\u00e7am os mecanismos de transfer\u00eancia tecnol\u00f3gica e se invista em f\u00e1bricas para a produ\u00e7\u00e3o local de medicamentos, produtos m\u00e9dicos e vacinas, visando a auto-sufici\u00eancia, garantindo tamb\u00e9m o desenvolvimento econ\u00f3mico e tecnol\u00f3gico, criando empregos e incentivando a inova\u00e7\u00e3o do sector farmac\u00eautico da regi\u00e3o.<\/p>\n\n\n\n<p>Com a mesma determina\u00e7\u00e3o, sairemos mais uma vez refor\u00e7ados desta Cimeira Extraordin\u00e1ria, com medidas concretas que poderemos aplicar em conjunto para combater a c\u00f3lera e enveredar por um caminho sustent\u00e1vel rumo a uma SADC mais saud\u00e1vel, produtiva e pr\u00f3spera.<\/p>\n\n\n\n<h2 class=\"wp-block-heading\">EXCEL\u00caNCIAS.<\/h2>\n\n\n\n<h2 class=\"wp-block-heading\">MINHAS SENHORAS, MEUS SENHORES,<\/h2>\n\n\n\n<h2 class=\"wp-block-heading\">&nbsp;<\/h2>\n\n\n\n<p>Para o controlo da c\u00f3lera, \u00e9 importante reconhecer a import\u00e2ncia de ac\u00e7\u00f5es multissectoriais coordenadas para potenciar uma abordagem abrangente, visando impactar positivamente os determinantes sociais e ambientais da sa\u00fade, que influenciam directamente o bem-estar das nossas comunidades.<\/p>\n\n\n\n<p>A nossa abordagem deve focar-se em ac\u00e7\u00f5es sustent\u00e1veis que melhorem o acesso \u00e0 \u00e1gua pot\u00e1vel, saneamento adequado e a promo\u00e7\u00e3o de pr\u00e1ticas de higiene individual e colectiva fundamentais na preven\u00e7\u00e3o da transmiss\u00e3o da doen\u00e7a, redu\u00e7\u00e3o da morbilidade e mortalidade e protec\u00e7\u00e3o das popula\u00e7\u00f5es.<\/p>\n\n\n\n<p>Devemos ainda fortalecer a comunica\u00e7\u00e3o de risco e envolvimento comunit\u00e1rio, incluindo a forma\u00e7\u00e3o das comunidades para assegurar a vigil\u00e2ncia comunit\u00e1ria, a troca em tempo real de informa\u00e7\u00f5es, conselhos e opini\u00f5es entre especialistas e l\u00edderes comunit\u00e1rios e a popula\u00e7\u00e3o, para se mitigar o risco e prevenir a doen\u00e7a.<\/p>\n\n\n\n<p>\u00c9 crucial fortalecermos a vigil\u00e2ncia epidemiol\u00f3gica em todos os pontos fronteiri\u00e7os, para garantir a seguran\u00e7a sanit\u00e1ria e reduzir a transmiss\u00e3o da doen\u00e7a na circula\u00e7\u00e3o de pessoas, bens e servi\u00e7os entre os nossos pa\u00edses.<\/p>\n\n\n\n<p>Consideramos fundamental avaliarmos as ac\u00e7\u00f5es de recupera\u00e7\u00e3o p\u00f3s-epidemia dos pa\u00edses assolados pelo surto, fortalecendo os seus sistemas de sa\u00fade, de saneamento b\u00e1sico e outras medidas de preven\u00e7\u00e3o contra futuras amea\u00e7as.<\/p>\n\n\n\n<p>EXCEL\u00caNCIAS MINHAS SENHORAS,<\/p>\n\n\n\n<p>MEUS SENHORES<\/p>\n\n\n\n<p>Apesar de estarmos a viver um ambiente extremamente desafiante, a nossa regi\u00e3o tem encontrado respostas concretas e colectivas de mitiga\u00e7\u00e3o dos efeitos adversos de outros desafios de sa\u00fade tais como o VIH- SIDA e a COVID-19, por isso temos a esperan\u00e7a e a convic\u00e7\u00e3o de que vamos superar mais este desafio e prevenir-nos de futuras epidemias e pandemias.<\/p>\n\n\n\n<p>Unidos podemos superar qualquer adversidade e construir um futuro mais saud\u00e1vel e pr\u00f3spero para todos os cidad\u00e3os da Comunidade de Desenvolvimento da \u00c1frica Austral.<\/p>\n\n\n\n<p>Gostaria de agradecer ao Conselho de Ministros e ao Comit\u00e9 de Ministros da Sa\u00fade por terem deliberado diligentemente sobre este surto de c\u00f3lera e formulado recomenda\u00e7\u00f5es com vista \u00e0 prepara\u00e7\u00e3o desta Cimeira Extraordin\u00e1ria.<\/p>\n\n\n\n<p>Permitam-me tamb\u00e9m agradecer ao Secretariado, por ter facilitado a realiza\u00e7\u00e3o desta reuni\u00e3o.<\/p>\n\n\n\n<p>Aproveito ainda esta oportunidade para expressar a nossa gratid\u00e3o aos nossos parceiros de coopera\u00e7\u00e3o internacionais e \u00e0s ag\u00eancias das Na\u00e7\u00f5es Unidas pelo seu empenho constante e esfor\u00e7os incans\u00e1veis na luta contra a c\u00f3lera e outras amea\u00e7as \u00e0 sa\u00fade p\u00fablica.<\/p>\n\n\n\n<p>O trabalho valioso da Organiza\u00e7\u00e3o Mundial da Sa\u00fade, da UNICEF, do Centro Africano de Controlo e Preven\u00e7\u00e3o de Doen\u00e7as \u00c1frica CDC e de outros parceiros de coopera\u00e7\u00e3o internacionais, que trabalham em parceria com o Secretariado e os nossos Governos, sem d\u00favida que contribuiu para salvar in\u00fameras vidas e ajudou a trazer a esperan\u00e7a \u00e0s comunidades.<\/p>\n\n\n\n<p>Os meus sinceros votos de sucesso desta reuni\u00e3o e que contribua no combate \u00e0 c\u00f3lera no presente e no futuro.<\/p>\n\n\n\n<p>Unamos os nossos esfor\u00e7os e trabalhemos em conjunto para uma regi\u00e3o livre da c\u00f3lera.<\/p>\n\n\n\n<p>Com estas palavras, declaro oficialmente aberta esta Cimeira Extraordin\u00e1ria da SADC.<\/p>\n\n\n\n<p>Obrigado pela aten\u00e7\u00e3o dispensada!<\/p>\n\n\n\n<p>I thank you! Merci beaucoup!<\/p>\n\n\n\n<p>Asanteni sana!<\/p>\n","protected":false},"excerpt":{"rendered":"<p>Interven\u00e7\u00e3o do Presidente da Rep\u00fablica de Angola e presidente em exerc\u00edcio da Comunidade de Desenvolvimento da \u00c1frica Austral, Jo\u00e3o Louren\u00e7o, na abertura da Cimeira Extraordin\u00e1ria dos Chefes de Estado e do Governo da SADC, esta sexta-feira (2 de Fevereiro de 2024). JORNAL FAX \u00cdNTEGRA DO DISCURSO DE JO\u00c3O LOUREN\u00c7O, PRESIDENTE DA ANGOLA E PRESIDENTE EM [&hellip;]<\/p>\n<div class='heateor_sss_sharing_container heateor_sss_vertical_sharing heateor_sss_bottom_sharing' style='width:44px;left: -10px;top: 100px;-webkit-box-shadow:none;box-shadow:none;' data-heateor-sss-href='https:\/\/jornalfax.net\/index.php\/wp-json\/wp\/v2\/posts\/1394'><div class=\"heateor_sss_sharing_ul\"><a aria-label=\"Facebook\" class=\"heateor_sss_facebook\" href=\"https:\/\/www.facebook.com\/sharer\/sharer.php?u=https%3A%2F%2Fjornalfax.net%2Findex.php%2Fwp-json%2Fwp%2Fv2%2Fposts%2F1394\" title=\"Facebook\" rel=\"nofollow noopener\" target=\"_blank\" style=\"font-size:32px!important;box-shadow:none;display:inline-block;vertical-align:middle\"><span class=\"heateor_sss_svg\" style=\"background-color:#0765FE;width:40px;height:40px;margin:0;display:inline-block;opacity:1;float:left;font-size:32px;box-shadow:none;display:inline-block;font-size:16px;padding:0 4px;vertical-align:middle;background-repeat:repeat;overflow:hidden;padding:0;cursor:pointer;box-sizing:content-box\"><svg style=\"display:block;\" focusable=\"false\" aria-hidden=\"true\" xmlns=\"http:\/\/www.w3.org\/2000\/svg\" width=\"100%\" height=\"100%\" viewBox=\"0 0 32 32\"><path fill=\"#fff\" d=\"M28 16c0-6.627-5.373-12-12-12S4 9.373 4 16c0 5.628 3.875 10.35 9.101 11.647v-7.98h-2.474V16H13.1v-1.58c0-4.085 1.849-5.978 5.859-5.978.76 0 2.072.15 2.608.298v3.325c-.283-.03-.775-.045-1.386-.045-1.967 0-2.728.745-2.728 2.683V16h3.92l-.673 3.667h-3.247v8.245C23.395 27.195 28 22.135 28 16Z\"><\/path><\/svg><\/span><\/a><a aria-label=\"X\" class=\"heateor_sss_button_x\" href=\"https:\/\/twitter.com\/intent\/tweet?text=%20-%20&url=https%3A%2F%2Fjornalfax.net%2Findex.php%2Fwp-json%2Fwp%2Fv2%2Fposts%2F1394\" title=\"X\" rel=\"nofollow noopener\" target=\"_blank\" style=\"font-size:32px!important;box-shadow:none;display:inline-block;vertical-align:middle\"><span class=\"heateor_sss_svg heateor_sss_s__default heateor_sss_s_x\" style=\"background-color:#2a2a2a;width:40px;height:40px;margin:0;display:inline-block;opacity:1;float:left;font-size:32px;box-shadow:none;display:inline-block;font-size:16px;padding:0 4px;vertical-align:middle;background-repeat:repeat;overflow:hidden;padding:0;cursor:pointer;box-sizing:content-box\"><svg width=\"100%\" height=\"100%\" style=\"display:block;\" focusable=\"false\" aria-hidden=\"true\" xmlns=\"http:\/\/www.w3.org\/2000\/svg\" viewBox=\"0 0 32 32\"><path fill=\"#fff\" d=\"M21.751 7h3.067l-6.7 7.658L26 25.078h-6.172l-4.833-6.32-5.531 6.32h-3.07l7.167-8.19L6 7h6.328l4.37 5.777L21.75 7Zm-1.076 16.242h1.7L11.404 8.74H9.58l11.094 14.503Z\"><\/path><\/svg><\/span><\/a><a aria-label=\"Reddit\" class=\"heateor_sss_button_reddit\" href=\"http:\/\/reddit.com\/submit?url=https%3A%2F%2Fjornalfax.net%2Findex.php%2Fwp-json%2Fwp%2Fv2%2Fposts%2F1394&title=%20-%20\" title=\"Reddit\" rel=\"nofollow noopener\" target=\"_blank\" style=\"font-size:32px!important;box-shadow:none;display:inline-block;vertical-align:middle\"><span class=\"heateor_sss_svg heateor_sss_s__default heateor_sss_s_reddit\" style=\"background-color:#ff5700;width:40px;height:40px;margin:0;display:inline-block;opacity:1;float:left;font-size:32px;box-shadow:none;display:inline-block;font-size:16px;padding:0 4px;vertical-align:middle;background-repeat:repeat;overflow:hidden;padding:0;cursor:pointer;box-sizing:content-box\"><svg style=\"display:block;\" focusable=\"false\" aria-hidden=\"true\" xmlns=\"http:\/\/www.w3.org\/2000\/svg\" width=\"100%\" height=\"100%\" viewBox=\"-3.5 -3.5 39 39\"><path d=\"M28.543 15.774a2.953 2.953 0 0 0-2.951-2.949 2.882 2.882 0 0 0-1.9.713 14.075 14.075 0 0 0-6.85-2.044l1.38-4.349 3.768.884a2.452 2.452 0 1 0 .24-1.176l-4.274-1a.6.6 0 0 0-.709.4l-1.659 5.224a14.314 14.314 0 0 0-7.316 2.029 2.908 2.908 0 0 0-1.872-.681 2.942 2.942 0 0 0-1.618 5.4 5.109 5.109 0 0 0-.062.765c0 4.158 5.037 7.541 11.229 7.541s11.22-3.383 11.22-7.541a5.2 5.2 0 0 0-.053-.706 2.963 2.963 0 0 0 1.427-2.51zm-18.008 1.88a1.753 1.753 0 0 1 1.73-1.74 1.73 1.73 0 0 1 1.709 1.74 1.709 1.709 0 0 1-1.709 1.711 1.733 1.733 0 0 1-1.73-1.711zm9.565 4.968a5.573 5.573 0 0 1-4.081 1.272h-.032a5.576 5.576 0 0 1-4.087-1.272.6.6 0 0 1 .844-.854 4.5 4.5 0 0 0 3.238.927h.032a4.5 4.5 0 0 0 3.237-.927.6.6 0 1 1 .844.854zm-.331-3.256a1.726 1.726 0 1 1 1.709-1.712 1.717 1.717 0 0 1-1.712 1.712z\" fill=\"#fff\"\/><\/svg><\/span><\/a><a aria-label=\"Linkedin\" class=\"heateor_sss_button_linkedin\" href=\"https:\/\/www.linkedin.com\/sharing\/share-offsite\/?url=https%3A%2F%2Fjornalfax.net%2Findex.php%2Fwp-json%2Fwp%2Fv2%2Fposts%2F1394\" title=\"Linkedin\" rel=\"nofollow noopener\" target=\"_blank\" style=\"font-size:32px!important;box-shadow:none;display:inline-block;vertical-align:middle\"><span class=\"heateor_sss_svg heateor_sss_s__default heateor_sss_s_linkedin\" style=\"background-color:#0077b5;width:40px;height:40px;margin:0;display:inline-block;opacity:1;float:left;font-size:32px;box-shadow:none;display:inline-block;font-size:16px;padding:0 4px;vertical-align:middle;background-repeat:repeat;overflow:hidden;padding:0;cursor:pointer;box-sizing:content-box\"><svg style=\"display:block;\" focusable=\"false\" aria-hidden=\"true\" xmlns=\"http:\/\/www.w3.org\/2000\/svg\" width=\"100%\" height=\"100%\" viewBox=\"0 0 32 32\"><path d=\"M6.227 12.61h4.19v13.48h-4.19V12.61zm2.095-6.7a2.43 2.43 0 0 1 0 4.86c-1.344 0-2.428-1.09-2.428-2.43s1.084-2.43 2.428-2.43m4.72 6.7h4.02v1.84h.058c.56-1.058 1.927-2.176 3.965-2.176 4.238 0 5.02 2.792 5.02 6.42v7.395h-4.183v-6.56c0-1.564-.03-3.574-2.178-3.574-2.18 0-2.514 1.7-2.514 3.46v6.668h-4.187V12.61z\" fill=\"#fff\"><\/path><\/svg><\/span><\/a><a aria-label=\"Pinterest\" class=\"heateor_sss_button_pinterest\" href=\"https:\/\/jornalfax.net\/index.php\/wp-json\/wp\/v2\/posts\/1394\" onclick=\"event.preventDefault();javascript:void( (function() {var e=document.createElement('script' );e.setAttribute('type','text\/javascript' );e.setAttribute('charset','UTF-8' );e.setAttribute('src','\/\/assets.pinterest.com\/js\/pinmarklet.js?r='+Math.random()*99999999);document.body.appendChild(e)})());\" title=\"Pinterest\" rel=\"noopener\" style=\"font-size:32px!important;box-shadow:none;display:inline-block;vertical-align:middle\"><span class=\"heateor_sss_svg heateor_sss_s__default heateor_sss_s_pinterest\" style=\"background-color:#cc2329;width:40px;height:40px;margin:0;display:inline-block;opacity:1;float:left;font-size:32px;box-shadow:none;display:inline-block;font-size:16px;padding:0 4px;vertical-align:middle;background-repeat:repeat;overflow:hidden;padding:0;cursor:pointer;box-sizing:content-box\"><svg style=\"display:block;\" focusable=\"false\" aria-hidden=\"true\" xmlns=\"http:\/\/www.w3.org\/2000\/svg\" width=\"100%\" height=\"100%\" viewBox=\"-2 -2 35 35\"><path fill=\"#fff\" d=\"M16.539 4.5c-6.277 0-9.442 4.5-9.442 8.253 0 2.272.86 4.293 2.705 5.046.303.125.574.005.662-.33.061-.231.205-.816.27-1.06.088-.331.053-.447-.191-.736-.532-.627-.873-1.439-.873-2.591 0-3.338 2.498-6.327 6.505-6.327 3.548 0 5.497 2.168 5.497 5.062 0 3.81-1.686 7.025-4.188 7.025-1.382 0-2.416-1.142-2.085-2.545.397-1.674 1.166-3.48 1.166-4.689 0-1.081-.581-1.983-1.782-1.983-1.413 0-2.548 1.462-2.548 3.419 0 1.247.421 2.091.421 2.091l-1.699 7.199c-.505 2.137-.076 4.755-.039 5.019.021.158.223.196.314.077.13-.17 1.813-2.247 2.384-4.324.162-.587.929-3.631.929-3.631.46.876 1.801 1.646 3.227 1.646 4.247 0 7.128-3.871 7.128-9.053.003-3.918-3.317-7.568-8.361-7.568z\"\/><\/svg><\/span><\/a><a aria-label=\"Mastodon\" class=\"heateor_sss_button_mastodon\" href=\"https:\/\/mastodon.social\/share?text=https%3A%2F%2Fjornalfax.net%2Findex.php%2Fwp-json%2Fwp%2Fv2%2Fposts%2F1394&title=%20-%20\" title=\"Mastodon\" rel=\"nofollow noopener\" target=\"_blank\" style=\"font-size:32px!important;box-shadow:none;display:inline-block;vertical-align:middle\"><span class=\"heateor_sss_svg heateor_sss_s__default heateor_sss_s_mastodon\" style=\"background-color:#6364FF;width:40px;height:40px;margin:0;display:inline-block;opacity:1;float:left;font-size:32px;box-shadow:none;display:inline-block;font-size:16px;padding:0 4px;vertical-align:middle;background-repeat:repeat;overflow:hidden;padding:0;cursor:pointer;box-sizing:content-box\"><svg style=\"display:block;\" focusable=\"false\" aria-hidden=\"true\" xmlns=\"http:\/\/www.w3.org\/2000\/svg\" width=\"100%\" height=\"100%\" viewBox=\"-3.5 -3.5 39 39\"><path d=\"M27 12c0-5.12-3.35-6.62-3.35-6.62C22 4.56 19.05 4.23 16 4.21c-3 0-5.92.35-7.61 1.12C8.36 5.33 5 6.83 5 12v4c.12 5 .92 9.93 5.54 11.16a17.67 17.67 0 005.44.6 10.88 10.88 0 004.18-.95l-.09-1.95a13.36 13.36 0 01-4.07.54c-2.12-.07-4.37-.23-4.71-2.84a5.58 5.58 0 01-.05-.73 27.46 27.46 0 004.73.63 26.76 26.76 0 004.68-.28c3-.35 5.53-2.17 5.85-3.83A39.25 39.25 0 0027 12zm-3.95 6.59h-2.46v-6c0-1.27-.53-1.91-1.6-1.91s-1.77.76-1.77 2.27v3.29h-2.44v-3.35c0-1.51-.59-2.27-1.77-2.27s-1.6.64-1.6 1.91v6H9v-6.18a4.49 4.49 0 011-3 3.39 3.39 0 012.63-1.12 3.17 3.17 0 012.84 1.44l.61 1 .61-1a3.17 3.17 0 012.84-1.44 3.39 3.39 0 012.63 1.12 4.49 4.49 0 011 3z\" fill=\"#fff\"><\/path><\/svg><\/span><\/a><a aria-label=\"Mix\" class=\"heateor_sss_button_mix\" href=\"https:\/\/mix.com\/mixit?url=https%3A%2F%2Fjornalfax.net%2Findex.php%2Fwp-json%2Fwp%2Fv2%2Fposts%2F1394\" title=\"Mix\" rel=\"nofollow noopener\" target=\"_blank\" style=\"font-size:32px!important;box-shadow:none;display:inline-block;vertical-align:middle\"><span class=\"heateor_sss_svg heateor_sss_s__default heateor_sss_s_mix\" style=\"background-color:#ff8226;width:40px;height:40px;margin:0;display:inline-block;opacity:1;float:left;font-size:32px;box-shadow:none;display:inline-block;font-size:16px;padding:0 4px;vertical-align:middle;background-repeat:repeat;overflow:hidden;padding:0;cursor:pointer;box-sizing:content-box\"><svg focusable=\"false\" aria-hidden=\"true\" xmlns=\"http:\/\/www.w3.org\/2000\/svg\" width=\"100%\" height=\"100%\" viewBox=\"-7 -8 45 45\"><g fill=\"#fff\"><path opacity=\".8\" d=\"M27.87 4.125c-5.224 0-9.467 4.159-9.467 9.291v2.89c0-1.306 1.074-2.362 2.399-2.362s2.399 1.056 2.399 2.362v1.204c0 1.306 1.074 2.362 2.399 2.362s2.399-1.056 2.399-2.362V4.134c-.036-.009-.082-.009-.129-.009\"\/><path d=\"M4 4.125v12.94c2.566 0 4.668-1.973 4.807-4.465v-2.214c0-.065 0-.12.009-.176.093-1.213 1.13-2.177 2.39-2.177 1.325 0 2.399 1.056 2.399 2.362v9.226c0 1.306 1.074 2.353 2.399 2.353s2.399-1.056 2.399-2.353v-6.206c0-5.132 4.233-9.291 9.467-9.291H4z\"\/><path opacity=\".8\" d=\"M4 17.074v8.438c0 1.306 1.074 2.362 2.399 2.362s2.399-1.056 2.399-2.362V12.61C8.659 15.102 6.566 17.074 4 17.074\"\/><\/g><\/svg><\/span><\/a><a aria-label=\"Whatsapp\" class=\"heateor_sss_whatsapp\" href=\"https:\/\/api.whatsapp.com\/send?text=%20-%20%20https%3A%2F%2Fjornalfax.net%2Findex.php%2Fwp-json%2Fwp%2Fv2%2Fposts%2F1394\" title=\"Whatsapp\" rel=\"nofollow noopener\" target=\"_blank\" style=\"font-size:32px!important;box-shadow:none;display:inline-block;vertical-align:middle\"><span class=\"heateor_sss_svg\" style=\"background-color:#55eb4c;width:40px;height:40px;margin:0;display:inline-block;opacity:1;float:left;font-size:32px;box-shadow:none;display:inline-block;font-size:16px;padding:0 4px;vertical-align:middle;background-repeat:repeat;overflow:hidden;padding:0;cursor:pointer;box-sizing:content-box\"><svg style=\"display:block;\" focusable=\"false\" aria-hidden=\"true\" xmlns=\"http:\/\/www.w3.org\/2000\/svg\" width=\"100%\" height=\"100%\" viewBox=\"-6 -5 40 40\"><path class=\"heateor_sss_svg_stroke heateor_sss_no_fill\" stroke=\"#fff\" stroke-width=\"2\" fill=\"none\" d=\"M 11.579798566743314 24.396926207859085 A 10 10 0 1 0 6.808479557110079 20.73576436351046\"><\/path><path d=\"M 7 19 l -1 6 l 6 -1\" class=\"heateor_sss_no_fill heateor_sss_svg_stroke\" stroke=\"#fff\" stroke-width=\"2\" fill=\"none\"><\/path><path d=\"M 10 10 q -1 8 8 11 c 5 -1 0 -6 -1 -3 q -4 -3 -5 -5 c 4 -2 -1 -5 -1 -4\" fill=\"#fff\"><\/path><\/svg><\/span><\/a><a class=\"heateor_sss_more\" aria-label=\"More\" title=\"More\" rel=\"nofollow noopener\" style=\"font-size: 32px!important;border:0;box-shadow:none;display:inline-block!important;font-size:16px;padding:0 4px;vertical-align: middle;display:inline;\" href=\"https:\/\/jornalfax.net\/index.php\/wp-json\/wp\/v2\/posts\/1394\" onclick=\"event.preventDefault()\"><span class=\"heateor_sss_svg\" style=\"background-color:#ee8e2d;width:40px;height:40px;margin:0;display:inline-block!important;opacity:1;float:left;font-size:32px!important;box-shadow:none;display:inline-block;font-size:16px;padding:0 4px;vertical-align:middle;display:inline;background-repeat:repeat;overflow:hidden;padding:0;cursor:pointer;box-sizing:content-box;\" onclick=\"heateorSssMoreSharingPopup(this, 'https:\/\/jornalfax.net\/index.php\/wp-json\/wp\/v2\/posts\/1394', '%20-%20', '' )\"><svg xmlns=\"http:\/\/www.w3.org\/2000\/svg\" xmlns:xlink=\"http:\/\/www.w3.org\/1999\/xlink\" viewBox=\"-.3 0 32 32\" version=\"1.1\" width=\"100%\" height=\"100%\" style=\"display:block;\" xml:space=\"preserve\"><g><path fill=\"#fff\" d=\"M18 14V8h-4v6H8v4h6v6h4v-6h6v-4h-6z\" fill-rule=\"evenodd\"><\/path><\/g><\/svg><\/span><\/a><\/div><div class=\"heateorSssClear\"><\/div><\/div>","protected":false},"author":1,"featured_media":1395,"comment_status":"closed","ping_status":"closed","sticky":false,"template":"","format":"standard","meta":{"footnotes":""},"categories":[26],"tags":[],"class_list":["post-1394","post","type-post","status-publish","format-standard","has-post-thumbnail","hentry","category-politica"],"yoast_head":"<!-- This site is optimized with the Yoast SEO plugin v24.3 - https:\/\/yoast.com\/wordpress\/plugins\/seo\/ -->\n<title>DISCURSO DO CHEFE DE ESTADO ANGOLANO E PRESIDENTE EM EXERC\u00cdCIO DA SADC -<\/title>\n<meta name=\"robots\" content=\"index, follow, max-snippet:-1, max-image-preview:large, max-video-preview:-1\" \/>\n<link rel=\"canonical\" href=\"https:\/\/jornalfax.net\/index.php\/2024\/02\/02\/discurso-do-chefe-de-estado-angolano-e-presidente-em-exercicio-da-sadc\/\" \/>\n<meta property=\"og:locale\" content=\"pt_BR\" \/>\n<meta property=\"og:type\" content=\"article\" \/>\n<meta property=\"og:title\" content=\"DISCURSO DO CHEFE DE ESTADO ANGOLANO E PRESIDENTE EM EXERC\u00cdCIO DA SADC -\" \/>\n<meta property=\"og:description\" content=\"Interven\u00e7\u00e3o do Presidente da Rep\u00fablica de Angola e presidente em exerc\u00edcio da Comunidade de Desenvolvimento da \u00c1frica Austral, Jo\u00e3o Louren\u00e7o, na abertura da Cimeira Extraordin\u00e1ria dos Chefes de Estado e do Governo da SADC, esta sexta-feira (2 de Fevereiro de 2024). JORNAL FAX \u00cdNTEGRA DO DISCURSO DE JO\u00c3O LOUREN\u00c7O, PRESIDENTE DA ANGOLA E PRESIDENTE EM [&hellip;]\" \/>\n<meta property=\"og:url\" content=\"https:\/\/jornalfax.net\/index.php\/2024\/02\/02\/discurso-do-chefe-de-estado-angolano-e-presidente-em-exercicio-da-sadc\/\" \/>\n<meta property=\"article:published_time\" content=\"2024-02-02T13:32:00+00:00\" \/>\n<meta property=\"og:image\" content=\"http:\/\/jornalfax.net\/wp-content\/uploads\/2024\/02\/4b24a83d-f582-4a24-875f-3ad9a918b2f5.jpg\" \/>\n\t<meta property=\"og:image:width\" content=\"1200\" \/>\n\t<meta property=\"og:image:height\" content=\"672\" \/>\n\t<meta property=\"og:image:type\" content=\"image\/jpeg\" \/>\n<meta name=\"author\" content=\"jornalfax.net\" \/>\n<meta name=\"twitter:card\" content=\"summary_large_image\" \/>\n<meta name=\"twitter:label1\" content=\"Escrito por\" \/>\n\t<meta name=\"twitter:data1\" content=\"jornalfax.net\" \/>\n\t<meta name=\"twitter:label2\" content=\"Est. tempo de leitura\" \/>\n\t<meta name=\"twitter:data2\" content=\"10 minutos\" \/>\n<script type=\"application\/ld+json\" class=\"yoast-schema-graph\">{\"@context\":\"https:\/\/schema.org\",\"@graph\":[{\"@type\":\"WebPage\",\"@id\":\"https:\/\/jornalfax.net\/index.php\/2024\/02\/02\/discurso-do-chefe-de-estado-angolano-e-presidente-em-exercicio-da-sadc\/\",\"url\":\"https:\/\/jornalfax.net\/index.php\/2024\/02\/02\/discurso-do-chefe-de-estado-angolano-e-presidente-em-exercicio-da-sadc\/\",\"name\":\"DISCURSO DO CHEFE DE ESTADO ANGOLANO E PRESIDENTE EM EXERC\u00cdCIO DA SADC -\",\"isPartOf\":{\"@id\":\"https:\/\/jornalfax.net\/#website\"},\"primaryImageOfPage\":{\"@id\":\"https:\/\/jornalfax.net\/index.php\/2024\/02\/02\/discurso-do-chefe-de-estado-angolano-e-presidente-em-exercicio-da-sadc\/#primaryimage\"},\"image\":{\"@id\":\"https:\/\/jornalfax.net\/index.php\/2024\/02\/02\/discurso-do-chefe-de-estado-angolano-e-presidente-em-exercicio-da-sadc\/#primaryimage\"},\"thumbnailUrl\":\"https:\/\/jornalfax.net\/wp-content\/uploads\/2024\/02\/4b24a83d-f582-4a24-875f-3ad9a918b2f5.jpg\",\"datePublished\":\"2024-02-02T13:32:00+00:00\",\"dateModified\":\"2024-02-02T13:32:00+00:00\",\"author\":{\"@id\":\"https:\/\/jornalfax.net\/#\/schema\/person\/ea5b5601e259b5e0c03c9cb7908e9ffd\"},\"breadcrumb\":{\"@id\":\"https:\/\/jornalfax.net\/index.php\/2024\/02\/02\/discurso-do-chefe-de-estado-angolano-e-presidente-em-exercicio-da-sadc\/#breadcrumb\"},\"inLanguage\":\"pt-BR\",\"potentialAction\":[{\"@type\":\"ReadAction\",\"target\":[\"https:\/\/jornalfax.net\/index.php\/2024\/02\/02\/discurso-do-chefe-de-estado-angolano-e-presidente-em-exercicio-da-sadc\/\"]}]},{\"@type\":\"ImageObject\",\"inLanguage\":\"pt-BR\",\"@id\":\"https:\/\/jornalfax.net\/index.php\/2024\/02\/02\/discurso-do-chefe-de-estado-angolano-e-presidente-em-exercicio-da-sadc\/#primaryimage\",\"url\":\"https:\/\/jornalfax.net\/wp-content\/uploads\/2024\/02\/4b24a83d-f582-4a24-875f-3ad9a918b2f5.jpg\",\"contentUrl\":\"https:\/\/jornalfax.net\/wp-content\/uploads\/2024\/02\/4b24a83d-f582-4a24-875f-3ad9a918b2f5.jpg\",\"width\":1200,\"height\":672},{\"@type\":\"BreadcrumbList\",\"@id\":\"https:\/\/jornalfax.net\/index.php\/2024\/02\/02\/discurso-do-chefe-de-estado-angolano-e-presidente-em-exercicio-da-sadc\/#breadcrumb\",\"itemListElement\":[{\"@type\":\"ListItem\",\"position\":1,\"name\":\"In\u00edcio\",\"item\":\"https:\/\/jornalfax.net\/\"},{\"@type\":\"ListItem\",\"position\":2,\"name\":\"DISCURSO DO CHEFE DE ESTADO ANGOLANO E PRESIDENTE EM EXERC\u00cdCIO DA SADC\"}]},{\"@type\":\"WebSite\",\"@id\":\"https:\/\/jornalfax.net\/#website\",\"url\":\"https:\/\/jornalfax.net\/\",\"name\":\"\",\"description\":\"\",\"potentialAction\":[{\"@type\":\"SearchAction\",\"target\":{\"@type\":\"EntryPoint\",\"urlTemplate\":\"https:\/\/jornalfax.net\/?s={search_term_string}\"},\"query-input\":{\"@type\":\"PropertyValueSpecification\",\"valueRequired\":true,\"valueName\":\"search_term_string\"}}],\"inLanguage\":\"pt-BR\"},{\"@type\":\"Person\",\"@id\":\"https:\/\/jornalfax.net\/#\/schema\/person\/ea5b5601e259b5e0c03c9cb7908e9ffd\",\"name\":\"jornalfax.net\",\"sameAs\":[\"http:\/\/jornalfax.net\"],\"url\":\"https:\/\/jornalfax.net\/index.php\/author\/jornalfax-net\/\"}]}<\/script>\n<!-- \/ Yoast SEO plugin. -->","yoast_head_json":{"title":"DISCURSO DO CHEFE DE ESTADO ANGOLANO E PRESIDENTE EM EXERC\u00cdCIO DA SADC -","robots":{"index":"index","follow":"follow","max-snippet":"max-snippet:-1","max-image-preview":"max-image-preview:large","max-video-preview":"max-video-preview:-1"},"canonical":"https:\/\/jornalfax.net\/index.php\/2024\/02\/02\/discurso-do-chefe-de-estado-angolano-e-presidente-em-exercicio-da-sadc\/","og_locale":"pt_BR","og_type":"article","og_title":"DISCURSO DO CHEFE DE ESTADO ANGOLANO E PRESIDENTE EM EXERC\u00cdCIO DA SADC -","og_description":"Interven\u00e7\u00e3o do Presidente da Rep\u00fablica de Angola e presidente em exerc\u00edcio da Comunidade de Desenvolvimento da \u00c1frica Austral, Jo\u00e3o Louren\u00e7o, na abertura da Cimeira Extraordin\u00e1ria dos Chefes de Estado e do Governo da SADC, esta sexta-feira (2 de Fevereiro de 2024). JORNAL FAX \u00cdNTEGRA DO DISCURSO DE JO\u00c3O LOUREN\u00c7O, PRESIDENTE DA ANGOLA E PRESIDENTE EM [&hellip;]","og_url":"https:\/\/jornalfax.net\/index.php\/2024\/02\/02\/discurso-do-chefe-de-estado-angolano-e-presidente-em-exercicio-da-sadc\/","article_published_time":"2024-02-02T13:32:00+00:00","og_image":[{"width":1200,"height":672,"url":"http:\/\/jornalfax.net\/wp-content\/uploads\/2024\/02\/4b24a83d-f582-4a24-875f-3ad9a918b2f5.jpg","type":"image\/jpeg"}],"author":"jornalfax.net","twitter_card":"summary_large_image","twitter_misc":{"Escrito por":"jornalfax.net","Est. tempo de leitura":"10 minutos"},"schema":{"@context":"https:\/\/schema.org","@graph":[{"@type":"WebPage","@id":"https:\/\/jornalfax.net\/index.php\/2024\/02\/02\/discurso-do-chefe-de-estado-angolano-e-presidente-em-exercicio-da-sadc\/","url":"https:\/\/jornalfax.net\/index.php\/2024\/02\/02\/discurso-do-chefe-de-estado-angolano-e-presidente-em-exercicio-da-sadc\/","name":"DISCURSO DO CHEFE DE ESTADO ANGOLANO E PRESIDENTE EM EXERC\u00cdCIO DA SADC -","isPartOf":{"@id":"https:\/\/jornalfax.net\/#website"},"primaryImageOfPage":{"@id":"https:\/\/jornalfax.net\/index.php\/2024\/02\/02\/discurso-do-chefe-de-estado-angolano-e-presidente-em-exercicio-da-sadc\/#primaryimage"},"image":{"@id":"https:\/\/jornalfax.net\/index.php\/2024\/02\/02\/discurso-do-chefe-de-estado-angolano-e-presidente-em-exercicio-da-sadc\/#primaryimage"},"thumbnailUrl":"https:\/\/jornalfax.net\/wp-content\/uploads\/2024\/02\/4b24a83d-f582-4a24-875f-3ad9a918b2f5.jpg","datePublished":"2024-02-02T13:32:00+00:00","dateModified":"2024-02-02T13:32:00+00:00","author":{"@id":"https:\/\/jornalfax.net\/#\/schema\/person\/ea5b5601e259b5e0c03c9cb7908e9ffd"},"breadcrumb":{"@id":"https:\/\/jornalfax.net\/index.php\/2024\/02\/02\/discurso-do-chefe-de-estado-angolano-e-presidente-em-exercicio-da-sadc\/#breadcrumb"},"inLanguage":"pt-BR","potentialAction":[{"@type":"ReadAction","target":["https:\/\/jornalfax.net\/index.php\/2024\/02\/02\/discurso-do-chefe-de-estado-angolano-e-presidente-em-exercicio-da-sadc\/"]}]},{"@type":"ImageObject","inLanguage":"pt-BR","@id":"https:\/\/jornalfax.net\/index.php\/2024\/02\/02\/discurso-do-chefe-de-estado-angolano-e-presidente-em-exercicio-da-sadc\/#primaryimage","url":"https:\/\/jornalfax.net\/wp-content\/uploads\/2024\/02\/4b24a83d-f582-4a24-875f-3ad9a918b2f5.jpg","contentUrl":"https:\/\/jornalfax.net\/wp-content\/uploads\/2024\/02\/4b24a83d-f582-4a24-875f-3ad9a918b2f5.jpg","width":1200,"height":672},{"@type":"BreadcrumbList","@id":"https:\/\/jornalfax.net\/index.php\/2024\/02\/02\/discurso-do-chefe-de-estado-angolano-e-presidente-em-exercicio-da-sadc\/#breadcrumb","itemListElement":[{"@type":"ListItem","position":1,"name":"In\u00edcio","item":"https:\/\/jornalfax.net\/"},{"@type":"ListItem","position":2,"name":"DISCURSO DO CHEFE DE ESTADO ANGOLANO E PRESIDENTE EM EXERC\u00cdCIO DA SADC"}]},{"@type":"WebSite","@id":"https:\/\/jornalfax.net\/#website","url":"https:\/\/jornalfax.net\/","name":"","description":"","potentialAction":[{"@type":"SearchAction","target":{"@type":"EntryPoint","urlTemplate":"https:\/\/jornalfax.net\/?s={search_term_string}"},"query-input":{"@type":"PropertyValueSpecification","valueRequired":true,"valueName":"search_term_string"}}],"inLanguage":"pt-BR"},{"@type":"Person","@id":"https:\/\/jornalfax.net\/#\/schema\/person\/ea5b5601e259b5e0c03c9cb7908e9ffd","name":"jornalfax.net","sameAs":["http:\/\/jornalfax.net"],"url":"https:\/\/jornalfax.net\/index.php\/author\/jornalfax-net\/"}]}},"_links":{"self":[{"href":"https:\/\/jornalfax.net\/index.php\/wp-json\/wp\/v2\/posts\/1394","targetHints":{"allow":["GET"]}}],"collection":[{"href":"https:\/\/jornalfax.net\/index.php\/wp-json\/wp\/v2\/posts"}],"about":[{"href":"https:\/\/jornalfax.net\/index.php\/wp-json\/wp\/v2\/types\/post"}],"author":[{"embeddable":true,"href":"https:\/\/jornalfax.net\/index.php\/wp-json\/wp\/v2\/users\/1"}],"replies":[{"embeddable":true,"href":"https:\/\/jornalfax.net\/index.php\/wp-json\/wp\/v2\/comments?post=1394"}],"version-history":[{"count":1,"href":"https:\/\/jornalfax.net\/index.php\/wp-json\/wp\/v2\/posts\/1394\/revisions"}],"predecessor-version":[{"id":1396,"href":"https:\/\/jornalfax.net\/index.php\/wp-json\/wp\/v2\/posts\/1394\/revisions\/1396"}],"wp:featuredmedia":[{"embeddable":true,"href":"https:\/\/jornalfax.net\/index.php\/wp-json\/wp\/v2\/media\/1395"}],"wp:attachment":[{"href":"https:\/\/jornalfax.net\/index.php\/wp-json\/wp\/v2\/media?parent=1394"}],"wp:term":[{"taxonomy":"category","embeddable":true,"href":"https:\/\/jornalfax.net\/index.php\/wp-json\/wp\/v2\/categories?post=1394"},{"taxonomy":"post_tag","embeddable":true,"href":"https:\/\/jornalfax.net\/index.php\/wp-json\/wp\/v2\/tags?post=1394"}],"curies":[{"name":"wp","href":"https:\/\/api.w.org\/{rel}","templated":true}]}}